{"id":79976,"date":"2018-08-17T19:00:59","date_gmt":"2018-08-17T22:00:59","guid":{"rendered":"http:\/\/www.hoymercedes.com.ar\/principal\/?p=79976"},"modified":"2018-08-17T18:37:10","modified_gmt":"2018-08-17T21:37:10","slug":"musica-y-baile-en-el-anexo-femenino-de-la-unidad-5","status":"publish","type":"post","link":"https:\/\/www.hoymercedes.com.ar\/principal\/2018\/08\/17\/musica-y-baile-en-el-anexo-femenino-de-la-unidad-5\/","title":{"rendered":"M\u00fasica y baile en el Anexo Femenino de la Unidad 5"},"content":{"rendered":"<p>Las internas del Anexo femenino de la Unidad N\u00ba 5, recibieron varias clases de Zumba, a cargo de la reconocida profesora de la ciudad,\u00a0Andrea Mendez, quien de manera desinteresada ingreso para dictarlas.<\/p>\n<p>El baile y la m\u00fasica siempre les gusta y las motiva, y con esta posibilidad, que una persona con mucha experiencia y muy buena\u00a0 predisposici\u00f3n les diera las clases, se logr\u00f3 una muy buena participaci\u00f3n e integraci\u00f3n .<\/p>\n<p>Esta invitaci\u00f3n Andrea Mendez fue realizada en el marco de un\u00a0\u00a0 Torneo Internunidades\u00a0 denominado \u201cIgual Bailamos\u201d organizado por la Direcci\u00f3n General de Asistencia y Tratamiento, Departamento Deportes, de la Jefatura del Servicio Penitenciario Bonaerense, y en la Unidad llevado adelante por los docentes de Educaci\u00f3n F\u00edsica, Ramiro C\u00e1rdenas, Diego Moles y Mart\u00edn Borsalino.<\/p>\n<p>El mismo consisti\u00f3 en hacer una coreograf\u00eda de baile corta, y realizar un video para ser enviado a los organizadores, y entre todos los profesores de las Unidades Penitenciarias se vote al mejor grupo.<\/p>\n<p>En la Unidad 5, se hicieron varias clases donde practicaron, ya que no tienen de manera habitual baile, y para la fecha de participaci\u00f3n confeccionaron una bandera y trajes decorativos.<\/p>\n<p>Desde la Direcci\u00f3n de la Unidad agradecen a la profesora Andrea Mendez, por su colaboraci\u00f3n y por su tiempo, siendo este tipo de tareas las que ayudan a la mejora de la vida cotidiana de las internas y favorecen la convivencia.<\/p>\n<p>&nbsp;<\/p>\n<p>Fuente: Prensa U 5<\/p>\n<p><img loading=\"lazy\" decoding=\"async\" data-attachment-id=\"79977\" data-permalink=\"https:\/\/www.hoymercedes.com.ar\/principal\/2018\/08\/17\/musica-y-baile-en-el-anexo-femenino-de-la-unidad-5\/17-baile-carcel\/#main\" data-orig-file=\"https:\/\/www.hoymercedes.com.ar\/principal\/wp-content\/uploads\/2018\/08\/17-baile-carcel.jpg\" data-orig-size=\"750,499\" data-comments-opened=\"0\" data-image-meta=\"{&quot;aperture&quot;:&quot;0&quot;,&quot;credit&quot;:&quot;&quot;,&quot;camera&quot;:&quot;&quot;,&quot;caption&quot;:&quot;&quot;,&quot;created_timestamp&quot;:&quot;0&quot;,&quot;copyright&quot;:&quot;&quot;,&quot;focal_length&quot;:&quot;0&quot;,&quot;iso&quot;:&quot;0&quot;,&quot;shutter_speed&quot;:&quot;0&quot;,&quot;title&quot;:&quot;&quot;,&quot;orientation&quot;:&quot;0&quot;}\" data-image-title=\"17 baile carcel\" data-image-description=\"\" data-image-caption=\"\" data-large-file=\"https:\/\/www.hoymercedes.com.ar\/principal\/wp-content\/uploads\/2018\/08\/17-baile-carcel.jpg\" class=\"aligncenter size-medium wp-image-79977\" src=\"https:\/\/www.hoymercedes.com.ar\/principal\/wp-content\/uploads\/2018\/08\/17-baile-carcel-630x419.jpg\" alt=\"\" width=\"630\" height=\"419\" srcset=\"https:\/\/www.hoymercedes.com.ar\/principal\/wp-content\/uploads\/2018\/08\/17-baile-carcel-630x419.jpg 630w, https:\/\/www.hoymercedes.com.ar\/principal\/wp-content\/uploads\/2018\/08\/17-baile-carcel-150x100.jpg 150w, https:\/\/www.hoymercedes.com.ar\/principal\/wp-content\/uploads\/2018\/08\/17-baile-carcel.jpg 750w\" sizes=\"auto, (max-width: 630px) 100vw, 630px\" \/><\/p>\n","protected":false},"excerpt":{"rendered":"<p>Las internas del Anexo femenino de la Unidad N\u00ba 5, recibieron varias clases de Zumba, a cargo de la reconocida &#8230; <a title=\"M\u00fasica y baile en el Anexo Femenino de la Unidad 5\" class=\"read-more\" href=\"https:\/\/www.hoymercedes.com.ar\/principal\/2018\/08\/17\/musica-y-baile-en-el-anexo-femenino-de-la-unidad-5\/\" aria-label=\"Leer m\u00e1s sobre M\u00fasica y baile en el Anexo Femenino de la Unidad 5\">Leer m\u00e1s<\/a><\/p>\n","protected":false},"author":1,"featured_media":79977,"comment_status":"closed","ping_status":"open","sticky":false,"template":"","format":"standard","meta":{"_monsterinsights_skip_tracking":false,"_monsterinsights_sitenote_active":false,"_monsterinsights_sitenote_note":"","_monsterinsights_sitenote_category":0,"jetpack_post_was_ever_published":false,"_jetpack_newsletter_access":"","_jetpack_dont_email_post_to_subs":false,"_jetpack_newsletter_tier_id":0,"_jetpack_memberships_contains_paywalled_content":false,"_jetpack_memberships_contains_paid_content":false,"footnotes":"","jetpack_publicize_message":"","jetpack_publicize_feature_enabled":true,"jetpack_social_post_already_shared":true,"jetpack_social_options":{"image_generator_settings":{"template":"highway","default_image_id":0,"font":"","enabled":false},"version":2},"_wpas_customize_per_network":false},"categories":[8],"tags":[9124,10247,1011,113],"class_list":["post-79976","post","type-post","status-publish","format-standard","has-post-thumbnail","hentry","category-sociedad","tag-anexo-femenino","tag-baile","tag-carcel","tag-unidad-5","generate-columns","tablet-grid-50","mobile-grid-100","grid-parent","grid-50"],"jetpack_publicize_connections":[],"jetpack_featured_media_url":"https:\/\/www.hoymercedes.com.ar\/principal\/wp-content\/uploads\/2018\/08\/17-baile-carcel.jpg","wps_subtitle":"","jetpack_sharing_enabled":true,"jetpack-related-posts":[{"id":82815,"url":"https:\/\/www.hoymercedes.com.ar\/principal\/2018\/10\/21\/celebracion-del-dia-de-la-madre-en-el-anexo-femenino-del-penal\/","url_meta":{"origin":79976,"position":0},"title":"Celebraci\u00f3n del D\u00eda de la Madre en el Anexo Femenino del penal","author":"hoymercedes","date":"21 octubre, 2018","format":false,"excerpt":"El viernes a la tarde las internas del Anexo Femenino de la Unidad Penitenciaria N\u00b0 5 de Mercedes anticiparon la celebraci\u00f3n por el d\u00eda de la madre con m\u00fasica y baile.\u00a0Mat\u00edas Navarro realiz\u00f3 un show de m\u00e1s de una hora, interactuando con las internas, bailando y cantando gran variedad de\u2026","rel":"","context":"En \u00abSociedad\u00bb","block_context":{"text":"Sociedad","link":"https:\/\/www.hoymercedes.com.ar\/principal\/category\/sociedad\/"},"img":{"alt_text":"","src":"https:\/\/i0.wp.com\/www.hoymercedes.com.ar\/principal\/wp-content\/uploads\/2018\/10\/21-carcel-madres.jpg?resize=350%2C200&ssl=1","width":350,"height":200,"srcset":"https:\/\/i0.wp.com\/www.hoymercedes.com.ar\/principal\/wp-content\/uploads\/2018\/10\/21-carcel-madres.jpg?resize=350%2C200&ssl=1 1x, https:\/\/i0.wp.com\/www.hoymercedes.com.ar\/principal\/wp-content\/uploads\/2018\/10\/21-carcel-madres.jpg?resize=525%2C300&ssl=1 1.5x, https:\/\/i0.wp.com\/www.hoymercedes.com.ar\/principal\/wp-content\/uploads\/2018\/10\/21-carcel-madres.jpg?resize=700%2C400&ssl=1 2x"},"classes":[]},{"id":59272,"url":"https:\/\/www.hoymercedes.com.ar\/principal\/2017\/01\/27\/clases-de-gimnasia-aerobica-y-baile-para-las-internas\/","url_meta":{"origin":79976,"position":1},"title":"Clases de gimnasia aer\u00f3bica y baile para las internas","author":"hoymercedes","date":"27 enero, 2017","format":false,"excerpt":"D\u00edas pasados, se acerc\u00f3 hasta la Unidad Penitenciaria N\u00ba 5 de Mercede, la Profesora Daniela Libares, quien propuso \"un poco de baile, movimiento y alegr\u00eda a las mujeres detenidas en el Anexo femenino\" de la c\u00e1rcel local. Con entusiasmo empez\u00f3 la clase bien temprano a la ma\u00f1ana, luego de las\u2026","rel":"","context":"En \u00abDeportes\u00bb","block_context":{"text":"Deportes","link":"https:\/\/www.hoymercedes.com.ar\/principal\/category\/deportes\/"},"img":{"alt_text":"","src":"https:\/\/i0.wp.com\/www.hoymercedes.com.ar\/principal\/wp-content\/uploads\/2017\/01\/27-gimnasia-carcel.jpg?resize=350%2C200&ssl=1","width":350,"height":200,"srcset":"https:\/\/i0.wp.com\/www.hoymercedes.com.ar\/principal\/wp-content\/uploads\/2017\/01\/27-gimnasia-carcel.jpg?resize=350%2C200&ssl=1 1x, https:\/\/i0.wp.com\/www.hoymercedes.com.ar\/principal\/wp-content\/uploads\/2017\/01\/27-gimnasia-carcel.jpg?resize=525%2C300&ssl=1 1.5x"},"classes":[]},{"id":71165,"url":"https:\/\/www.hoymercedes.com.ar\/principal\/2017\/12\/27\/taller-de-decoupage-en-el-anexo-femenino-en-la-unidad-5\/","url_meta":{"origin":79976,"position":2},"title":"Taller de Decoupage en el Anexo Femenino en la Unidad 5","author":"hoymercedes","date":"27 diciembre, 2017","format":false,"excerpt":"Las internas alojadas en el Anexo femenino de la Unidad Penitenciaria N\u00b0 5 de Mercedes, realizaron un taller de decoupage, entre los meses de octubre a diciembre, a cargo de la\u00a0Psic\u00f3loga\u00a0Social\u00a0Lilian Strumerio, la cual comenz\u00f3 con la tesis para su carrera y luego continuo con \u00e9sta actividad. En las diferentes\u2026","rel":"","context":"En \u00abSociedad\u00bb","block_context":{"text":"Sociedad","link":"https:\/\/www.hoymercedes.com.ar\/principal\/category\/sociedad\/"},"img":{"alt_text":"","src":"https:\/\/i0.wp.com\/www.hoymercedes.com.ar\/principal\/wp-content\/uploads\/2017\/12\/27-carcel-anexo.jpg?resize=350%2C200&ssl=1","width":350,"height":200,"srcset":"https:\/\/i0.wp.com\/www.hoymercedes.com.ar\/principal\/wp-content\/uploads\/2017\/12\/27-carcel-anexo.jpg?resize=350%2C200&ssl=1 1x, https:\/\/i0.wp.com\/www.hoymercedes.com.ar\/principal\/wp-content\/uploads\/2017\/12\/27-carcel-anexo.jpg?resize=525%2C300&ssl=1 1.5x, https:\/\/i0.wp.com\/www.hoymercedes.com.ar\/principal\/wp-content\/uploads\/2017\/12\/27-carcel-anexo.jpg?resize=700%2C400&ssl=1 2x"},"classes":[]},{"id":66196,"url":"https:\/\/www.hoymercedes.com.ar\/principal\/2017\/08\/19\/taller-de-tejido-en-el-anexo-femenino-de-la-unidad-n-5\/","url_meta":{"origin":79976,"position":3},"title":"Taller de tejido en el anexo femenino de la Unidad N\u00b0 5","author":"hoymercedes","date":"19 agosto, 2017","format":false,"excerpt":"A finales del mes de mayo, comenzaron las clases de tejido, para las internas del Anexo femenino a cargo de la profesora\u00a0Gabriela Blanco,\u00a0que viene dos veces por semana a ense\u00f1ar de manera desinteresada.\u00a0Los lunes y mi\u00e9rcoles se encuentran durante dos horas, las 13 alumnas que se inscribieron para recibir las\u2026","rel":"","context":"En \u00abSociedad\u00bb","block_context":{"text":"Sociedad","link":"https:\/\/www.hoymercedes.com.ar\/principal\/category\/sociedad\/"},"img":{"alt_text":"","src":"https:\/\/i0.wp.com\/www.hoymercedes.com.ar\/principal\/wp-content\/uploads\/2017\/08\/19-tejido-carcel-1.jpg?resize=350%2C200&ssl=1","width":350,"height":200,"srcset":"https:\/\/i0.wp.com\/www.hoymercedes.com.ar\/principal\/wp-content\/uploads\/2017\/08\/19-tejido-carcel-1.jpg?resize=350%2C200&ssl=1 1x, https:\/\/i0.wp.com\/www.hoymercedes.com.ar\/principal\/wp-content\/uploads\/2017\/08\/19-tejido-carcel-1.jpg?resize=525%2C300&ssl=1 1.5x"},"classes":[]},{"id":98877,"url":"https:\/\/www.hoymercedes.com.ar\/principal\/2019\/08\/26\/zumba-para-las-internas-de-la-unidad-5\/","url_meta":{"origin":79976,"position":4},"title":"Zumba para las internas de la Unidad 5","author":"hoymercedes","date":"26 agosto, 2019","format":false,"excerpt":"Con gran participaci\u00f3n y entusiasmo las internas del Anexo femenino de la Unidad N\u00ba 5, practican Zumba dos veces por semana, desde el mes de junio, a cargo de la instructora Nadia Julieta Pilia, que de manera desinteresada se ofreci\u00f3 para colaborar. Cada lunes y mi\u00e9rcoles, se preparan y esperan\u2026","rel":"","context":"En \u00abSociedad\u00bb","block_context":{"text":"Sociedad","link":"https:\/\/www.hoymercedes.com.ar\/principal\/category\/sociedad\/"},"img":{"alt_text":"","src":"https:\/\/i0.wp.com\/www.hoymercedes.com.ar\/principal\/wp-content\/uploads\/2019\/08\/26-zumba-carcel.jpg?resize=350%2C200&ssl=1","width":350,"height":200,"srcset":"https:\/\/i0.wp.com\/www.hoymercedes.com.ar\/principal\/wp-content\/uploads\/2019\/08\/26-zumba-carcel.jpg?resize=350%2C200&ssl=1 1x, https:\/\/i0.wp.com\/www.hoymercedes.com.ar\/principal\/wp-content\/uploads\/2019\/08\/26-zumba-carcel.jpg?resize=525%2C300&ssl=1 1.5x, https:\/\/i0.wp.com\/www.hoymercedes.com.ar\/principal\/wp-content\/uploads\/2019\/08\/26-zumba-carcel.jpg?resize=700%2C400&ssl=1 2x"},"classes":[]},{"id":125946,"url":"https:\/\/www.hoymercedes.com.ar\/principal\/2021\/03\/08\/entregan-mas-evacopas-en-el-anexo-femenino-de-la-unidad-5\/","url_meta":{"origin":79976,"position":5},"title":"Entregan m\u00e1s evacopas en el Anexo Femenino de la Unidad 5","author":"hoymercedes","date":"8 marzo, 2021","format":false,"excerpt":"En el marco del D\u00eda Internacional de la Mujer, All Boys Solidario y Laboratorios Elea entreg\u00f3 un n\u00famero mayor de su producto Evacopa para el anexo femenino de la Unidad Penitenciaria N\u00b0 5 de Mercedes. Su director Horacio Maldonado, junto a los jefes del complejo Penitenciar\u00edo Ricardo M\u00e9ndez y Amorina\u2026","rel":"","context":"En \u00abSociedad\u00bb","block_context":{"text":"Sociedad","link":"https:\/\/www.hoymercedes.com.ar\/principal\/category\/sociedad\/"},"img":{"alt_text":"","src":"https:\/\/i0.wp.com\/www.hoymercedes.com.ar\/principal\/wp-content\/uploads\/2021\/03\/WhatsApp-Image-2021-03-08-at-13.11.47.jpeg?resize=350%2C200&ssl=1","width":350,"height":200,"srcset":"https:\/\/i0.wp.com\/www.hoymercedes.com.ar\/principal\/wp-content\/uploads\/2021\/03\/WhatsApp-Image-2021-03-08-at-13.11.47.jpeg?resize=350%2C200&ssl=1 1x, https:\/\/i0.wp.com\/www.hoymercedes.com.ar\/principal\/wp-content\/uploads\/2021\/03\/WhatsApp-Image-2021-03-08-at-13.11.47.jpeg?resize=525%2C300&ssl=1 1.5x, https:\/\/i0.wp.com\/www.hoymercedes.com.ar\/principal\/wp-content\/uploads\/2021\/03\/WhatsApp-Image-2021-03-08-at-13.11.47.jpeg?resize=700%2C400&ssl=1 2x"},"classes":[]}],"_links":{"self":[{"href":"https:\/\/www.hoymercedes.com.ar\/principal\/wp-json\/wp\/v2\/posts\/79976","targetHints":{"allow":["GET"]}}],"collection":[{"href":"https:\/\/www.hoymercedes.com.ar\/principal\/wp-json\/wp\/v2\/posts"}],"about":[{"href":"https:\/\/www.hoymercedes.com.ar\/principal\/wp-json\/wp\/v2\/types\/post"}],"author":[{"embeddable":true,"href":"https:\/\/www.hoymercedes.com.ar\/principal\/wp-json\/wp\/v2\/users\/1"}],"replies":[{"embeddable":true,"href":"https:\/\/www.hoymercedes.com.ar\/principal\/wp-json\/wp\/v2\/comments?post=79976"}],"version-history":[{"count":0,"href":"https:\/\/www.hoymercedes.com.ar\/principal\/wp-json\/wp\/v2\/posts\/79976\/revisions"}],"wp:featuredmedia":[{"embeddable":true,"href":"https:\/\/www.hoymercedes.com.ar\/principal\/wp-json\/wp\/v2\/media\/79977"}],"wp:attachment":[{"href":"https:\/\/www.hoymercedes.com.ar\/principal\/wp-json\/wp\/v2\/media?parent=79976"}],"wp:term":[{"taxonomy":"category","embeddable":true,"href":"https:\/\/www.hoymercedes.com.ar\/principal\/wp-json\/wp\/v2\/categories?post=79976"},{"taxonomy":"post_tag","embeddable":true,"href":"https:\/\/www.hoymercedes.com.ar\/principal\/wp-json\/wp\/v2\/tags?post=79976"}],"curies":[{"name":"wp","href":"https:\/\/api.w.org\/{rel}","templated":true}]}}