{"id":79979,"date":"2018-08-17T19:40:04","date_gmt":"2018-08-17T22:40:04","guid":{"rendered":"http:\/\/www.hoymercedes.com.ar\/principal\/?p=79979"},"modified":"2018-08-17T18:45:54","modified_gmt":"2018-08-17T21:45:54","slug":"municipio-firmo-convenio-con-uca-y-conicet-de-rosario","status":"publish","type":"post","link":"https:\/\/www.hoymercedes.com.ar\/principal\/2018\/08\/17\/municipio-firmo-convenio-con-uca-y-conicet-de-rosario\/","title":{"rendered":"Municipio firm\u00f3 convenio con UCA y CONICET de Rosario"},"content":{"rendered":"<p>El Municipio de Mercedes contin\u00faa trabajando en el mejoramiento del medio ambiente de nuestra ciudad y avanzando en el Vivero Municipal. En esta ocasi\u00f3n, a trav\u00e9s de la Direcci\u00f3n de Espacios Verdes, firm\u00f3 un convenio con la Universidad Cat\u00f3lica y el Conicet Rosario para realizar trabajos de investigaci\u00f3n para la eliminaci\u00f3n de contaminantes del ambiente. Se trabajar\u00e1 en distintos espacios de la ciudad.<\/p>\n<p><img loading=\"lazy\" decoding=\"async\" data-attachment-id=\"79980\" data-permalink=\"https:\/\/www.hoymercedes.com.ar\/principal\/2018\/08\/17\/municipio-firmo-convenio-con-uca-y-conicet-de-rosario\/17-uca-conicet\/#main\" data-orig-file=\"https:\/\/www.hoymercedes.com.ar\/principal\/wp-content\/uploads\/2018\/08\/17-uca.conicet.jpg\" data-orig-size=\"750,421\" data-comments-opened=\"0\" data-image-meta=\"{&quot;aperture&quot;:&quot;0&quot;,&quot;credit&quot;:&quot;&quot;,&quot;camera&quot;:&quot;&quot;,&quot;caption&quot;:&quot;&quot;,&quot;created_timestamp&quot;:&quot;0&quot;,&quot;copyright&quot;:&quot;&quot;,&quot;focal_length&quot;:&quot;0&quot;,&quot;iso&quot;:&quot;0&quot;,&quot;shutter_speed&quot;:&quot;0&quot;,&quot;title&quot;:&quot;&quot;,&quot;orientation&quot;:&quot;0&quot;}\" data-image-title=\"17 uca.conicet\" data-image-description=\"\" data-image-caption=\"\" data-large-file=\"https:\/\/www.hoymercedes.com.ar\/principal\/wp-content\/uploads\/2018\/08\/17-uca.conicet.jpg\" class=\"aligncenter size-medium wp-image-79980\" src=\"https:\/\/www.hoymercedes.com.ar\/principal\/wp-content\/uploads\/2018\/08\/17-uca.conicet-630x354.jpg\" alt=\"\" width=\"630\" height=\"354\" srcset=\"https:\/\/www.hoymercedes.com.ar\/principal\/wp-content\/uploads\/2018\/08\/17-uca.conicet-630x354.jpg 630w, https:\/\/www.hoymercedes.com.ar\/principal\/wp-content\/uploads\/2018\/08\/17-uca.conicet-150x84.jpg 150w, https:\/\/www.hoymercedes.com.ar\/principal\/wp-content\/uploads\/2018\/08\/17-uca.conicet.jpg 750w\" sizes=\"auto, (max-width: 630px) 100vw, 630px\" \/><\/p>\n<p>\u201cLa verdad que estamos muy contentos con este acuerdo que nos da un marco y proyecci\u00f3n muy grande como Municipio. Nosotros creemos mucho en la articulaci\u00f3n entre el Estado, las universidades, el Conicet y todas aquellas instituciones que generen conocimientos cient\u00edficos, los cuales pueden ser aplicados para mejorar la calidad de vida de los ciudadanos\u201d defini\u00f3 el intendente municipal, Juan Ignacio Ustarroz.<\/p>\n<p>En ese sentido, el jefe comunal, remarc\u00f3 \u201cla intervenci\u00f3n de quienes fueron los hacedores de este proyecto, la familia Parra\u201d e inform\u00f3 \u201cla ciudad ya contaba con un laboratorio, entonces por medio de Leonardo Belforte, la direcci\u00f3n de Espacios Verdes y el departamento de Medio Ambiente comenzamos a pensar y proyectar una ciudad verde y sustentable. Para eso tenemos que ir dando estos pasos\u201d.<\/p>\n<p>Por otro lado, el Dr. Ustarroz a\u00f1adi\u00f3 \u201ctenemos que pensar todo lo que tiene que ver con la bio remediaci\u00f3n del medio ambiente, todos sabemos que tenemos una cuenca -del R\u00edo Luj\u00e1n- que atraviesa la ciudad y est\u00e1 contaminada. De esta forma, vamos a tener m\u00e1s herramientas para poder trabajar en la bio remediaci\u00f3n, saneamiento, de diferentes zonas de la ciudad que mejoren la calidad de vida de todos\u201d.<\/p>\n<p>Adem\u00e1s, el intendente Ustarroz, dijo \u201ccreemos que esta es la forma en la que debemos trabajar, con especialistas en el tema, le agradecemos a los investigadores que han venido a nuestra ciudad desde Rosario y que se han tomado el trabajo para despu\u00e9s validar esta investigaci\u00f3n en t\u00e9rminos cient\u00edficos y generar una publicaci\u00f3n. Incluso con la UCA (Universidad Cat\u00f3lica Argentina) quienes pondr\u00e1n a disposici\u00f3n el laboratorio para poder realizar este trabajo de articulaci\u00f3n entre Municipio y Conicet\u201d.<\/p>\n<p>Leonardo Belforte, qui\u00e9n est\u00e1 a cargo de la direcci\u00f3n de Espacios Verdes, expuso \u201cestamos muy contentos de ir avanzando en diferentes proyectos con una instituci\u00f3n tan prestigiosa como lo es el Conicet\u201d.<\/p>\n<p>Asimismo, expres\u00f3 \u201cnos da mucha alegr\u00eda poder firmar el convenio con el Conicet Rosario para poder trabajar conjuntamente\u201d y agreg\u00f3 \u201ca partir de este impulso se podr\u00e1 ir avanzando en diferentes proyectos\u201d.<\/p>\n<p>El Director de Espacios Verdes, Belforte, remarc\u00f3 el valor del \u201ctrabajo pensando a futuro\u201d y de manera \u201csustentable\u201d con un basamento te\u00f3rico y acad\u00e9mico importante. Vale recordar que tiempo atr\u00e1s viaj\u00f3 a Rosario para concretar los detalles de este acuerdo.<\/p>\n<p>Por su parte, Joaqu\u00edn Parra, coment\u00f3 que \u201cVamos a trabajar con el vivero biotecnol\u00f3gico Municipal, vamos a estar aportando todo el material vegetal, las plantas llamadas vetiveria para la fitoremediaci\u00f3n del ambiente\u201d y lo que se buscar\u00e1 es \u201cgenerar conocimiento que ser\u00e1 aplicado en nuestro municipio y que se tratar\u00e1 de expandirlo a la cuenca del R\u00edo Luj\u00e1n\u201d.<\/p>\n<p>La fitorremediaci\u00f3n es un conjunto de tecnolog\u00edas que utilizan las plantas para reducir, degradar o inmovilizar compuestos org\u00e1nicos contaminantes (naturales o sint\u00e9ticos), de la tierra, del agua o del aire y que provienen de las actividades humanas. Esta t\u00e9cnica tambi\u00e9n puede tratar la contaminaci\u00f3n por compuestos inorg\u00e1nicos (metales pesados o radiois\u00f3topos).<\/p>\n<p>Al ser consultado, Leonardo P\u00e9rez, uno de los integrantes del Conicet, detall\u00f3 \u201cnosotros nos comprometemos a llevar adelante toda la investigaci\u00f3n cient\u00edfica, poniendo el recurso humano -grupo de investigaci\u00f3n- que trabajamos en Biotecnolog\u00eda en materiales y medio ambiente\u201d y a\u00f1adi\u00f3 \u201cde esa manera poder aportar, a trav\u00e9s de resultados experimentales, tratar de eliminar contaminantes del ambiente, tanto en matrices acuosas y suelos\u201d.<\/p>\n<p>Conjuntamente, P\u00e9rez, inform\u00f3 de los beneficios que traer\u00e1 esta nueva planta, P\u00e9rez expres\u00f3 \u201cla idea es poder hacer saneamiento de algunos ambientes que est\u00e9n impactados con ciertos contaminantes o utilizar esta planta para el dise\u00f1o de tratamientos para poder hacer un pre-tratamiento de los afluentes industriales antes de que lleguen a los cursos naturales de agua, y de esa manera evitar la contaminaci\u00f3n\u201d.<\/p>\n<p>Fuente: Prensa Municipal<\/p>\n","protected":false},"excerpt":{"rendered":"<p>El Municipio de Mercedes contin\u00faa trabajando en el mejoramiento del medio ambiente de nuestra ciudad y avanzando en el Vivero &#8230; <a title=\"Municipio firm\u00f3 convenio con UCA y CONICET de Rosario\" class=\"read-more\" href=\"https:\/\/www.hoymercedes.com.ar\/principal\/2018\/08\/17\/municipio-firmo-convenio-con-uca-y-conicet-de-rosario\/\" aria-label=\"Leer m\u00e1s sobre Municipio firm\u00f3 convenio con UCA y CONICET de Rosario\">Leer m\u00e1s<\/a><\/p>\n","protected":false},"author":1,"featured_media":79980,"comment_status":"closed","ping_status":"open","sticky":false,"template":"","format":"standard","meta":{"_monsterinsights_skip_tracking":false,"_monsterinsights_sitenote_active":false,"_monsterinsights_sitenote_note":"","_monsterinsights_sitenote_category":0,"jetpack_post_was_ever_published":false,"_jetpack_newsletter_access":"","_jetpack_dont_email_post_to_subs":false,"_jetpack_newsletter_tier_id":0,"_jetpack_memberships_contains_paywalled_content":false,"_jetpack_memberships_contains_paid_content":false,"footnotes":"","jetpack_publicize_message":"","jetpack_publicize_feature_enabled":true,"jetpack_social_post_already_shared":true,"jetpack_social_options":{"image_generator_settings":{"template":"highway","default_image_id":0,"font":"","enabled":false},"version":2},"_wpas_customize_per_network":false},"categories":[30],"tags":[6268,9504,244,13617],"class_list":["post-79979","post","type-post","status-publish","format-standard","has-post-thumbnail","hentry","category-municipio","tag-conicet","tag-convenio","tag-municipio-2","tag-uca","generate-columns","tablet-grid-50","mobile-grid-100","grid-parent","grid-50"],"jetpack_publicize_connections":[],"jetpack_featured_media_url":"https:\/\/www.hoymercedes.com.ar\/principal\/wp-content\/uploads\/2018\/08\/17-uca.conicet.jpg","wps_subtitle":"Espacios Verdes","jetpack_sharing_enabled":true,"jetpack-related-posts":[{"id":143800,"url":"https:\/\/www.hoymercedes.com.ar\/principal\/2022\/02\/10\/ministro-filmus-e-intendente-ustarroz-firman-convenio-para-investigacion-y-desarrollo-cientifico\/","url_meta":{"origin":79979,"position":0},"title":"Ministro Filmus e intendente Ustarroz firman convenio para investigaci\u00f3n y desarrollo cient\u00edfico","author":"hoymercedes","date":"10 febrero, 2022","format":false,"excerpt":"mu El intendente Dr. Juan I. Ustarroz firm\u00f3 un importante convenio con el Ministerio de Ciencia y Tecnolog\u00eda de la Naci\u00f3n a trav\u00e9s de su ministro Daniel Filmus. La reuni\u00f3n permiti\u00f3 avanzar adem\u00e1s en materia de temas educativos, investigativos y de desarrollo cient\u00edfico en la ciudad y el Polo que\u2026","rel":"","context":"En \u00abMunicipio\u00bb","block_context":{"text":"Municipio","link":"https:\/\/www.hoymercedes.com.ar\/principal\/category\/municipio\/"},"img":{"alt_text":"","src":"https:\/\/i0.wp.com\/www.hoymercedes.com.ar\/principal\/wp-content\/uploads\/2022\/02\/DSC03251.jpg?resize=350%2C200&ssl=1","width":350,"height":200,"srcset":"https:\/\/i0.wp.com\/www.hoymercedes.com.ar\/principal\/wp-content\/uploads\/2022\/02\/DSC03251.jpg?resize=350%2C200&ssl=1 1x, https:\/\/i0.wp.com\/www.hoymercedes.com.ar\/principal\/wp-content\/uploads\/2022\/02\/DSC03251.jpg?resize=525%2C300&ssl=1 1.5x, https:\/\/i0.wp.com\/www.hoymercedes.com.ar\/principal\/wp-content\/uploads\/2022\/02\/DSC03251.jpg?resize=700%2C400&ssl=1 2x"},"classes":[]},{"id":94781,"url":"https:\/\/www.hoymercedes.com.ar\/principal\/2019\/06\/09\/proyectan-convenio-con-exactas-de-la-uba\/","url_meta":{"origin":79979,"position":1},"title":"Proyectan convenio con Exactas de la UBA","author":"hoymercedes","date":"9 junio, 2019","format":false,"excerpt":"El jefe comunal de Mercedes Juan Ignacio Ustarroz, se reuni\u00f3 con el decano de la Facultad de Ciencias Exactas de la Universidad de Buenos Aires en un encuentro en pos de ampliar los v\u00ednculos institucionales y seguir profundizando el programa \u201cConstruir Futuro\u201d y mejoras en \u201cgesti\u00f3n en tiempo real\u201d que\u2026","rel":"","context":"En \u00abMunicipio\u00bb","block_context":{"text":"Municipio","link":"https:\/\/www.hoymercedes.com.ar\/principal\/category\/municipio\/"},"img":{"alt_text":"","src":"https:\/\/i0.wp.com\/www.hoymercedes.com.ar\/principal\/wp-content\/uploads\/2019\/06\/09-Exactas-Municipio-2.jpeg?resize=350%2C200&ssl=1","width":350,"height":200,"srcset":"https:\/\/i0.wp.com\/www.hoymercedes.com.ar\/principal\/wp-content\/uploads\/2019\/06\/09-Exactas-Municipio-2.jpeg?resize=350%2C200&ssl=1 1x, https:\/\/i0.wp.com\/www.hoymercedes.com.ar\/principal\/wp-content\/uploads\/2019\/06\/09-Exactas-Municipio-2.jpeg?resize=525%2C300&ssl=1 1.5x, https:\/\/i0.wp.com\/www.hoymercedes.com.ar\/principal\/wp-content\/uploads\/2019\/06\/09-Exactas-Municipio-2.jpeg?resize=700%2C400&ssl=1 2x"},"classes":[]},{"id":92638,"url":"https:\/\/www.hoymercedes.com.ar\/principal\/2019\/05\/09\/%ef%bb%bfel-vivero-biotecnologico-avanza-en-su-produccion-vegetal\/","url_meta":{"origin":79979,"position":2},"title":"\ufeffEl Vivero Biotecnol\u00f3gico avanza en su producci\u00f3n vegetal","author":"hoymercedes","date":"9 mayo, 2019","format":false,"excerpt":"El intendente Ustarroz encabez\u00f3 una recorrida por el Vivero Biotecnol\u00f3gico Municipal donde se genera producci\u00f3n vegetal que tiene como objetivo forestar la ciudad, embellecer el espacio p\u00fablico y cuidar el ambiente con ciertas especies que se producen en el laboratorio dedicado al tema. Vale recordar que para ello tiempo atr\u00e1s\u2026","rel":"","context":"En \u00abMunicipio\u00bb","block_context":{"text":"Municipio","link":"https:\/\/www.hoymercedes.com.ar\/principal\/category\/municipio\/"},"img":{"alt_text":"","src":"https:\/\/i0.wp.com\/www.hoymercedes.com.ar\/principal\/wp-content\/uploads\/2019\/05\/vivierobiotecnologicoDSC_0054.jpg?resize=350%2C200&ssl=1","width":350,"height":200,"srcset":"https:\/\/i0.wp.com\/www.hoymercedes.com.ar\/principal\/wp-content\/uploads\/2019\/05\/vivierobiotecnologicoDSC_0054.jpg?resize=350%2C200&ssl=1 1x, https:\/\/i0.wp.com\/www.hoymercedes.com.ar\/principal\/wp-content\/uploads\/2019\/05\/vivierobiotecnologicoDSC_0054.jpg?resize=525%2C300&ssl=1 1.5x, https:\/\/i0.wp.com\/www.hoymercedes.com.ar\/principal\/wp-content\/uploads\/2019\/05\/vivierobiotecnologicoDSC_0054.jpg?resize=700%2C400&ssl=1 2x, https:\/\/i0.wp.com\/www.hoymercedes.com.ar\/principal\/wp-content\/uploads\/2019\/05\/vivierobiotecnologicoDSC_0054.jpg?resize=1050%2C600&ssl=1 3x"},"classes":[]},{"id":137437,"url":"https:\/\/www.hoymercedes.com.ar\/principal\/2021\/09\/18\/convenio-entre-el-municipio-y-el-instituto-nacional-de-semillas\/","url_meta":{"origin":79979,"position":3},"title":"Convenio entre el Municipio y el Instituto Nacional de Semillas","author":"hoymercedes","date":"18 septiembre, 2021","format":false,"excerpt":"El Municipio de Mercedes firm\u00f3 un convenio con INaSe -Instituto Nacional de Semillas- a trav\u00e9s del cual, se abrir\u00e1 una oficina regional de esta entidad para trabajar en conjunto con profesionales acordes a esta tarea, lo que ser\u00e1 un avance muy importante para el sector semillero y productivo de la\u2026","rel":"","context":"En \u00abMunicipio\u00bb","block_context":{"text":"Municipio","link":"https:\/\/www.hoymercedes.com.ar\/principal\/category\/municipio\/"},"img":{"alt_text":"","src":"https:\/\/i0.wp.com\/www.hoymercedes.com.ar\/principal\/wp-content\/uploads\/2021\/09\/DSC04022.jpg?resize=350%2C200&ssl=1","width":350,"height":200,"srcset":"https:\/\/i0.wp.com\/www.hoymercedes.com.ar\/principal\/wp-content\/uploads\/2021\/09\/DSC04022.jpg?resize=350%2C200&ssl=1 1x, https:\/\/i0.wp.com\/www.hoymercedes.com.ar\/principal\/wp-content\/uploads\/2021\/09\/DSC04022.jpg?resize=525%2C300&ssl=1 1.5x, https:\/\/i0.wp.com\/www.hoymercedes.com.ar\/principal\/wp-content\/uploads\/2021\/09\/DSC04022.jpg?resize=700%2C400&ssl=1 2x"},"classes":[]},{"id":136680,"url":"https:\/\/www.hoymercedes.com.ar\/principal\/2021\/09\/05\/polo-cientifico-en-la-colonia-cap-sarmiento-reunion-entre-ypf-agro-conicet-y-tec-y-municipio\/","url_meta":{"origin":79979,"position":4},"title":"Polo Cient\u00edfico en la Colonia Cap. Sarmiento: Reuni\u00f3n entre YPF Agro, Conicet, Y-TEC y Municipio","author":"hoymercedes","date":"5 septiembre, 2021","format":false,"excerpt":"Por Prensa Municipal - Se concret\u00f3 un nuevo encuentro entre Ypf Agro, Y-Tec, Conicet, Ministerio de Ciencia y Tecnolog\u00eda, universidades y \u00e1reas de gesti\u00f3n con miras al Polo Cient\u00edfico \u2013 Tecnol\u00f3gico en la Colonia Capit\u00e1n Sarmiento, un ambicioso proyecto en el que se viene trabajando desde hace tiempo. Ser\u00e1 de\u2026","rel":"","context":"En \u00abMunicipio\u00bb","block_context":{"text":"Municipio","link":"https:\/\/www.hoymercedes.com.ar\/principal\/category\/municipio\/"},"img":{"alt_text":"","src":"https:\/\/i0.wp.com\/www.hoymercedes.com.ar\/principal\/wp-content\/uploads\/2021\/09\/DSC02439.jpg?resize=350%2C200&ssl=1","width":350,"height":200,"srcset":"https:\/\/i0.wp.com\/www.hoymercedes.com.ar\/principal\/wp-content\/uploads\/2021\/09\/DSC02439.jpg?resize=350%2C200&ssl=1 1x, https:\/\/i0.wp.com\/www.hoymercedes.com.ar\/principal\/wp-content\/uploads\/2021\/09\/DSC02439.jpg?resize=525%2C300&ssl=1 1.5x, https:\/\/i0.wp.com\/www.hoymercedes.com.ar\/principal\/wp-content\/uploads\/2021\/09\/DSC02439.jpg?resize=700%2C400&ssl=1 2x"},"classes":[]},{"id":57105,"url":"https:\/\/www.hoymercedes.com.ar\/principal\/2016\/11\/15\/municipalidad-y-unlu-firman-acuerdo-por-alimentos-espacios-verdes-y-pasantias\/","url_meta":{"origin":79979,"position":5},"title":"Municipalidad y UNLu firman acuerdo por alimentos, espacios verdes y pasant\u00edas","author":"hoymercedes","date":"15 noviembre, 2016","format":false,"excerpt":"En horas de la ma\u00f1ana de este martes, la Municipalidad de Mercedes y la Universidad de Luj\u00e1n (UNLu) firmaron un convenio que establece nuevos v\u00ednculos entre la Casa de Altos Estudios y la comuna mercedina. Un convenio que establece que el Municipio adquiera yogurt probi\u00f3tico de la planta piloto universitaria,\u2026","rel":"","context":"En \u00abMunicipio\u00bb","block_context":{"text":"Municipio","link":"https:\/\/www.hoymercedes.com.ar\/principal\/category\/municipio\/"},"img":{"alt_text":"","src":"https:\/\/i0.wp.com\/www.hoymercedes.com.ar\/principal\/wp-content\/uploads\/2016\/11\/15-unlu-municipio.jpg?resize=350%2C200&ssl=1","width":350,"height":200,"srcset":"https:\/\/i0.wp.com\/www.hoymercedes.com.ar\/principal\/wp-content\/uploads\/2016\/11\/15-unlu-municipio.jpg?resize=350%2C200&ssl=1 1x, https:\/\/i0.wp.com\/www.hoymercedes.com.ar\/principal\/wp-content\/uploads\/2016\/11\/15-unlu-municipio.jpg?resize=525%2C300&ssl=1 1.5x"},"classes":[]}],"_links":{"self":[{"href":"https:\/\/www.hoymercedes.com.ar\/principal\/wp-json\/wp\/v2\/posts\/79979","targetHints":{"allow":["GET"]}}],"collection":[{"href":"https:\/\/www.hoymercedes.com.ar\/principal\/wp-json\/wp\/v2\/posts"}],"about":[{"href":"https:\/\/www.hoymercedes.com.ar\/principal\/wp-json\/wp\/v2\/types\/post"}],"author":[{"embeddable":true,"href":"https:\/\/www.hoymercedes.com.ar\/principal\/wp-json\/wp\/v2\/users\/1"}],"replies":[{"embeddable":true,"href":"https:\/\/www.hoymercedes.com.ar\/principal\/wp-json\/wp\/v2\/comments?post=79979"}],"version-history":[{"count":0,"href":"https:\/\/www.hoymercedes.com.ar\/principal\/wp-json\/wp\/v2\/posts\/79979\/revisions"}],"wp:featuredmedia":[{"embeddable":true,"href":"https:\/\/www.hoymercedes.com.ar\/principal\/wp-json\/wp\/v2\/media\/79980"}],"wp:attachment":[{"href":"https:\/\/www.hoymercedes.com.ar\/principal\/wp-json\/wp\/v2\/media?parent=79979"}],"wp:term":[{"taxonomy":"category","embeddable":true,"href":"https:\/\/www.hoymercedes.com.ar\/principal\/wp-json\/wp\/v2\/categories?post=79979"},{"taxonomy":"post_tag","embeddable":true,"href":"https:\/\/www.hoymercedes.com.ar\/principal\/wp-json\/wp\/v2\/tags?post=79979"}],"curies":[{"name":"wp","href":"https:\/\/api.w.org\/{rel}","templated":true}]}}