{"id":7999,"date":"2011-10-06T03:17:32","date_gmt":"2011-10-06T03:17:32","guid":{"rendered":"http:\/\/www.hoymercedes.com.ar\/principal\/?p=7999"},"modified":"2011-10-06T03:17:32","modified_gmt":"2011-10-06T03:17:32","slug":"frente-mercedino-para-la-victoria-se-reunio-con-la-universidad-nacional-de-san-martin","status":"publish","type":"post","link":"https:\/\/www.hoymercedes.com.ar\/principal\/2011\/10\/06\/frente-mercedino-para-la-victoria-se-reunio-con-la-universidad-nacional-de-san-martin\/","title":{"rendered":"Frente Mercedino para la Victoria se reuni\u00f3 con la Universidad Nacional de San Mart\u00edn"},"content":{"rendered":"<p>Convencidos que las pol\u00edticas activas que tienden a incentivar el incremento de las inversiones p\u00fablicas y privadas deben estar contempladas y sostenidas en una educaci\u00f3n superior de alta jerarqu\u00eda, parte del equipo t\u00e9cnico del Frente se reunieron con autoridades de la Universidad Nacional de San Martin (UNSAM). D\u00edas atr\u00e1s lo hicieron con directivos de las Universidades de Tres de Febrero (UNTREF) y de la Universidad Tecnol\u00f3gica Nacional (UTN).<\/p>\n<p>La creaci\u00f3n de un Centro Regional de Educaci\u00f3n Superior, en el que confluya una oferta educativa acorde a las necesidades que plantea el Plan para el Desarrollo Integral del Municipio de Mercedes, es una propuesta estrat\u00e9gica para Juani Ustarroz.<\/p>\n<p>A\u00fan resta terminar de definir con las Universidades citadas anteriormente cu\u00e1les son las tecnicaturas, carreras de grado y post grado que se establecer\u00edan en el CRES a instalar en nuestra ciudad. Previa realizaci\u00f3n de un estudio de diagn\u00f3stico y evaluaci\u00f3n de la expansi\u00f3n de la oferta acad\u00e9mica de estas universidades, consideramos necesaria la instrumentaci\u00f3n de carreras vinculadas a la econom\u00eda industrial, la manufactura automatizada, y el desarrollo de la tecnolog\u00eda agroindustrial y sistemas de inform\u00e1tica.<\/p>\n<p>Esto, sigue sum\u00e1ndose a la planificaci\u00f3n en cuanto a educacion que pretende el Frente Mercedino para la Victoria para la Mercedes que se viene<\/p>\n<p>Integrantes del Frente Mercedino para la Victoria en la Universidad Nacional de San Martin<\/p>\n","protected":false},"excerpt":{"rendered":"<p>Convencidos que las pol\u00edticas activas que tienden a incentivar el incremento de las inversiones p\u00fablicas y privadas deben estar contempladas &#8230; <a title=\"Frente Mercedino para la Victoria se reuni\u00f3 con la Universidad Nacional de San Mart\u00edn\" class=\"read-more\" href=\"https:\/\/www.hoymercedes.com.ar\/principal\/2011\/10\/06\/frente-mercedino-para-la-victoria-se-reunio-con-la-universidad-nacional-de-san-martin\/\" aria-label=\"Leer m\u00e1s sobre Frente Mercedino para la Victoria se reuni\u00f3 con la Universidad Nacional de San Mart\u00edn\">Leer m\u00e1s<\/a><\/p>\n","protected":false},"author":1,"featured_media":0,"comment_status":"open","ping_status":"open","sticky":false,"template":"","format":"standard","meta":{"_monsterinsights_skip_tracking":false,"_monsterinsights_sitenote_active":false,"_monsterinsights_sitenote_note":"","_monsterinsights_sitenote_category":0,"jetpack_post_was_ever_published":false,"_jetpack_newsletter_access":"","_jetpack_dont_email_post_to_subs":false,"_jetpack_newsletter_tier_id":0,"_jetpack_memberships_contains_paywalled_content":false,"_jetpack_memberships_contains_paid_content":false,"footnotes":"","jetpack_publicize_message":"","jetpack_publicize_feature_enabled":true,"jetpack_social_post_already_shared":false,"jetpack_social_options":{"image_generator_settings":{"template":"highway","default_image_id":0,"font":"","enabled":false},"version":2},"_wpas_customize_per_network":false},"categories":[5],"tags":[1007,1414],"class_list":["post-7999","post","type-post","status-publish","format-standard","hentry","category-politica","tag-frente-mercedino","tag-universidad-de-san-martin","generate-columns","tablet-grid-50","mobile-grid-100","grid-parent","grid-50"],"jetpack_publicize_connections":[],"jetpack_featured_media_url":"","wps_subtitle":"","jetpack_sharing_enabled":true,"_links":{"self":[{"href":"https:\/\/www.hoymercedes.com.ar\/principal\/wp-json\/wp\/v2\/posts\/7999","targetHints":{"allow":["GET"]}}],"collection":[{"href":"https:\/\/www.hoymercedes.com.ar\/principal\/wp-json\/wp\/v2\/posts"}],"about":[{"href":"https:\/\/www.hoymercedes.com.ar\/principal\/wp-json\/wp\/v2\/types\/post"}],"author":[{"embeddable":true,"href":"https:\/\/www.hoymercedes.com.ar\/principal\/wp-json\/wp\/v2\/users\/1"}],"replies":[{"embeddable":true,"href":"https:\/\/www.hoymercedes.com.ar\/principal\/wp-json\/wp\/v2\/comments?post=7999"}],"version-history":[{"count":0,"href":"https:\/\/www.hoymercedes.com.ar\/principal\/wp-json\/wp\/v2\/posts\/7999\/revisions"}],"wp:attachment":[{"href":"https:\/\/www.hoymercedes.com.ar\/principal\/wp-json\/wp\/v2\/media?parent=7999"}],"wp:term":[{"taxonomy":"category","embeddable":true,"href":"https:\/\/www.hoymercedes.com.ar\/principal\/wp-json\/wp\/v2\/categories?post=7999"},{"taxonomy":"post_tag","embeddable":true,"href":"https:\/\/www.hoymercedes.com.ar\/principal\/wp-json\/wp\/v2\/tags?post=7999"}],"curies":[{"name":"wp","href":"https:\/\/api.w.org\/{rel}","templated":true}]}}