{"id":80014,"date":"2018-08-19T08:23:08","date_gmt":"2018-08-19T11:23:08","guid":{"rendered":"http:\/\/www.hoymercedes.com.ar\/principal\/?p=80014"},"modified":"2018-08-19T02:31:37","modified_gmt":"2018-08-19T05:31:37","slug":"multitudinaria-cena-solidaria-todos-x-bomberos-en-el-cef-no40","status":"publish","type":"post","link":"https:\/\/www.hoymercedes.com.ar\/principal\/2018\/08\/19\/multitudinaria-cena-solidaria-todos-x-bomberos-en-el-cef-no40\/","title":{"rendered":"Multitudinaria cena solidaria \u201cTodos X Bomberos\u201d en el CEF N\u00ba40"},"content":{"rendered":"<figure id=\"attachment_80015\" aria-describedby=\"caption-attachment-80015\" style=\"width: 620px\" class=\"wp-caption aligncenter\"><img loading=\"lazy\" decoding=\"async\" data-attachment-id=\"80015\" data-permalink=\"https:\/\/www.hoymercedes.com.ar\/principal\/2018\/08\/19\/multitudinaria-cena-solidaria-todos-x-bomberos-en-el-cef-no40\/cena-bomberos008\/#main\" data-orig-file=\"https:\/\/www.hoymercedes.com.ar\/principal\/wp-content\/uploads\/2018\/08\/cena-bomberos008.jpg\" data-orig-size=\"730,487\" data-comments-opened=\"0\" data-image-meta=\"{&quot;aperture&quot;:&quot;0&quot;,&quot;credit&quot;:&quot;&quot;,&quot;camera&quot;:&quot;&quot;,&quot;caption&quot;:&quot;&quot;,&quot;created_timestamp&quot;:&quot;0&quot;,&quot;copyright&quot;:&quot;&quot;,&quot;focal_length&quot;:&quot;0&quot;,&quot;iso&quot;:&quot;0&quot;,&quot;shutter_speed&quot;:&quot;0&quot;,&quot;title&quot;:&quot;&quot;,&quot;orientation&quot;:&quot;0&quot;}\" data-image-title=\"cena-bomberos008\" data-image-description=\"\" data-image-caption=\"&lt;p&gt;Ismael Gutierrez &lt;\/p&gt;\n\" data-large-file=\"https:\/\/www.hoymercedes.com.ar\/principal\/wp-content\/uploads\/2018\/08\/cena-bomberos008.jpg\" class=\"size-medium wp-image-80015\" src=\"https:\/\/www.hoymercedes.com.ar\/principal\/wp-content\/uploads\/2018\/08\/cena-bomberos008-630x420.jpg\" alt=\"\" width=\"630\" height=\"420\" srcset=\"https:\/\/www.hoymercedes.com.ar\/principal\/wp-content\/uploads\/2018\/08\/cena-bomberos008-630x420.jpg 630w, https:\/\/www.hoymercedes.com.ar\/principal\/wp-content\/uploads\/2018\/08\/cena-bomberos008-150x100.jpg 150w, https:\/\/www.hoymercedes.com.ar\/principal\/wp-content\/uploads\/2018\/08\/cena-bomberos008.jpg 730w\" sizes=\"auto, (max-width: 630px) 100vw, 630px\" \/><figcaption id=\"caption-attachment-80015\" class=\"wp-caption-text\">Ismael Gutierrez<\/figcaption><\/figure>\n<p>La cena solidaria \u201cTodos X Bomberos\u201d result\u00f3 un gran \u00e9xito. Casi un mil vecinos dijeron presente en la convocatoria para dar apoyo a la instituci\u00f3n. La idea generada entre Bomberos y la Municipalidad de Mercedes era recaudar fondos para solventar gastos operativos, especialmente luego de la quita de subsidios realizado por el gobierno nacional. Hubo adem\u00e1s entrega de m\u00e1s colaboraciones por medio de subsidios a instancias del Diputado Provincial Santiago R\u00e9vora y el Diputado Nacional Eduardo \u201cWado\u201d de Pedro.<\/p>\n<p>En el CEF N\u00ba40 se reuni\u00f3 una enorme cantidad de vecinos, como hace mucho no se ve\u00eda, tras la convocatoria efectuada por la instituci\u00f3n y bajo la modalidad de cenas solidarias impulsadas por la Comuna.<\/p>\n<p>Hubo shows en vivo de Tren Misterioso, La Clave, Fernando Aschero y Gonzalo Jes\u00fas y Menta y Lim\u00f3n.<\/p>\n<p>En cuanto a las atenciones, fueron todos voluntarios, desde la parrilla con gente de Desarrollo Social, Bomberos y vecinos, a los mozos, que fueron integrantes de la Juventud de Unidad Ciudadana, Centro de Estudiantes de la Escuela N\u00aa15, Centro de Estudiantes de Escuela Industrial y alumbos de Escuela Media.<\/p>\n<p>Estuvo presente el Diputado Nacional Carlos Selva, que ha sido un acompa\u00f1ante de la causa de los bomberos desde el primer momento.<\/p>\n<p><img loading=\"lazy\" decoding=\"async\" data-attachment-id=\"80016\" data-permalink=\"https:\/\/www.hoymercedes.com.ar\/principal\/2018\/08\/19\/multitudinaria-cena-solidaria-todos-x-bomberos-en-el-cef-no40\/cena-bomberos016\/#main\" data-orig-file=\"https:\/\/www.hoymercedes.com.ar\/principal\/wp-content\/uploads\/2018\/08\/cena-bomberos016.jpg\" data-orig-size=\"730,487\" data-comments-opened=\"0\" data-image-meta=\"{&quot;aperture&quot;:&quot;0&quot;,&quot;credit&quot;:&quot;&quot;,&quot;camera&quot;:&quot;&quot;,&quot;caption&quot;:&quot;&quot;,&quot;created_timestamp&quot;:&quot;0&quot;,&quot;copyright&quot;:&quot;&quot;,&quot;focal_length&quot;:&quot;0&quot;,&quot;iso&quot;:&quot;0&quot;,&quot;shutter_speed&quot;:&quot;0&quot;,&quot;title&quot;:&quot;&quot;,&quot;orientation&quot;:&quot;0&quot;}\" data-image-title=\"cena-bomberos016\" data-image-description=\"\" data-image-caption=\"\" data-large-file=\"https:\/\/www.hoymercedes.com.ar\/principal\/wp-content\/uploads\/2018\/08\/cena-bomberos016.jpg\" class=\"aligncenter size-medium wp-image-80016\" src=\"https:\/\/www.hoymercedes.com.ar\/principal\/wp-content\/uploads\/2018\/08\/cena-bomberos016-630x420.jpg\" alt=\"\" width=\"630\" height=\"420\" srcset=\"https:\/\/www.hoymercedes.com.ar\/principal\/wp-content\/uploads\/2018\/08\/cena-bomberos016-630x420.jpg 630w, https:\/\/www.hoymercedes.com.ar\/principal\/wp-content\/uploads\/2018\/08\/cena-bomberos016-150x100.jpg 150w, https:\/\/www.hoymercedes.com.ar\/principal\/wp-content\/uploads\/2018\/08\/cena-bomberos016.jpg 730w\" sizes=\"auto, (max-width: 630px) 100vw, 630px\" \/><\/p>\n<p>Sobre el escenario, el primero en tomar la palabra fue \u201cTito\u201d Borsalino, de la cooperadora, quien expres\u00f3 \u201cnuestro agradecimiento a todos los que han trabajado por esta cena, a los que con la lluvia desde temprano est\u00e1n ac\u00e1, sirviendo, asando, a los artistas\u201d y que \u201cesta colaboraci\u00f3n que ustedes hacen en esta cena, con la rifa, no s\u00f3lo ayuda al cuerpo de bomberos, sino que se ayudan a s\u00ed mismo para tener un eficiente servicio los 365 d\u00edas del a\u00f1o, a toda hora\u201d, entre otros conceptos.<\/p>\n<p>Ismael Guti\u00e9rrez, jefe del cuerpo, aprovech\u00f3 la ocasi\u00f3n para decir \u201cmuchas gracias a cada uno de ustedes por venir a participar, para nosotros es una gran colaboraci\u00f3n de toda la comunidad. Quiero agradecer al intendente municipal como a todo su equipo que nos ha brindado la posibilidad de hacer esta cena en beneficio de esta instituci\u00f3n\u201d, coment\u00f3 agradeciendo tambi\u00e9n al \u201cdiputado Carlos Selva que desde el primer momento acompa\u00f1a y a Eduardo de Pedro que tambi\u00e9n va a ayudarnos\u201d ya que \u201cen la C\u00e1mara de Diputados act\u00faan en los temas que incumben tras \u201cel desfinanciamiento por la quita de un subsidio del estado nacional\u201d.<\/p>\n<figure id=\"attachment_80017\" aria-describedby=\"caption-attachment-80017\" style=\"width: 620px\" class=\"wp-caption aligncenter\"><img loading=\"lazy\" decoding=\"async\" data-attachment-id=\"80017\" data-permalink=\"https:\/\/www.hoymercedes.com.ar\/principal\/2018\/08\/19\/multitudinaria-cena-solidaria-todos-x-bomberos-en-el-cef-no40\/cena-bomberos012\/#main\" data-orig-file=\"https:\/\/www.hoymercedes.com.ar\/principal\/wp-content\/uploads\/2018\/08\/cena-bomberos012.jpg\" data-orig-size=\"730,487\" data-comments-opened=\"0\" data-image-meta=\"{&quot;aperture&quot;:&quot;0&quot;,&quot;credit&quot;:&quot;&quot;,&quot;camera&quot;:&quot;&quot;,&quot;caption&quot;:&quot;&quot;,&quot;created_timestamp&quot;:&quot;0&quot;,&quot;copyright&quot;:&quot;&quot;,&quot;focal_length&quot;:&quot;0&quot;,&quot;iso&quot;:&quot;0&quot;,&quot;shutter_speed&quot;:&quot;0&quot;,&quot;title&quot;:&quot;&quot;,&quot;orientation&quot;:&quot;0&quot;}\" data-image-title=\"cena-bomberos012\" data-image-description=\"\" data-image-caption=\"&lt;p&gt;Intendente Ustarroz&lt;\/p&gt;\n\" data-large-file=\"https:\/\/www.hoymercedes.com.ar\/principal\/wp-content\/uploads\/2018\/08\/cena-bomberos012.jpg\" class=\"size-medium wp-image-80017\" src=\"https:\/\/www.hoymercedes.com.ar\/principal\/wp-content\/uploads\/2018\/08\/cena-bomberos012-630x420.jpg\" alt=\"\" width=\"630\" height=\"420\" srcset=\"https:\/\/www.hoymercedes.com.ar\/principal\/wp-content\/uploads\/2018\/08\/cena-bomberos012-630x420.jpg 630w, https:\/\/www.hoymercedes.com.ar\/principal\/wp-content\/uploads\/2018\/08\/cena-bomberos012-150x100.jpg 150w, https:\/\/www.hoymercedes.com.ar\/principal\/wp-content\/uploads\/2018\/08\/cena-bomberos012.jpg 730w\" sizes=\"auto, (max-width: 630px) 100vw, 630px\" \/><figcaption id=\"caption-attachment-80017\" class=\"wp-caption-text\">Intendente Ustarroz<\/figcaption><\/figure>\n<p>Mat\u00edas Dematei estuvo en el escenario dado que fue parte de la organizaci\u00f3n del encuentro.<\/p>\n<p>El intendente municipal, Juan Ignacio Ustarroz, por su parte, sostuvo que \u201ces un honor y un orgullo que a pesar del clima el pueblo de Mercedes dijo si a los bomberos voluntarios y si a la solidaridad\u201d y \u201cexpresar mi agradecimiento y felicitaciones a quienes han servido, cocinado, haciendo estar rica comida\u201d sosteniendo que \u201cme parece muy injusto que el gobierno ajuste a los bomberos voluntarios. Todos los que estamos ac\u00e1 y a lo largo y ancho de nuestro pa\u00eds reconocemos que los bomberos son una instituci\u00f3n ejemplar, con un profesionalismo, una voluntad, un coraje y entrega enorme, por eso estamos ac\u00e1\u201d y \u201cagradezco el apoyo del diputado Selva, de Pedro, R\u00e9vora, porque estamos todos unidos por los bomberos\u201d, afirm\u00f3 entre otros conceptos invitando a \u201casociarnos porque ellos nos necesitan\u201d.<\/p>\n<figure id=\"attachment_80018\" aria-describedby=\"caption-attachment-80018\" style=\"width: 620px\" class=\"wp-caption aligncenter\"><img loading=\"lazy\" decoding=\"async\" data-attachment-id=\"80018\" data-permalink=\"https:\/\/www.hoymercedes.com.ar\/principal\/2018\/08\/19\/multitudinaria-cena-solidaria-todos-x-bomberos-en-el-cef-no40\/cena-bomberos001\/#main\" data-orig-file=\"https:\/\/www.hoymercedes.com.ar\/principal\/wp-content\/uploads\/2018\/08\/cena-bomberos001.jpg\" data-orig-size=\"730,487\" data-comments-opened=\"0\" data-image-meta=\"{&quot;aperture&quot;:&quot;0&quot;,&quot;credit&quot;:&quot;&quot;,&quot;camera&quot;:&quot;&quot;,&quot;caption&quot;:&quot;&quot;,&quot;created_timestamp&quot;:&quot;0&quot;,&quot;copyright&quot;:&quot;&quot;,&quot;focal_length&quot;:&quot;0&quot;,&quot;iso&quot;:&quot;0&quot;,&quot;shutter_speed&quot;:&quot;0&quot;,&quot;title&quot;:&quot;&quot;,&quot;orientation&quot;:&quot;0&quot;}\" data-image-title=\"cena-bomberos001\" data-image-description=\"\" data-image-caption=\"&lt;p&gt;Multitudinaria cena&lt;\/p&gt;\n\" data-large-file=\"https:\/\/www.hoymercedes.com.ar\/principal\/wp-content\/uploads\/2018\/08\/cena-bomberos001.jpg\" class=\"size-medium wp-image-80018\" src=\"https:\/\/www.hoymercedes.com.ar\/principal\/wp-content\/uploads\/2018\/08\/cena-bomberos001-630x420.jpg\" alt=\"\" width=\"630\" height=\"420\" srcset=\"https:\/\/www.hoymercedes.com.ar\/principal\/wp-content\/uploads\/2018\/08\/cena-bomberos001-630x420.jpg 630w, https:\/\/www.hoymercedes.com.ar\/principal\/wp-content\/uploads\/2018\/08\/cena-bomberos001-150x100.jpg 150w, https:\/\/www.hoymercedes.com.ar\/principal\/wp-content\/uploads\/2018\/08\/cena-bomberos001.jpg 730w\" sizes=\"auto, (max-width: 630px) 100vw, 630px\" \/><figcaption id=\"caption-attachment-80018\" class=\"wp-caption-text\">Multitudinaria cena<\/figcaption><\/figure>\n<p>Hubo una gran cantidad de sorteos entre ellos una remera de Racing entregada por Ricky Centuri\u00f3n que se remat\u00f3 gan\u00e1ndola \u201cNito\u201d Alomar pagando $5000 para luego donarla y que sea sorteada de nuevo. Como postre, despu\u00e9s del helado, se pudo degustar de 4 grandes tortas alusivas donadas por panader\u00eda San Francisco.<\/p>\n<p>En uno de los momentos de la noche se proyect\u00f3 un video donde distintos mercedinos famosos invitaban nos sumemos a ser socios de la entidad.<\/p>\n<p>Sin duda, los Bomberos Voluntarios, tuvieron un s\u00f3lido apoyo de parte de los mercedinos en momentos dif\u00edciles. La velada, fue un gran \u00e9xito.<\/p>\n<p><img loading=\"lazy\" decoding=\"async\" data-attachment-id=\"80019\" data-permalink=\"https:\/\/www.hoymercedes.com.ar\/principal\/2018\/08\/19\/multitudinaria-cena-solidaria-todos-x-bomberos-en-el-cef-no40\/cena-bomberos002\/#main\" data-orig-file=\"https:\/\/www.hoymercedes.com.ar\/principal\/wp-content\/uploads\/2018\/08\/cena-bomberos002.jpg\" data-orig-size=\"730,487\" data-comments-opened=\"0\" data-image-meta=\"{&quot;aperture&quot;:&quot;0&quot;,&quot;credit&quot;:&quot;&quot;,&quot;camera&quot;:&quot;&quot;,&quot;caption&quot;:&quot;&quot;,&quot;created_timestamp&quot;:&quot;0&quot;,&quot;copyright&quot;:&quot;&quot;,&quot;focal_length&quot;:&quot;0&quot;,&quot;iso&quot;:&quot;0&quot;,&quot;shutter_speed&quot;:&quot;0&quot;,&quot;title&quot;:&quot;&quot;,&quot;orientation&quot;:&quot;0&quot;}\" data-image-title=\"cena-bomberos002\" data-image-description=\"\" data-image-caption=\"\" data-large-file=\"https:\/\/www.hoymercedes.com.ar\/principal\/wp-content\/uploads\/2018\/08\/cena-bomberos002.jpg\" class=\"aligncenter size-medium wp-image-80019\" src=\"https:\/\/www.hoymercedes.com.ar\/principal\/wp-content\/uploads\/2018\/08\/cena-bomberos002-630x420.jpg\" alt=\"\" width=\"630\" height=\"420\" srcset=\"https:\/\/www.hoymercedes.com.ar\/principal\/wp-content\/uploads\/2018\/08\/cena-bomberos002-630x420.jpg 630w, https:\/\/www.hoymercedes.com.ar\/principal\/wp-content\/uploads\/2018\/08\/cena-bomberos002-150x100.jpg 150w, https:\/\/www.hoymercedes.com.ar\/principal\/wp-content\/uploads\/2018\/08\/cena-bomberos002.jpg 730w\" sizes=\"auto, (max-width: 630px) 100vw, 630px\" \/><\/p>\n<p><img loading=\"lazy\" decoding=\"async\" data-attachment-id=\"80020\" data-permalink=\"https:\/\/www.hoymercedes.com.ar\/principal\/2018\/08\/19\/multitudinaria-cena-solidaria-todos-x-bomberos-en-el-cef-no40\/cena-bomberos005\/#main\" data-orig-file=\"https:\/\/www.hoymercedes.com.ar\/principal\/wp-content\/uploads\/2018\/08\/cena-bomberos005.jpg\" data-orig-size=\"730,487\" data-comments-opened=\"0\" data-image-meta=\"{&quot;aperture&quot;:&quot;0&quot;,&quot;credit&quot;:&quot;&quot;,&quot;camera&quot;:&quot;&quot;,&quot;caption&quot;:&quot;&quot;,&quot;created_timestamp&quot;:&quot;0&quot;,&quot;copyright&quot;:&quot;&quot;,&quot;focal_length&quot;:&quot;0&quot;,&quot;iso&quot;:&quot;0&quot;,&quot;shutter_speed&quot;:&quot;0&quot;,&quot;title&quot;:&quot;&quot;,&quot;orientation&quot;:&quot;0&quot;}\" data-image-title=\"cena-bomberos005\" data-image-description=\"\" data-image-caption=\"\" data-large-file=\"https:\/\/www.hoymercedes.com.ar\/principal\/wp-content\/uploads\/2018\/08\/cena-bomberos005.jpg\" class=\"aligncenter size-medium wp-image-80020\" src=\"https:\/\/www.hoymercedes.com.ar\/principal\/wp-content\/uploads\/2018\/08\/cena-bomberos005-630x420.jpg\" alt=\"\" width=\"630\" height=\"420\" srcset=\"https:\/\/www.hoymercedes.com.ar\/principal\/wp-content\/uploads\/2018\/08\/cena-bomberos005-630x420.jpg 630w, https:\/\/www.hoymercedes.com.ar\/principal\/wp-content\/uploads\/2018\/08\/cena-bomberos005-150x100.jpg 150w, https:\/\/www.hoymercedes.com.ar\/principal\/wp-content\/uploads\/2018\/08\/cena-bomberos005.jpg 730w\" sizes=\"auto, (max-width: 630px) 100vw, 630px\" \/><\/p>\n<p><img loading=\"lazy\" decoding=\"async\" data-attachment-id=\"80021\" data-permalink=\"https:\/\/www.hoymercedes.com.ar\/principal\/2018\/08\/19\/multitudinaria-cena-solidaria-todos-x-bomberos-en-el-cef-no40\/cena-bomberos006\/#main\" data-orig-file=\"https:\/\/www.hoymercedes.com.ar\/principal\/wp-content\/uploads\/2018\/08\/cena-bomberos006.jpg\" data-orig-size=\"730,487\" data-comments-opened=\"0\" data-image-meta=\"{&quot;aperture&quot;:&quot;0&quot;,&quot;credit&quot;:&quot;&quot;,&quot;camera&quot;:&quot;&quot;,&quot;caption&quot;:&quot;&quot;,&quot;created_timestamp&quot;:&quot;0&quot;,&quot;copyright&quot;:&quot;&quot;,&quot;focal_length&quot;:&quot;0&quot;,&quot;iso&quot;:&quot;0&quot;,&quot;shutter_speed&quot;:&quot;0&quot;,&quot;title&quot;:&quot;&quot;,&quot;orientation&quot;:&quot;0&quot;}\" data-image-title=\"cena-bomberos006\" data-image-description=\"\" data-image-caption=\"\" data-large-file=\"https:\/\/www.hoymercedes.com.ar\/principal\/wp-content\/uploads\/2018\/08\/cena-bomberos006.jpg\" class=\"aligncenter size-medium wp-image-80021\" src=\"https:\/\/www.hoymercedes.com.ar\/principal\/wp-content\/uploads\/2018\/08\/cena-bomberos006-630x420.jpg\" alt=\"\" width=\"630\" height=\"420\" srcset=\"https:\/\/www.hoymercedes.com.ar\/principal\/wp-content\/uploads\/2018\/08\/cena-bomberos006-630x420.jpg 630w, https:\/\/www.hoymercedes.com.ar\/principal\/wp-content\/uploads\/2018\/08\/cena-bomberos006-150x100.jpg 150w, https:\/\/www.hoymercedes.com.ar\/principal\/wp-content\/uploads\/2018\/08\/cena-bomberos006.jpg 730w\" sizes=\"auto, (max-width: 630px) 100vw, 630px\" \/><\/p>\n<p><img loading=\"lazy\" decoding=\"async\" data-attachment-id=\"80022\" data-permalink=\"https:\/\/www.hoymercedes.com.ar\/principal\/2018\/08\/19\/multitudinaria-cena-solidaria-todos-x-bomberos-en-el-cef-no40\/cena-bomberos007\/#main\" data-orig-file=\"https:\/\/www.hoymercedes.com.ar\/principal\/wp-content\/uploads\/2018\/08\/cena-bomberos007.jpg\" data-orig-size=\"730,487\" data-comments-opened=\"0\" data-image-meta=\"{&quot;aperture&quot;:&quot;0&quot;,&quot;credit&quot;:&quot;&quot;,&quot;camera&quot;:&quot;&quot;,&quot;caption&quot;:&quot;&quot;,&quot;created_timestamp&quot;:&quot;0&quot;,&quot;copyright&quot;:&quot;&quot;,&quot;focal_length&quot;:&quot;0&quot;,&quot;iso&quot;:&quot;0&quot;,&quot;shutter_speed&quot;:&quot;0&quot;,&quot;title&quot;:&quot;&quot;,&quot;orientation&quot;:&quot;0&quot;}\" data-image-title=\"cena-bomberos007\" data-image-description=\"\" data-image-caption=\"\" data-large-file=\"https:\/\/www.hoymercedes.com.ar\/principal\/wp-content\/uploads\/2018\/08\/cena-bomberos007.jpg\" class=\"aligncenter size-medium wp-image-80022\" src=\"https:\/\/www.hoymercedes.com.ar\/principal\/wp-content\/uploads\/2018\/08\/cena-bomberos007-630x420.jpg\" alt=\"\" width=\"630\" height=\"420\" srcset=\"https:\/\/www.hoymercedes.com.ar\/principal\/wp-content\/uploads\/2018\/08\/cena-bomberos007-630x420.jpg 630w, https:\/\/www.hoymercedes.com.ar\/principal\/wp-content\/uploads\/2018\/08\/cena-bomberos007-150x100.jpg 150w, https:\/\/www.hoymercedes.com.ar\/principal\/wp-content\/uploads\/2018\/08\/cena-bomberos007.jpg 730w\" sizes=\"auto, (max-width: 630px) 100vw, 630px\" \/><\/p>\n<p><img loading=\"lazy\" decoding=\"async\" data-attachment-id=\"80023\" data-permalink=\"https:\/\/www.hoymercedes.com.ar\/principal\/2018\/08\/19\/multitudinaria-cena-solidaria-todos-x-bomberos-en-el-cef-no40\/cena-bomberos011\/#main\" data-orig-file=\"https:\/\/www.hoymercedes.com.ar\/principal\/wp-content\/uploads\/2018\/08\/cena-bomberos011.jpg\" data-orig-size=\"730,487\" data-comments-opened=\"0\" data-image-meta=\"{&quot;aperture&quot;:&quot;0&quot;,&quot;credit&quot;:&quot;&quot;,&quot;camera&quot;:&quot;&quot;,&quot;caption&quot;:&quot;&quot;,&quot;created_timestamp&quot;:&quot;0&quot;,&quot;copyright&quot;:&quot;&quot;,&quot;focal_length&quot;:&quot;0&quot;,&quot;iso&quot;:&quot;0&quot;,&quot;shutter_speed&quot;:&quot;0&quot;,&quot;title&quot;:&quot;&quot;,&quot;orientation&quot;:&quot;0&quot;}\" data-image-title=\"cena-bomberos011\" data-image-description=\"\" data-image-caption=\"\" data-large-file=\"https:\/\/www.hoymercedes.com.ar\/principal\/wp-content\/uploads\/2018\/08\/cena-bomberos011.jpg\" class=\"aligncenter size-medium wp-image-80023\" src=\"https:\/\/www.hoymercedes.com.ar\/principal\/wp-content\/uploads\/2018\/08\/cena-bomberos011-630x420.jpg\" alt=\"\" width=\"630\" height=\"420\" srcset=\"https:\/\/www.hoymercedes.com.ar\/principal\/wp-content\/uploads\/2018\/08\/cena-bomberos011-630x420.jpg 630w, https:\/\/www.hoymercedes.com.ar\/principal\/wp-content\/uploads\/2018\/08\/cena-bomberos011-150x100.jpg 150w, https:\/\/www.hoymercedes.com.ar\/principal\/wp-content\/uploads\/2018\/08\/cena-bomberos011.jpg 730w\" sizes=\"auto, (max-width: 630px) 100vw, 630px\" \/><\/p>\n<p><img loading=\"lazy\" decoding=\"async\" data-attachment-id=\"80024\" data-permalink=\"https:\/\/www.hoymercedes.com.ar\/principal\/2018\/08\/19\/multitudinaria-cena-solidaria-todos-x-bomberos-en-el-cef-no40\/cena-bomberos014\/#main\" data-orig-file=\"https:\/\/www.hoymercedes.com.ar\/principal\/wp-content\/uploads\/2018\/08\/cena-bomberos014.jpg\" data-orig-size=\"730,487\" data-comments-opened=\"0\" data-image-meta=\"{&quot;aperture&quot;:&quot;0&quot;,&quot;credit&quot;:&quot;&quot;,&quot;camera&quot;:&quot;&quot;,&quot;caption&quot;:&quot;&quot;,&quot;created_timestamp&quot;:&quot;0&quot;,&quot;copyright&quot;:&quot;&quot;,&quot;focal_length&quot;:&quot;0&quot;,&quot;iso&quot;:&quot;0&quot;,&quot;shutter_speed&quot;:&quot;0&quot;,&quot;title&quot;:&quot;&quot;,&quot;orientation&quot;:&quot;0&quot;}\" data-image-title=\"cena-bomberos014\" data-image-description=\"\" data-image-caption=\"\" data-large-file=\"https:\/\/www.hoymercedes.com.ar\/principal\/wp-content\/uploads\/2018\/08\/cena-bomberos014.jpg\" class=\"aligncenter size-medium wp-image-80024\" src=\"https:\/\/www.hoymercedes.com.ar\/principal\/wp-content\/uploads\/2018\/08\/cena-bomberos014-630x420.jpg\" alt=\"\" width=\"630\" height=\"420\" srcset=\"https:\/\/www.hoymercedes.com.ar\/principal\/wp-content\/uploads\/2018\/08\/cena-bomberos014-630x420.jpg 630w, https:\/\/www.hoymercedes.com.ar\/principal\/wp-content\/uploads\/2018\/08\/cena-bomberos014-150x100.jpg 150w, https:\/\/www.hoymercedes.com.ar\/principal\/wp-content\/uploads\/2018\/08\/cena-bomberos014.jpg 730w\" sizes=\"auto, (max-width: 630px) 100vw, 630px\" \/><\/p>\n<p>&nbsp;<\/p>\n","protected":false},"excerpt":{"rendered":"<p>La cena solidaria \u201cTodos X Bomberos\u201d result\u00f3 un gran \u00e9xito. Casi un mil vecinos dijeron presente en la convocatoria para &#8230; <a title=\"Multitudinaria cena solidaria \u201cTodos X Bomberos\u201d en el CEF N\u00ba40\" class=\"read-more\" href=\"https:\/\/www.hoymercedes.com.ar\/principal\/2018\/08\/19\/multitudinaria-cena-solidaria-todos-x-bomberos-en-el-cef-no40\/\" aria-label=\"Leer m\u00e1s sobre Multitudinaria cena solidaria \u201cTodos X Bomberos\u201d en el CEF N\u00ba40\">Leer m\u00e1s<\/a><\/p>\n","protected":false},"author":1,"featured_media":80016,"comment_status":"closed","ping_status":"open","sticky":false,"template":"","format":"standard","meta":{"_monsterinsights_skip_tracking":false,"_monsterinsights_sitenote_active":false,"_monsterinsights_sitenote_note":"","_monsterinsights_sitenote_category":0,"jetpack_post_was_ever_published":false,"_jetpack_newsletter_access":"","_jetpack_dont_email_post_to_subs":false,"_jetpack_newsletter_tier_id":0,"_jetpack_memberships_contains_paywalled_content":false,"_jetpack_memberships_contains_paid_content":false,"footnotes":"","jetpack_publicize_message":"","jetpack_publicize_feature_enabled":true,"jetpack_social_post_already_shared":true,"jetpack_social_options":{"image_generator_settings":{"template":"highway","default_image_id":0,"font":"","enabled":false},"version":2},"_wpas_customize_per_network":false},"categories":[8],"tags":[865,13618],"class_list":["post-80014","post","type-post","status-publish","format-standard","has-post-thumbnail","hentry","category-sociedad","tag-bomberos-voluntarios","tag-todos-x-bomberos","generate-columns","tablet-grid-50","mobile-grid-100","grid-parent","grid-50"],"jetpack_publicize_connections":[],"jetpack_featured_media_url":"https:\/\/www.hoymercedes.com.ar\/principal\/wp-content\/uploads\/2018\/08\/cena-bomberos016.jpg","wps_subtitle":"Apoyo institucional ","jetpack_sharing_enabled":true,"jetpack-related-posts":[{"id":79657,"url":"https:\/\/www.hoymercedes.com.ar\/principal\/2018\/08\/11\/grandes-artistas-se-suman-a-la-cena-solidaria-de-todos-x-bomberos\/","url_meta":{"origin":80014,"position":0},"title":"Grandes artistas se suman a la cena solidaria de \u201cTodos X Bomberos\u201d","author":"hoymercedes","date":"11 agosto, 2018","format":false,"excerpt":"El pr\u00f3ximo 18 de agosto se realizar\u00e1 una cena solidaria para nuestros bomberos. Grandes artistas estar\u00e1n sobre el escenario. La esperanza est\u00e1 puesta en lograr que 1000 vecinos sean parte. Tras un nuevo encuentro con el jefe comunal Juan Ignacio Ustarroz y recibir apoyo a trav\u00e9s de un cheque con\u2026","rel":"","context":"En \u00abSociedad\u00bb","block_context":{"text":"Sociedad","link":"https:\/\/www.hoymercedes.com.ar\/principal\/category\/sociedad\/"},"img":{"alt_text":"","src":"https:\/\/i0.wp.com\/www.hoymercedes.com.ar\/principal\/wp-content\/uploads\/2018\/07\/TodosXBomberos-2.jpg?resize=350%2C200&ssl=1","width":350,"height":200,"srcset":"https:\/\/i0.wp.com\/www.hoymercedes.com.ar\/principal\/wp-content\/uploads\/2018\/07\/TodosXBomberos-2.jpg?resize=350%2C200&ssl=1 1x, https:\/\/i0.wp.com\/www.hoymercedes.com.ar\/principal\/wp-content\/uploads\/2018\/07\/TodosXBomberos-2.jpg?resize=525%2C300&ssl=1 1.5x, https:\/\/i0.wp.com\/www.hoymercedes.com.ar\/principal\/wp-content\/uploads\/2018\/07\/TodosXBomberos-2.jpg?resize=700%2C400&ssl=1 2x, https:\/\/i0.wp.com\/www.hoymercedes.com.ar\/principal\/wp-content\/uploads\/2018\/07\/TodosXBomberos-2.jpg?resize=1050%2C600&ssl=1 3x"},"classes":[]},{"id":78946,"url":"https:\/\/www.hoymercedes.com.ar\/principal\/2018\/07\/23\/bomberos-y-municipio-organizan-cena-solidaria-todos-x-bomberos\/","url_meta":{"origin":80014,"position":1},"title":"Bomberos y Municipio organizan cena solidaria \u201cTodos x Bomberos\u201d","author":"hoymercedes","date":"23 julio, 2018","format":false,"excerpt":"\u00a0 El pr\u00f3ximo 18 de agosto se llevar\u00e1 a cabo un nuevo encuentro solidario en nuestra ciudad. En esta ocasi\u00f3n para una de las instituciones m\u00e1s queridas y respetadas: Bomberos Voluntarios. Ser\u00e1 en el \u00e1mbito del CEF N\u00b040 y se est\u00e1 trabajando en conjunto entre la Municipalidad de Mercedes y\u2026","rel":"","context":"En \u00abSociedad\u00bb","block_context":{"text":"Sociedad","link":"https:\/\/www.hoymercedes.com.ar\/principal\/category\/sociedad\/"},"img":{"alt_text":"","src":"https:\/\/i0.wp.com\/www.hoymercedes.com.ar\/principal\/wp-content\/uploads\/2018\/07\/TodosXBomberos-2.jpg?resize=350%2C200&ssl=1","width":350,"height":200,"srcset":"https:\/\/i0.wp.com\/www.hoymercedes.com.ar\/principal\/wp-content\/uploads\/2018\/07\/TodosXBomberos-2.jpg?resize=350%2C200&ssl=1 1x, https:\/\/i0.wp.com\/www.hoymercedes.com.ar\/principal\/wp-content\/uploads\/2018\/07\/TodosXBomberos-2.jpg?resize=525%2C300&ssl=1 1.5x, https:\/\/i0.wp.com\/www.hoymercedes.com.ar\/principal\/wp-content\/uploads\/2018\/07\/TodosXBomberos-2.jpg?resize=700%2C400&ssl=1 2x, https:\/\/i0.wp.com\/www.hoymercedes.com.ar\/principal\/wp-content\/uploads\/2018\/07\/TodosXBomberos-2.jpg?resize=1050%2C600&ssl=1 3x"},"classes":[]},{"id":159500,"url":"https:\/\/www.hoymercedes.com.ar\/principal\/2023\/03\/13\/cerca-de-600-personas-participaron-de-la-cena-solidaria-con-bomberos\/","url_meta":{"origin":80014,"position":2},"title":"Cerca de 600 personas participaron de la cena solidaria con Bomberos","author":"hoymercedes","date":"13 marzo, 2023","format":false,"excerpt":"En la noche del s\u00e1bado se concret\u00f3 la cena solidaria de \u201cTodos por Bomberos\u201d en la sede de la Sociedad Rural Regional de \u00a0Mercedes.\u00a0 Cerca de 600 personas \u2013entre mayores y menores- se congregaron en las instalaciones de la Ruta 5 para colaborar en el evento. En total se cocinaron\u2026","rel":"","context":"En \u00abSociedad\u00bb","block_context":{"text":"Sociedad","link":"https:\/\/www.hoymercedes.com.ar\/principal\/category\/sociedad\/"},"img":{"alt_text":"","src":"https:\/\/i0.wp.com\/www.hoymercedes.com.ar\/principal\/wp-content\/uploads\/2023\/03\/image-20.png?resize=350%2C200&ssl=1","width":350,"height":200,"srcset":"https:\/\/i0.wp.com\/www.hoymercedes.com.ar\/principal\/wp-content\/uploads\/2023\/03\/image-20.png?resize=350%2C200&ssl=1 1x, https:\/\/i0.wp.com\/www.hoymercedes.com.ar\/principal\/wp-content\/uploads\/2023\/03\/image-20.png?resize=525%2C300&ssl=1 1.5x"},"classes":[]},{"id":105414,"url":"https:\/\/www.hoymercedes.com.ar\/principal\/2020\/01\/21\/bomberos-donde-estan-las-urnas-para-depositar-los-billetes-de-5-pesos\/","url_meta":{"origin":80014,"position":3},"title":"Bomberos: \u00bfd\u00f3nde est\u00e1n las urnas para depositar los billetes de 5 pesos?","author":"hoymercedes","date":"21 enero, 2020","format":false,"excerpt":"Pese a que se extendi\u00f3 un mes el plazo de circulaci\u00f3n oficial de los billetes de 5 pesos, el cuerpo de Bomberos Voluntarios de Mercedes contin\u00faan con su campa\u00f1a para que los vecinos que as\u00ed lo deseen pueden donar los billetes a la instituci\u00f3n de calle 22, entre 15 y\u2026","rel":"","context":"En \u00abComunidad\u00bb","block_context":{"text":"Comunidad","link":"https:\/\/www.hoymercedes.com.ar\/principal\/category\/comunidad\/"},"img":{"alt_text":"","src":"https:\/\/i0.wp.com\/www.hoymercedes.com.ar\/principal\/wp-content\/uploads\/2020\/01\/21-bomberos-1.jpg?resize=350%2C200&ssl=1","width":350,"height":200,"srcset":"https:\/\/i0.wp.com\/www.hoymercedes.com.ar\/principal\/wp-content\/uploads\/2020\/01\/21-bomberos-1.jpg?resize=350%2C200&ssl=1 1x, https:\/\/i0.wp.com\/www.hoymercedes.com.ar\/principal\/wp-content\/uploads\/2020\/01\/21-bomberos-1.jpg?resize=525%2C300&ssl=1 1.5x, https:\/\/i0.wp.com\/www.hoymercedes.com.ar\/principal\/wp-content\/uploads\/2020\/01\/21-bomberos-1.jpg?resize=700%2C400&ssl=1 2x"},"classes":[]},{"id":160278,"url":"https:\/\/www.hoymercedes.com.ar\/principal\/2023\/03\/29\/festival-todos-por-bomberos-este-domingo-2-de-abril\/","url_meta":{"origin":80014,"position":4},"title":"Festival Todos por Bomberos este domingo 2 de abril","author":"hoymercedes","date":"29 marzo, 2023","format":false,"excerpt":"Los Bomberos se preparan para el festival el pr\u00f3ximo domingo 2 de abril. Habr\u00e1 venta de comida por kilo, patio cervecero, exhibici\u00f3n de equitaci\u00f3n y paseos a caballo, sorteos y varios shows musicales contando con el cierre a cargo de Alcides. Tambi\u00e9n homenajear\u00e1n a los Veteranos de Malvinas.","rel":"","context":"En \u00abSociedad\u00bb","block_context":{"text":"Sociedad","link":"https:\/\/www.hoymercedes.com.ar\/principal\/category\/sociedad\/"},"img":{"alt_text":"","src":"https:\/\/i0.wp.com\/www.hoymercedes.com.ar\/principal\/wp-content\/uploads\/2023\/03\/image-20.png?resize=350%2C200&ssl=1","width":350,"height":200,"srcset":"https:\/\/i0.wp.com\/www.hoymercedes.com.ar\/principal\/wp-content\/uploads\/2023\/03\/image-20.png?resize=350%2C200&ssl=1 1x, https:\/\/i0.wp.com\/www.hoymercedes.com.ar\/principal\/wp-content\/uploads\/2023\/03\/image-20.png?resize=525%2C300&ssl=1 1.5x"},"classes":[]},{"id":156423,"url":"https:\/\/www.hoymercedes.com.ar\/principal\/2022\/12\/09\/cef-n-40-cerro-el-ano-con-una-noche-solidaria\/","url_meta":{"origin":80014,"position":5},"title":"CEF N\u00b0 40 cerr\u00f3 el a\u00f1o con una noche solidaria","author":"hoymercedes","date":"9 diciembre, 2022","format":false,"excerpt":"El CEF N\u00ba40 celebr\u00f3 el a\u00f1o de trabajo y crecimiento en sus instalaciones con una cena solidaria.","rel":"","context":"En \u00abSociedad\u00bb","block_context":{"text":"Sociedad","link":"https:\/\/www.hoymercedes.com.ar\/principal\/category\/sociedad\/"},"img":{"alt_text":"","src":"https:\/\/i0.wp.com\/www.hoymercedes.com.ar\/principal\/wp-content\/uploads\/2022\/12\/SJA_5494.jpg?resize=350%2C200&ssl=1","width":350,"height":200,"srcset":"https:\/\/i0.wp.com\/www.hoymercedes.com.ar\/principal\/wp-content\/uploads\/2022\/12\/SJA_5494.jpg?resize=350%2C200&ssl=1 1x, https:\/\/i0.wp.com\/www.hoymercedes.com.ar\/principal\/wp-content\/uploads\/2022\/12\/SJA_5494.jpg?resize=525%2C300&ssl=1 1.5x, https:\/\/i0.wp.com\/www.hoymercedes.com.ar\/principal\/wp-content\/uploads\/2022\/12\/SJA_5494.jpg?resize=700%2C400&ssl=1 2x"},"classes":[]}],"_links":{"self":[{"href":"https:\/\/www.hoymercedes.com.ar\/principal\/wp-json\/wp\/v2\/posts\/80014","targetHints":{"allow":["GET"]}}],"collection":[{"href":"https:\/\/www.hoymercedes.com.ar\/principal\/wp-json\/wp\/v2\/posts"}],"about":[{"href":"https:\/\/www.hoymercedes.com.ar\/principal\/wp-json\/wp\/v2\/types\/post"}],"author":[{"embeddable":true,"href":"https:\/\/www.hoymercedes.com.ar\/principal\/wp-json\/wp\/v2\/users\/1"}],"replies":[{"embeddable":true,"href":"https:\/\/www.hoymercedes.com.ar\/principal\/wp-json\/wp\/v2\/comments?post=80014"}],"version-history":[{"count":0,"href":"https:\/\/www.hoymercedes.com.ar\/principal\/wp-json\/wp\/v2\/posts\/80014\/revisions"}],"wp:featuredmedia":[{"embeddable":true,"href":"https:\/\/www.hoymercedes.com.ar\/principal\/wp-json\/wp\/v2\/media\/80016"}],"wp:attachment":[{"href":"https:\/\/www.hoymercedes.com.ar\/principal\/wp-json\/wp\/v2\/media?parent=80014"}],"wp:term":[{"taxonomy":"category","embeddable":true,"href":"https:\/\/www.hoymercedes.com.ar\/principal\/wp-json\/wp\/v2\/categories?post=80014"},{"taxonomy":"post_tag","embeddable":true,"href":"https:\/\/www.hoymercedes.com.ar\/principal\/wp-json\/wp\/v2\/tags?post=80014"}],"curies":[{"name":"wp","href":"https:\/\/api.w.org\/{rel}","templated":true}]}}