{"id":8002,"date":"2011-10-06T03:20:44","date_gmt":"2011-10-06T03:20:44","guid":{"rendered":"http:\/\/www.hoymercedes.com.ar\/principal\/?p=8002"},"modified":"2011-10-06T03:20:44","modified_gmt":"2011-10-06T03:20:44","slug":"jovenes-selvistas-en-militancia-recalcan-su-accionar","status":"publish","type":"post","link":"https:\/\/www.hoymercedes.com.ar\/principal\/2011\/10\/06\/jovenes-selvistas-en-militancia-recalcan-su-accionar\/","title":{"rendered":"Jovenes selvistas en militancia recalcan su accionar"},"content":{"rendered":"<p><a href=\"https:\/\/www.hoymercedes.com.ar\/principal\/wp-content\/uploads\/2011\/10\/jovenes-selvistas.jpg\"><img loading=\"lazy\" decoding=\"async\" data-attachment-id=\"8004\" data-permalink=\"https:\/\/www.hoymercedes.com.ar\/principal\/2011\/10\/06\/jovenes-selvistas-en-militancia-recalcan-su-accionar\/jovenes-selvistas\/#main\" data-orig-file=\"https:\/\/www.hoymercedes.com.ar\/principal\/wp-content\/uploads\/2011\/10\/jovenes-selvistas.jpg\" data-orig-size=\"612,555\" data-comments-opened=\"1\" data-image-meta=\"{&quot;aperture&quot;:&quot;0&quot;,&quot;credit&quot;:&quot;&quot;,&quot;camera&quot;:&quot;BlackBerry 9300&quot;,&quot;caption&quot;:&quot;&quot;,&quot;created_timestamp&quot;:&quot;0&quot;,&quot;copyright&quot;:&quot;&quot;,&quot;focal_length&quot;:&quot;0&quot;,&quot;iso&quot;:&quot;0&quot;,&quot;shutter_speed&quot;:&quot;0&quot;,&quot;title&quot;:&quot;&quot;}\" data-image-title=\"jovenes-selvistas\" data-image-description=\"\" data-image-caption=\"\" data-large-file=\"https:\/\/www.hoymercedes.com.ar\/principal\/wp-content\/uploads\/2011\/10\/jovenes-selvistas.jpg\" class=\"aligncenter size-full wp-image-8004\" title=\"jovenes-selvistas\" src=\"https:\/\/www.hoymercedes.com.ar\/principal\/wp-content\/uploads\/2011\/10\/jovenes-selvistas.jpg\" alt=\"\" width=\"612\" height=\"555\" \/><\/a><\/p>\n<p>En tiempos donde prevalecen las individualidades, un grupo de j\u00f3venes unen criterios y esfuerzos con el objetivo de defender el proyecto de gobierno que comenz\u00f3 en diciembre del 2003 de la mano del conductor pol\u00edtico de la Agrupaci\u00f3n 17 de Octubre y del Partido Justicialista de Mercedes, Carlos Selva.<\/p>\n<p>Los j\u00f3venes selvistas, desde hace mucho tiempo, caminan todos los barrios de la ciudad con el prop\u00f3sito de escuchar al vecino y \u201chablarle al coraz\u00f3n\u201d dice con mucha emoci\u00f3n el 2\u00ba candidato a Concejal de la lista 131, Carlos Milhhome.<\/p>\n<p>Cabe se\u00f1alar que llevan adelante actividades solidarias, confeccionan murales, participan de capacitaciones y conferencias y sobre todo proponen la ciudad del futuro; \u201ctenemos un lugar para opinar, todos los j\u00f3venes de la ciudad lo tienen, cada vez somos m\u00e1s y eso nos llena de energ\u00eda\u201d remarca.<\/p>\n<p><span style=\"color: #888888;\">Fuente: Prensa J\u00f3venes Selvistas<\/span><\/p>\n","protected":false},"excerpt":{"rendered":"<p>En tiempos donde prevalecen las individualidades, un grupo de j\u00f3venes unen criterios y esfuerzos con el objetivo de defender el &#8230; <a title=\"Jovenes selvistas en militancia recalcan su accionar\" class=\"read-more\" href=\"https:\/\/www.hoymercedes.com.ar\/principal\/2011\/10\/06\/jovenes-selvistas-en-militancia-recalcan-su-accionar\/\" aria-label=\"Leer m\u00e1s sobre Jovenes selvistas en militancia recalcan su accionar\">Leer m\u00e1s<\/a><\/p>\n","protected":false},"author":1,"featured_media":0,"comment_status":"open","ping_status":"open","sticky":false,"template":"","format":"standard","meta":{"_monsterinsights_skip_tracking":false,"_monsterinsights_sitenote_active":false,"_monsterinsights_sitenote_note":"","_monsterinsights_sitenote_category":0,"jetpack_post_was_ever_published":false,"_jetpack_newsletter_access":"","_jetpack_dont_email_post_to_subs":false,"_jetpack_newsletter_tier_id":0,"_jetpack_memberships_contains_paywalled_content":false,"_jetpack_memberships_contains_paid_content":false,"footnotes":"","jetpack_publicize_message":"","jetpack_publicize_feature_enabled":true,"jetpack_social_post_already_shared":false,"jetpack_social_options":{"image_generator_settings":{"template":"highway","default_image_id":0,"font":"","enabled":false},"version":2},"_wpas_customize_per_network":false},"categories":[5],"tags":[1415],"class_list":["post-8002","post","type-post","status-publish","format-standard","hentry","category-politica","tag-jovenes-selvistas","generate-columns","tablet-grid-50","mobile-grid-100","grid-parent","grid-50"],"jetpack_publicize_connections":[],"jetpack_featured_media_url":"","wps_subtitle":"","jetpack_sharing_enabled":true,"_links":{"self":[{"href":"https:\/\/www.hoymercedes.com.ar\/principal\/wp-json\/wp\/v2\/posts\/8002","targetHints":{"allow":["GET"]}}],"collection":[{"href":"https:\/\/www.hoymercedes.com.ar\/principal\/wp-json\/wp\/v2\/posts"}],"about":[{"href":"https:\/\/www.hoymercedes.com.ar\/principal\/wp-json\/wp\/v2\/types\/post"}],"author":[{"embeddable":true,"href":"https:\/\/www.hoymercedes.com.ar\/principal\/wp-json\/wp\/v2\/users\/1"}],"replies":[{"embeddable":true,"href":"https:\/\/www.hoymercedes.com.ar\/principal\/wp-json\/wp\/v2\/comments?post=8002"}],"version-history":[{"count":0,"href":"https:\/\/www.hoymercedes.com.ar\/principal\/wp-json\/wp\/v2\/posts\/8002\/revisions"}],"wp:attachment":[{"href":"https:\/\/www.hoymercedes.com.ar\/principal\/wp-json\/wp\/v2\/media?parent=8002"}],"wp:term":[{"taxonomy":"category","embeddable":true,"href":"https:\/\/www.hoymercedes.com.ar\/principal\/wp-json\/wp\/v2\/categories?post=8002"},{"taxonomy":"post_tag","embeddable":true,"href":"https:\/\/www.hoymercedes.com.ar\/principal\/wp-json\/wp\/v2\/tags?post=8002"}],"curies":[{"name":"wp","href":"https:\/\/api.w.org\/{rel}","templated":true}]}}