{"id":80034,"date":"2018-08-18T14:38:56","date_gmt":"2018-08-18T17:38:56","guid":{"rendered":"http:\/\/www.hoymercedes.com.ar\/principal\/?p=80034"},"modified":"2018-08-19T14:50:24","modified_gmt":"2018-08-19T17:50:24","slug":"recordaron-al-general-jose-de-san-martin","status":"publish","type":"post","link":"https:\/\/www.hoymercedes.com.ar\/principal\/2018\/08\/18\/recordaron-al-general-jose-de-san-martin\/","title":{"rendered":"Recordaron al General Jos\u00e9 de San Mart\u00edn"},"content":{"rendered":"<p>Como todos los a\u00f1os, este 17 de agosto se conmemor\u00f3 el acto aniversario del paso a la inmortalidad del Gral. Jos\u00e9 de San Mart\u00edn. El encuentro fue presidido por el jefe comunal de la ciudad de Mercedes, Juan Ignacio Ustarroz, qui\u00e9n expres\u00f3 \u201cestamos conmemorando el paso a la inmortalidad del padre de nuestra patria, Don Jos\u00e9 de San Mart\u00edn. Un modelo a seguir por sus virtudes y su visi\u00f3n de un pa\u00eds libre y soberano\u201d.<\/p>\n<p><img loading=\"lazy\" decoding=\"async\" data-attachment-id=\"80036\" data-permalink=\"https:\/\/www.hoymercedes.com.ar\/principal\/2018\/08\/18\/recordaron-al-general-jose-de-san-martin\/18-san-martin-2\/#main\" data-orig-file=\"https:\/\/www.hoymercedes.com.ar\/principal\/wp-content\/uploads\/2018\/08\/18-san-martin-2.jpg\" data-orig-size=\"750,501\" data-comments-opened=\"0\" data-image-meta=\"{&quot;aperture&quot;:&quot;0&quot;,&quot;credit&quot;:&quot;&quot;,&quot;camera&quot;:&quot;&quot;,&quot;caption&quot;:&quot;&quot;,&quot;created_timestamp&quot;:&quot;0&quot;,&quot;copyright&quot;:&quot;&quot;,&quot;focal_length&quot;:&quot;0&quot;,&quot;iso&quot;:&quot;0&quot;,&quot;shutter_speed&quot;:&quot;0&quot;,&quot;title&quot;:&quot;&quot;,&quot;orientation&quot;:&quot;0&quot;}\" data-image-title=\"18 san martin 2\" data-image-description=\"\" data-image-caption=\"\" data-large-file=\"https:\/\/www.hoymercedes.com.ar\/principal\/wp-content\/uploads\/2018\/08\/18-san-martin-2.jpg\" class=\"aligncenter size-medium wp-image-80036\" src=\"https:\/\/www.hoymercedes.com.ar\/principal\/wp-content\/uploads\/2018\/08\/18-san-martin-2-630x421.jpg\" alt=\"\" width=\"630\" height=\"421\" srcset=\"https:\/\/www.hoymercedes.com.ar\/principal\/wp-content\/uploads\/2018\/08\/18-san-martin-2-630x421.jpg 630w, https:\/\/www.hoymercedes.com.ar\/principal\/wp-content\/uploads\/2018\/08\/18-san-martin-2-150x100.jpg 150w, https:\/\/www.hoymercedes.com.ar\/principal\/wp-content\/uploads\/2018\/08\/18-san-martin-2.jpg 750w\" sizes=\"auto, (max-width: 630px) 100vw, 630px\" \/><\/p>\n<p>Estuvieron presentes autoridades del departamento ejecutivo y legislativo del estado municipal, representantes eclesi\u00e1sticos, autoridades del cuartel de Gendarmer\u00eda Cabo Juan Adolfo Romero, veteranos de Guerra de Malvinas, Bomberos Voluntarios, Polic\u00eda Comunal, entidades educativas, instituciones de nuestra ciudad y p\u00fablico en general.<\/p>\n<p>En primer lugar, se entonaron las estrofas del Himno Nacional Argentino. Luego se colocaron las ofrendas florales al pie del monumento del Gral. Jos\u00e9 de San Mart\u00edn.\u00a0Una vez realizados los actos protocolares, el intendente de nuestra ciudad, el Intendente Ustarroz, expres\u00f3 \u201cyo participo de la idea de que la historia no es solo recordar hechos de memoria, sino es una sumatoria de cuestiones, hechos, procesos, m\u00e1s el di\u00e1logo interdisciplinario con la sociolog\u00eda, la econom\u00eda, la pol\u00edtica, la antropolog\u00eda y desde esa visi\u00f3n mucho m\u00e1s abierta tenemos m\u00e1s capacidad de comprensi\u00f3n\u201d y agreg\u00f3 \u201cpara entender debemos ser capaces de hacer este ejercicio como sociedad, dialogando con nuestras instituciones y pensando en el bien en com\u00fan\u201d.<\/p>\n<p>Asimismo, el primer mandatario, continu\u00f3 \u201ccreo que el legado de San Mart\u00edn fue su vocaci\u00f3n de entrega y su amor hacia nuestra patria que forjaron nuestra libertad y dieron paso a la emancipaci\u00f3n de toda am\u00e9rica latina\u201d.<\/p>\n<p>Y a su vez, el intendente Ustarroz, subray\u00f3 la importancia de la educaci\u00f3n en una sociedad que a\u00fan est\u00e1 en procesos de formaci\u00f3n \u201chace poco estaba desayunando con un grupo de j\u00f3venes de distintas escuelas que van a ir a Mar del Plata a las olimpiadas de matem\u00e1ticas y destac\u00e1bamos qu\u00e9 importante es que podamos ver esas cosas de nuestra juventud, desarrollando su potencial, integrada con nuestros docentes y nuestros establecimientos educativos. Porque todo lo que sucede en nuestra sociedad est\u00e1 atravesado transversalmente por la educaci\u00f3n, por eso es muy importante brindarle las herramientas necesarias para su desarrollo, que significar\u00e1 un crecimiento de nuestro pueblo\u201d.<\/p>\n<p><img loading=\"lazy\" decoding=\"async\" data-attachment-id=\"80035\" data-permalink=\"https:\/\/www.hoymercedes.com.ar\/principal\/2018\/08\/18\/recordaron-al-general-jose-de-san-martin\/18-san-martin-1\/#main\" data-orig-file=\"https:\/\/www.hoymercedes.com.ar\/principal\/wp-content\/uploads\/2018\/08\/18-san-martin-1.jpg\" data-orig-size=\"750,500\" data-comments-opened=\"0\" data-image-meta=\"{&quot;aperture&quot;:&quot;0&quot;,&quot;credit&quot;:&quot;&quot;,&quot;camera&quot;:&quot;&quot;,&quot;caption&quot;:&quot;&quot;,&quot;created_timestamp&quot;:&quot;0&quot;,&quot;copyright&quot;:&quot;&quot;,&quot;focal_length&quot;:&quot;0&quot;,&quot;iso&quot;:&quot;0&quot;,&quot;shutter_speed&quot;:&quot;0&quot;,&quot;title&quot;:&quot;&quot;,&quot;orientation&quot;:&quot;0&quot;}\" data-image-title=\"18 san martin 1\" data-image-description=\"\" data-image-caption=\"\" data-large-file=\"https:\/\/www.hoymercedes.com.ar\/principal\/wp-content\/uploads\/2018\/08\/18-san-martin-1.jpg\" class=\"aligncenter size-medium wp-image-80035\" src=\"https:\/\/www.hoymercedes.com.ar\/principal\/wp-content\/uploads\/2018\/08\/18-san-martin-1-630x420.jpg\" alt=\"\" width=\"630\" height=\"420\" srcset=\"https:\/\/www.hoymercedes.com.ar\/principal\/wp-content\/uploads\/2018\/08\/18-san-martin-1-630x420.jpg 630w, https:\/\/www.hoymercedes.com.ar\/principal\/wp-content\/uploads\/2018\/08\/18-san-martin-1-150x100.jpg 150w, https:\/\/www.hoymercedes.com.ar\/principal\/wp-content\/uploads\/2018\/08\/18-san-martin-1.jpg 750w\" sizes=\"auto, (max-width: 630px) 100vw, 630px\" \/><\/p>\n<p>\u201cCreo que hoy, como en todas las fechas patrias, debemos reflexionar qu\u00e9 sociedad tenemos, de d\u00f3nde venimos y qu\u00e9 es lo que queremos construir\u201d y a\u00f1adi\u00f3 \u201cpoder pensar una sociedad mejor, no desde grandes acontecimientos, sino desde los peque\u00f1os gestos\u201d se\u00f1al\u00f3, el primer mandatario.\u00a0Al finalizar, el jefe comunal, se\u00f1al\u00f3 \u201cespero que el futuro nos encuentre en una ciudad mejor, m\u00e1s inclusiva, justa y sustentable\u201d.<\/p>\n<p>Qui\u00e9n tambi\u00e9n hizo uso de la palabra fue Leticia Letieri, del Instituto Sarmantiniano, que hizo una revisi\u00f3n de la vida del Gral. San Mart\u00edn como ciudadano, destacando su integridad, honradez conducta, sencillez y entereza. A su vez, Letieri dijo \u201cdebemos establecer la solidaridad social, que sea real, ahuyentando el infortunio de los m\u00e1s humildes. Debemos trabajar todos juntos para lograr el progreso y la grandeza de la Naci\u00f3n. Pero esto se puede lograr si hay un verdadero amor a la patria\u201d.\u00a0\u201cNuestro homenaje ser\u00e1 nuestra gratitud y compromiso de conservar la libertad que San Mart\u00edn nos otorg\u00f3, estando cada vez m\u00e1s convencidos de los beneficios de una sociedad ordenada y justa\u201d, agreg\u00f3.<\/p>\n<p>Fuente: Prensa Municipal<\/p>\n","protected":false},"excerpt":{"rendered":"<p>Como todos los a\u00f1os, este 17 de agosto se conmemor\u00f3 el acto aniversario del paso a la inmortalidad del Gral. &#8230; <a title=\"Recordaron al General Jos\u00e9 de San Mart\u00edn\" class=\"read-more\" href=\"https:\/\/www.hoymercedes.com.ar\/principal\/2018\/08\/18\/recordaron-al-general-jose-de-san-martin\/\" aria-label=\"Leer m\u00e1s sobre Recordaron al General Jos\u00e9 de San Mart\u00edn\">Leer m\u00e1s<\/a><\/p>\n","protected":false},"author":1,"featured_media":80035,"comment_status":"closed","ping_status":"open","sticky":false,"template":"","format":"standard","meta":{"_monsterinsights_skip_tracking":false,"_monsterinsights_sitenote_active":false,"_monsterinsights_sitenote_note":"","_monsterinsights_sitenote_category":0,"jetpack_post_was_ever_published":false,"_jetpack_newsletter_access":"","_jetpack_dont_email_post_to_subs":false,"_jetpack_newsletter_tier_id":0,"_jetpack_memberships_contains_paywalled_content":false,"_jetpack_memberships_contains_paid_content":false,"footnotes":"","jetpack_publicize_message":"","jetpack_publicize_feature_enabled":true,"jetpack_social_post_already_shared":true,"jetpack_social_options":{"image_generator_settings":{"template":"highway","default_image_id":0,"font":"","enabled":false},"version":2},"_wpas_customize_per_network":false},"categories":[30],"tags":[8833,8834,244,1499],"class_list":["post-80034","post","type-post","status-publish","format-standard","has-post-thumbnail","hentry","category-municipio","tag-acto-protocolar","tag-homenaje","tag-municipio-2","tag-san-martin","generate-columns","tablet-grid-50","mobile-grid-100","grid-parent","grid-50"],"jetpack_publicize_connections":[],"jetpack_featured_media_url":"https:\/\/www.hoymercedes.com.ar\/principal\/wp-content\/uploads\/2018\/08\/18-san-martin-1.jpg","wps_subtitle":"Acto protocolar","jetpack_sharing_enabled":true,"jetpack-related-posts":[{"id":135510,"url":"https:\/\/www.hoymercedes.com.ar\/principal\/2021\/08\/18\/acto-homenaje-a-jose-de-san-martin\/","url_meta":{"origin":80034,"position":0},"title":"Acto homenaje a Jos\u00e9 de San Mart\u00edn","author":"hoymercedes","date":"18 agosto, 2021","format":false,"excerpt":"Este martes 17 de agosto se conmemor\u00f3 el 117 aniversario del paso a la inmortalidad del Gral. Jos\u00e9 de San Mart\u00edn. De esta manera, se evoc\u00f3 a nuestro gran h\u00e9roe y \u201cLibertador de Am\u00e9rica\u201d en el monumento que lleva su nombre en nuestra ciudad. \u00a0 En primer lugar, se entonaron\u2026","rel":"","context":"En \u00abMunicipio\u00bb","block_context":{"text":"Municipio","link":"https:\/\/www.hoymercedes.com.ar\/principal\/category\/municipio\/"},"img":{"alt_text":"","src":"https:\/\/i0.wp.com\/www.hoymercedes.com.ar\/principal\/wp-content\/uploads\/2021\/08\/2021-08-18-6.png?resize=350%2C200&ssl=1","width":350,"height":200,"srcset":"https:\/\/i0.wp.com\/www.hoymercedes.com.ar\/principal\/wp-content\/uploads\/2021\/08\/2021-08-18-6.png?resize=350%2C200&ssl=1 1x, https:\/\/i0.wp.com\/www.hoymercedes.com.ar\/principal\/wp-content\/uploads\/2021\/08\/2021-08-18-6.png?resize=525%2C300&ssl=1 1.5x, https:\/\/i0.wp.com\/www.hoymercedes.com.ar\/principal\/wp-content\/uploads\/2021\/08\/2021-08-18-6.png?resize=700%2C400&ssl=1 2x"},"classes":[]},{"id":178051,"url":"https:\/\/www.hoymercedes.com.ar\/principal\/2024\/08\/19\/se-conmemoro-el-paso-a-la-inmortalidad-del-general-san-martin\/","url_meta":{"origin":80034,"position":1},"title":"Se conmemor\u00f3 el paso a la inmortalidad del General San Mart\u00edn","author":"hoymercedes","date":"19 agosto, 2024","format":false,"excerpt":"Se conmemor\u00f3 el 174 aniversario del paso a la inmortalidad del libertador de Am\u00e9rica. En la plaza San Mart\u00edn de nuestra ciudad se dieron cita las diferentes instituciones educativas de la ciudad, directivos, funcionarios, concejales y vecinos de la ciudad. El intendente Juan Ignacio Ustarroz manifest\u00f3 \u201cestamos recordando al s\u00edmbolo\u2026","rel":"","context":"En \u00abEducaci\u00f3n\u00bb","block_context":{"text":"Educaci\u00f3n","link":"https:\/\/www.hoymercedes.com.ar\/principal\/category\/educacion\/"},"img":{"alt_text":"Se conmemor\u00f3 el paso a la inmortalidad del General San Mart\u00edn","src":"https:\/\/i0.wp.com\/www.hoymercedes.com.ar\/principal\/wp-content\/uploads\/2024\/08\/AS002.jpg?resize=350%2C200&ssl=1","width":350,"height":200,"srcset":"https:\/\/i0.wp.com\/www.hoymercedes.com.ar\/principal\/wp-content\/uploads\/2024\/08\/AS002.jpg?resize=350%2C200&ssl=1 1x, https:\/\/i0.wp.com\/www.hoymercedes.com.ar\/principal\/wp-content\/uploads\/2024\/08\/AS002.jpg?resize=525%2C300&ssl=1 1.5x, https:\/\/i0.wp.com\/www.hoymercedes.com.ar\/principal\/wp-content\/uploads\/2024\/08\/AS002.jpg?resize=700%2C400&ssl=1 2x, https:\/\/i0.wp.com\/www.hoymercedes.com.ar\/principal\/wp-content\/uploads\/2024\/08\/AS002.jpg?resize=1050%2C600&ssl=1 3x"},"classes":[]},{"id":165908,"url":"https:\/\/www.hoymercedes.com.ar\/principal\/2023\/08\/17\/realizaron-acto-homenaje-a-san-martin\/","url_meta":{"origin":80034,"position":2},"title":"Realizaron acto homenaje a San Mart\u00edn","author":"hoymercedes","date":"17 agosto, 2023","format":false,"excerpt":"En la ma\u00f1ana del jueves 17 en la plaza San Mart\u00edn se conmemor\u00f3 el 173 aniversario del paso a la inmortalidad del libertador de Am\u00e9rica. Se hicieron presentes instituciones educativas de la ciudad, directivos, funcionarios, concejales y vecinos de la ciudad. El intendente Juan Ignacio Ustarroz manifest\u00f3 \u201cun saludo especial\u2026","rel":"","context":"En \u00abMunicipio\u00bb","block_context":{"text":"Municipio","link":"https:\/\/www.hoymercedes.com.ar\/principal\/category\/municipio\/"},"img":{"alt_text":"","src":"https:\/\/i0.wp.com\/www.hoymercedes.com.ar\/principal\/wp-content\/uploads\/2023\/08\/SanMartin-Acto-2023-2.jpg?resize=350%2C200&ssl=1","width":350,"height":200,"srcset":"https:\/\/i0.wp.com\/www.hoymercedes.com.ar\/principal\/wp-content\/uploads\/2023\/08\/SanMartin-Acto-2023-2.jpg?resize=350%2C200&ssl=1 1x, https:\/\/i0.wp.com\/www.hoymercedes.com.ar\/principal\/wp-content\/uploads\/2023\/08\/SanMartin-Acto-2023-2.jpg?resize=525%2C300&ssl=1 1.5x, https:\/\/i0.wp.com\/www.hoymercedes.com.ar\/principal\/wp-content\/uploads\/2023\/08\/SanMartin-Acto-2023-2.jpg?resize=700%2C400&ssl=1 2x"},"classes":[]},{"id":78380,"url":"https:\/\/www.hoymercedes.com.ar\/principal\/2018\/07\/09\/se-conmemoro-el-dia-de-la-independencia-en-plaza-san-martin\/","url_meta":{"origin":80034,"position":3},"title":"Se conmemor\u00f3 el D\u00eda de la Independencia en Plaza San Mart\u00edn","author":"hoymercedes","date":"9 julio, 2018","format":false,"excerpt":"Este 9 de julio se conmemor\u00f3, en la plaza San Mart\u00edn de nuestra ciudad, el 202 aniversario de la declaraci\u00f3n de la independencia. El encuentro fue encabezado por el jefe comunal de la ciudad de Mercedes, Juan Ignacio Ustarroz, qui\u00e9n expres\u00f3 \u201cpara que un pueblo sea independiente se necesita de\u2026","rel":"","context":"En \u00abMunicipio\u00bb","block_context":{"text":"Municipio","link":"https:\/\/www.hoymercedes.com.ar\/principal\/category\/municipio\/"},"img":{"alt_text":"","src":"https:\/\/i0.wp.com\/www.hoymercedes.com.ar\/principal\/wp-content\/uploads\/2018\/07\/09-acto-9dejulio-1.jpg?resize=350%2C200&ssl=1","width":350,"height":200,"srcset":"https:\/\/i0.wp.com\/www.hoymercedes.com.ar\/principal\/wp-content\/uploads\/2018\/07\/09-acto-9dejulio-1.jpg?resize=350%2C200&ssl=1 1x, https:\/\/i0.wp.com\/www.hoymercedes.com.ar\/principal\/wp-content\/uploads\/2018\/07\/09-acto-9dejulio-1.jpg?resize=525%2C300&ssl=1 1.5x, https:\/\/i0.wp.com\/www.hoymercedes.com.ar\/principal\/wp-content\/uploads\/2018\/07\/09-acto-9dejulio-1.jpg?resize=700%2C400&ssl=1 2x"},"classes":[]},{"id":15370,"url":"https:\/\/www.hoymercedes.com.ar\/principal\/2012\/08\/17\/acto-homenaje-a-san-martin\/","url_meta":{"origin":80034,"position":4},"title":"Acto homenaje a San Mart\u00edn","author":"hoymercedes","date":"17 agosto, 2012","format":false,"excerpt":"En la ma\u00f1ana se desarrollo el acto correspondiente para homenajear al Padre de la Patria Jose de San Martin, en el marco del 162\u00b0 Aniversario de su paso a la inmortalidad. El mismo, por las condiciones climaticas imperantes, se llevo a cabo en el interior del Centro Cultural Teatro Int.\u2026","rel":"","context":"En \u00abMunicipio\u00bb","block_context":{"text":"Municipio","link":"https:\/\/www.hoymercedes.com.ar\/principal\/category\/municipio\/"},"img":{"alt_text":"","src":"https:\/\/i0.wp.com\/www.hoymercedes.com.ar\/principal\/wp-content\/uploads\/2012\/08\/ActoSanMartin.jpg?resize=350%2C200","width":350,"height":200,"srcset":"https:\/\/i0.wp.com\/www.hoymercedes.com.ar\/principal\/wp-content\/uploads\/2012\/08\/ActoSanMartin.jpg?resize=350%2C200 1x, https:\/\/i0.wp.com\/www.hoymercedes.com.ar\/principal\/wp-content\/uploads\/2012\/08\/ActoSanMartin.jpg?resize=525%2C300 1.5x"},"classes":[]},{"id":53625,"url":"https:\/\/www.hoymercedes.com.ar\/principal\/2016\/08\/17\/recordaron-a-jose-de-san-martin\/","url_meta":{"origin":80034,"position":5},"title":"Recordaron a Jos\u00e9 de San Mart\u00edn","author":"hoymercedes","date":"17 agosto, 2016","format":false,"excerpt":"Ubicados alrededor del monumento a San Mart\u00edn y teniendo como abanderados principales a los alumnos de la Escuela Primaria N\u00ba 2 \u00a0se realiz\u00f3 el acto homenaje a\u00a0166 a\u00f1os de su fallecimiento, el Libertador de Argentina, Chile y Per\u00fa. La entonaci\u00f3n del Himno Nacional Argentino tuvo como\u00a0voces centrales las de los\u2026","rel":"","context":"En \u00abSociedad\u00bb","block_context":{"text":"Sociedad","link":"https:\/\/www.hoymercedes.com.ar\/principal\/category\/sociedad\/"},"img":{"alt_text":"","src":"https:\/\/i0.wp.com\/www.hoymercedes.com.ar\/principal\/wp-content\/uploads\/2016\/08\/17-acto-san-martin-3.jpg?resize=350%2C200&ssl=1","width":350,"height":200},"classes":[]}],"_links":{"self":[{"href":"https:\/\/www.hoymercedes.com.ar\/principal\/wp-json\/wp\/v2\/posts\/80034","targetHints":{"allow":["GET"]}}],"collection":[{"href":"https:\/\/www.hoymercedes.com.ar\/principal\/wp-json\/wp\/v2\/posts"}],"about":[{"href":"https:\/\/www.hoymercedes.com.ar\/principal\/wp-json\/wp\/v2\/types\/post"}],"author":[{"embeddable":true,"href":"https:\/\/www.hoymercedes.com.ar\/principal\/wp-json\/wp\/v2\/users\/1"}],"replies":[{"embeddable":true,"href":"https:\/\/www.hoymercedes.com.ar\/principal\/wp-json\/wp\/v2\/comments?post=80034"}],"version-history":[{"count":0,"href":"https:\/\/www.hoymercedes.com.ar\/principal\/wp-json\/wp\/v2\/posts\/80034\/revisions"}],"wp:featuredmedia":[{"embeddable":true,"href":"https:\/\/www.hoymercedes.com.ar\/principal\/wp-json\/wp\/v2\/media\/80035"}],"wp:attachment":[{"href":"https:\/\/www.hoymercedes.com.ar\/principal\/wp-json\/wp\/v2\/media?parent=80034"}],"wp:term":[{"taxonomy":"category","embeddable":true,"href":"https:\/\/www.hoymercedes.com.ar\/principal\/wp-json\/wp\/v2\/categories?post=80034"},{"taxonomy":"post_tag","embeddable":true,"href":"https:\/\/www.hoymercedes.com.ar\/principal\/wp-json\/wp\/v2\/tags?post=80034"}],"curies":[{"name":"wp","href":"https:\/\/api.w.org\/{rel}","templated":true}]}}