{"id":80061,"date":"2018-08-19T23:07:10","date_gmt":"2018-08-20T02:07:10","guid":{"rendered":"http:\/\/www.hoymercedes.com.ar\/principal\/?p=80061"},"modified":"2018-08-19T23:07:10","modified_gmt":"2018-08-20T02:07:10","slug":"mamm-music-un-museo-en-brasil","status":"publish","type":"post","link":"https:\/\/www.hoymercedes.com.ar\/principal\/2018\/08\/19\/mamm-music-un-museo-en-brasil\/","title":{"rendered":"MAMM Music: Un Museo en Brasil"},"content":{"rendered":"<figure id=\"attachment_80070\" aria-describedby=\"caption-attachment-80070\" style=\"width: 620px\" class=\"wp-caption aligncenter\"><img loading=\"lazy\" decoding=\"async\" data-attachment-id=\"80070\" data-permalink=\"https:\/\/www.hoymercedes.com.ar\/principal\/2018\/08\/19\/mamm-music-un-museo-en-brasil\/mammmusic002\/#main\" data-orig-file=\"https:\/\/www.hoymercedes.com.ar\/principal\/wp-content\/uploads\/2018\/08\/mammmusic002.jpg\" data-orig-size=\"730,486\" data-comments-opened=\"0\" data-image-meta=\"{&quot;aperture&quot;:&quot;0&quot;,&quot;credit&quot;:&quot;SEBASTIANAMBROSSIO&quot;,&quot;camera&quot;:&quot;&quot;,&quot;caption&quot;:&quot;&quot;,&quot;created_timestamp&quot;:&quot;0&quot;,&quot;copyright&quot;:&quot;SebastianAmbrossio&quot;,&quot;focal_length&quot;:&quot;0&quot;,&quot;iso&quot;:&quot;0&quot;,&quot;shutter_speed&quot;:&quot;0&quot;,&quot;title&quot;:&quot;&quot;,&quot;orientation&quot;:&quot;0&quot;}\" data-image-title=\"mammmusic002\" data-image-description=\"\" data-image-caption=\"&lt;p&gt;MAMM Music &lt;\/p&gt;\n\" data-large-file=\"https:\/\/www.hoymercedes.com.ar\/principal\/wp-content\/uploads\/2018\/08\/mammmusic002.jpg\" class=\"size-medium wp-image-80070\" src=\"https:\/\/www.hoymercedes.com.ar\/principal\/wp-content\/uploads\/2018\/08\/mammmusic002-630x419.jpg\" alt=\"\" width=\"630\" height=\"419\" srcset=\"https:\/\/www.hoymercedes.com.ar\/principal\/wp-content\/uploads\/2018\/08\/mammmusic002-630x419.jpg 630w, https:\/\/www.hoymercedes.com.ar\/principal\/wp-content\/uploads\/2018\/08\/mammmusic002-150x100.jpg 150w, https:\/\/www.hoymercedes.com.ar\/principal\/wp-content\/uploads\/2018\/08\/mammmusic002.jpg 730w\" sizes=\"auto, (max-width: 630px) 100vw, 630px\" \/><figcaption id=\"caption-attachment-80070\" class=\"wp-caption-text\">MAMM Music<\/figcaption><\/figure>\n<p>La segunda edici\u00f3n del MAMMusic tuvo a Mar\u00eda Luna y su M\u00fasica del Brasil sobre el escenario. La acompa\u00f1aros Eduardo Cirillo en guitarra y Nano Esp\u00edndola en percusi\u00f3n. A sala llena recibieron la aprobaci\u00f3n del p\u00fablico con aplausos interminables la propuesta.<\/p>\n<p>Una nueva fecha del ciclo MAMMusic se llev\u00f3 a cabo este domingo en el Museo de Arte de la Municipalidad de Mercedes. Esta fue la segunda edici\u00f3n del nuevo espacio musical que re\u00fane a consagrados artistas de nuestra ciudad y que convoca a los m\u00e1s exigentes amantes de la m\u00fasica.<\/p>\n<figure id=\"attachment_80071\" aria-describedby=\"caption-attachment-80071\" style=\"width: 620px\" class=\"wp-caption aligncenter\"><img loading=\"lazy\" decoding=\"async\" data-attachment-id=\"80071\" data-permalink=\"https:\/\/www.hoymercedes.com.ar\/principal\/2018\/08\/19\/mamm-music-un-museo-en-brasil\/mammmusic004\/#main\" data-orig-file=\"https:\/\/www.hoymercedes.com.ar\/principal\/wp-content\/uploads\/2018\/08\/mammmusic004.jpg\" data-orig-size=\"730,487\" data-comments-opened=\"0\" data-image-meta=\"{&quot;aperture&quot;:&quot;0&quot;,&quot;credit&quot;:&quot;SEBASTIANAMBROSSIO&quot;,&quot;camera&quot;:&quot;&quot;,&quot;caption&quot;:&quot;&quot;,&quot;created_timestamp&quot;:&quot;0&quot;,&quot;copyright&quot;:&quot;SebastianAmbrossio&quot;,&quot;focal_length&quot;:&quot;0&quot;,&quot;iso&quot;:&quot;0&quot;,&quot;shutter_speed&quot;:&quot;0&quot;,&quot;title&quot;:&quot;&quot;,&quot;orientation&quot;:&quot;0&quot;}\" data-image-title=\"mammmusic004\" data-image-description=\"\" data-image-caption=\"&lt;p&gt;Musica en vivo&lt;\/p&gt;\n\" data-large-file=\"https:\/\/www.hoymercedes.com.ar\/principal\/wp-content\/uploads\/2018\/08\/mammmusic004.jpg\" class=\"size-medium wp-image-80071\" src=\"https:\/\/www.hoymercedes.com.ar\/principal\/wp-content\/uploads\/2018\/08\/mammmusic004-630x420.jpg\" alt=\"\" width=\"630\" height=\"420\" srcset=\"https:\/\/www.hoymercedes.com.ar\/principal\/wp-content\/uploads\/2018\/08\/mammmusic004-630x420.jpg 630w, https:\/\/www.hoymercedes.com.ar\/principal\/wp-content\/uploads\/2018\/08\/mammmusic004-150x100.jpg 150w, https:\/\/www.hoymercedes.com.ar\/principal\/wp-content\/uploads\/2018\/08\/mammmusic004.jpg 730w\" sizes=\"auto, (max-width: 630px) 100vw, 630px\" \/><figcaption id=\"caption-attachment-80071\" class=\"wp-caption-text\">Musica en vivo<\/figcaption><\/figure>\n<p>En esta oportunidad, Mar\u00eda Luna fue la responsable de invitarnos a recorrer las m\u00e1s notables obras pict\u00f3ricas de las costas de Brasil y disfrutar de su m\u00fasica y su idiosincrasia inmersos en un museo imaginario donde las m\u00e1s importantes composiciones brasileras se transformaron \u00a0en el motivo \u00fanico e imprescindible del viaje. Junto a ella, Eduardo Cirillo, cada d\u00eda m\u00e1s destacado en su manera de tocar y sentir las obras y Nano Esp\u00edndola en la percusi\u00f3n, jugando todo el tiempo con sus claves rebeldes en diversos ritmos.<\/p>\n<p>Con el marco ideal para un domingo de familia, el set comenz\u00f3 con la llegada de una lluvia sorpresiva y gris que dej\u00f3 en las calles el contrapunto perfecto entre el fr\u00edo de invirerno y los primeros acordes de \u201dOh, Qu\u00e9 ser\u00e1\u201d, el himno carioca de Chico Buarque que avanz\u00f3 sobre la Sala B del MAMM para dejar al p\u00fablico inmerso en una sinton\u00eda especial, llena de aire c\u00e1lido y mares azules.<\/p>\n<p>Un show con argumentos y calidad musical que se fue escurriendo entre sambas bresileras de \u00a0tintes africanos, tensiones, alegr\u00edas y esperanzas renovadas. Juegos y gui\u00f1os especiales que transportaron al espectador a la beatlereana versi\u00f3n de \u201cTudo por amor\u201d, seguida de una sutil interpretaci\u00f3n de \u201cNao chores mais\u201d con la aureola de Marley sobre el escenario.<\/p>\n<p>M\u00fasicos que en escena ofrecieron durante una hora buenas razones para ganarse los aplausos del p\u00fablico y el tan impredecible acompa\u00f1amiento de negras con palmas sinceras. Sin dudas, otra buena elecci\u00f3n de la Direcci\u00f3n de Cultura pensando en un set como el que present\u00f3 en este mes de agosto.<\/p>\n<p>\u201cVenimos a brindar nuevos espacios y estar cerca de los artistas. Este ciclo es fruto del trabajo que realizamos a diario con todo el equipo de Cultura y la Direcci\u00f3n de Prensa que tambi\u00e9n hace un aporte maravillosos para nuestros artistas, tomando registro de todos los shows y obsequi\u00e1ndoles a ellos todo el material digitalizado\u201d, cont\u00f3 Luc\u00eda Capaccio, Directora de Cultura.<\/p>\n<p>La\u00a0 ya entrada noche de domingo termin\u00f3 con \u201cAquarela do Brasil\u201d y \u201cO canto do cidade\u201d en los bises pedidos por la gente. El sabor agradable qued\u00f3 en el paladar de quienes disfrutan de la buena m\u00fasica y as\u00ed, con ese tempo tan particular en los o\u00eddos, los presentes se despidieron de los artistas agradecidos por tanto amor y calidez arriba del escenario, o sobre las imaginarias salas de un museo carioca.<\/p>\n<p>&nbsp;<\/p>\n<p>Info: Municipio<\/p>\n","protected":false},"excerpt":{"rendered":"<p>La segunda edici\u00f3n del MAMMusic tuvo a Mar\u00eda Luna y su M\u00fasica del Brasil sobre el escenario. La acompa\u00f1aros Eduardo &#8230; <a title=\"MAMM Music: Un Museo en Brasil\" class=\"read-more\" href=\"https:\/\/www.hoymercedes.com.ar\/principal\/2018\/08\/19\/mamm-music-un-museo-en-brasil\/\" aria-label=\"Leer m\u00e1s sobre MAMM Music: Un Museo en Brasil\">Leer m\u00e1s<\/a><\/p>\n","protected":false},"author":1,"featured_media":80070,"comment_status":"closed","ping_status":"open","sticky":false,"template":"","format":"standard","meta":{"_monsterinsights_skip_tracking":false,"_monsterinsights_sitenote_active":false,"_monsterinsights_sitenote_note":"","_monsterinsights_sitenote_category":0,"jetpack_post_was_ever_published":false,"_jetpack_newsletter_access":"","_jetpack_dont_email_post_to_subs":false,"_jetpack_newsletter_tier_id":0,"_jetpack_memberships_contains_paywalled_content":false,"_jetpack_memberships_contains_paid_content":false,"footnotes":"","jetpack_publicize_message":"","jetpack_publicize_feature_enabled":true,"jetpack_social_post_already_shared":true,"jetpack_social_options":{"image_generator_settings":{"template":"highway","default_image_id":0,"font":"","enabled":false},"version":2},"_wpas_customize_per_network":false},"categories":[104],"tags":[739,8589,13434],"class_list":["post-80061","post","type-post","status-publish","format-standard","has-post-thumbnail","hentry","category-cultura","tag-direccion-de-cultura","tag-lucia-capaccio","tag-mamm-music","generate-columns","tablet-grid-50","mobile-grid-100","grid-parent","grid-50"],"jetpack_publicize_connections":[],"jetpack_featured_media_url":"https:\/\/www.hoymercedes.com.ar\/principal\/wp-content\/uploads\/2018\/08\/mammmusic002.jpg","wps_subtitle":"Contra el Ajuste","jetpack_sharing_enabled":true,"jetpack-related-posts":[{"id":123743,"url":"https:\/\/www.hoymercedes.com.ar\/principal\/2021\/02\/01\/convocan-a-musicos-para-armar-la-agenda-del-mammusic\/","url_meta":{"origin":80061,"position":0},"title":"Convocan a m\u00fasicos para armar la agenda del MAMMusic","author":"hoymercedes","date":"1 febrero, 2021","format":false,"excerpt":"Hasta el 5 de febrero est\u00e1 abierta la inscripci\u00f3n para participar del ciclo de m\u00fasica en el Museo de Arte Municipalidad Mercedes.\u2063\u2063 Se trata del MAMMusic. Los solistas, d\u00faos y tr\u00edos interesados pueden enviar su propuesta por correo elecetr\u00f3nico al MAMM. El MAMM Music es un ciclo de m\u00fasica ac\u00fastica\u2026","rel":"","context":"En \u00abCultura\u00bb","block_context":{"text":"Cultura","link":"https:\/\/www.hoymercedes.com.ar\/principal\/category\/cultura\/"},"img":{"alt_text":"","src":"https:\/\/i0.wp.com\/www.hoymercedes.com.ar\/principal\/wp-content\/uploads\/2021\/01\/25-mammusic.jpg?resize=350%2C200&ssl=1","width":350,"height":200,"srcset":"https:\/\/i0.wp.com\/www.hoymercedes.com.ar\/principal\/wp-content\/uploads\/2021\/01\/25-mammusic.jpg?resize=350%2C200&ssl=1 1x, https:\/\/i0.wp.com\/www.hoymercedes.com.ar\/principal\/wp-content\/uploads\/2021\/01\/25-mammusic.jpg?resize=525%2C300&ssl=1 1.5x"},"classes":[]},{"id":106642,"url":"https:\/\/www.hoymercedes.com.ar\/principal\/2020\/02\/25\/convocatoria-2020-para-el-ciclo-de-acusticos-del-mamm\/","url_meta":{"origin":80061,"position":1},"title":"Convocatoria 2020 para el Ciclo  de Ac\u00fasticos del MAMM","author":"hoymercedes","date":"25 febrero, 2020","format":false,"excerpt":"En este a\u00f1o se continuar\u00e1 con el ciclo de ac\u00fasticos denominado MAMMUSIC, el espacio musical del Museo de Arte Municipalidad de Mercedes lanzado en 2018. Est\u00e1 abierta la convocatoria para qui\u00e9nes quieran participar. Hasta el 29 de marzo hay tiempo para presentar el proyecto en el MAMM. Creado con el\u2026","rel":"","context":"En \u00abCultura\u00bb","block_context":{"text":"Cultura","link":"https:\/\/www.hoymercedes.com.ar\/principal\/category\/cultura\/"},"img":{"alt_text":"","src":"https:\/\/i0.wp.com\/www.hoymercedes.com.ar\/principal\/wp-content\/uploads\/2020\/02\/25-mammusic.jpg?resize=350%2C200&ssl=1","width":350,"height":200,"srcset":"https:\/\/i0.wp.com\/www.hoymercedes.com.ar\/principal\/wp-content\/uploads\/2020\/02\/25-mammusic.jpg?resize=350%2C200&ssl=1 1x, https:\/\/i0.wp.com\/www.hoymercedes.com.ar\/principal\/wp-content\/uploads\/2020\/02\/25-mammusic.jpg?resize=525%2C300&ssl=1 1.5x, https:\/\/i0.wp.com\/www.hoymercedes.com.ar\/principal\/wp-content\/uploads\/2020\/02\/25-mammusic.jpg?resize=700%2C400&ssl=1 2x"},"classes":[]},{"id":79690,"url":"https:\/\/www.hoymercedes.com.ar\/principal\/2018\/08\/13\/musica-de-brasil-de-la-mano-de-luna-cirillo-y-espindola\/","url_meta":{"origin":80061,"position":2},"title":"M\u00fasica de Brasil de la mano de Luna, Cirillo y Esp\u00edndola","author":"hoymercedes","date":"13 agosto, 2018","format":false,"excerpt":"El 19 de agosto habr\u00e1 una nueva edici\u00f3n del MAMMusic en el Museo de Arte. Cantar\u00e1 Mar\u00eda Luj\u00e1n Luna acompa\u00f1ada por Eduardo Cirillo y Nano Esp\u00edndola, a la hora 18, con entrada libre y gratuita. Ser\u00e1 la segunda fecha del ciclo de ac\u00fasticos que propone la Direcci\u00f3n de Cultura. Ella\u2026","rel":"","context":"En \u00abCultura\u00bb","block_context":{"text":"Cultura","link":"https:\/\/www.hoymercedes.com.ar\/principal\/category\/cultura\/"},"img":{"alt_text":"","src":"https:\/\/i0.wp.com\/www.hoymercedes.com.ar\/principal\/wp-content\/uploads\/2018\/08\/13-mamm-music.jpg?resize=350%2C200&ssl=1","width":350,"height":200,"srcset":"https:\/\/i0.wp.com\/www.hoymercedes.com.ar\/principal\/wp-content\/uploads\/2018\/08\/13-mamm-music.jpg?resize=350%2C200&ssl=1 1x, https:\/\/i0.wp.com\/www.hoymercedes.com.ar\/principal\/wp-content\/uploads\/2018\/08\/13-mamm-music.jpg?resize=525%2C300&ssl=1 1.5x"},"classes":[]},{"id":96028,"url":"https:\/\/www.hoymercedes.com.ar\/principal\/2019\/07\/01\/paso-un-nuevo-mammusic-con-tren-misterioso\/","url_meta":{"origin":80061,"position":3},"title":"Pas\u00f3 un nuevo MAMMusic con Tren Misterioso","author":"hoymercedes","date":"1 julio, 2019","format":false,"excerpt":"Un nuevo ac\u00fastico se llev\u00f3 adelante este domingo en el ciclo MAMMusic. En esta oportunidad, Tren Misterioso subi\u00f3 al escenario de la Sala B del Museo de Arte. Victoria Mariella en voz, Miguel Schafrik en contrabajo y Marcelo Giorgione en percusi\u00f3n, recorri\u00f3 el Rockabilly, el Rock&Roll y las Baladas de\u2026","rel":"","context":"En \u00abCultura\u00bb","block_context":{"text":"Cultura","link":"https:\/\/www.hoymercedes.com.ar\/principal\/category\/cultura\/"},"img":{"alt_text":"","src":"https:\/\/i0.wp.com\/www.hoymercedes.com.ar\/principal\/wp-content\/uploads\/2019\/07\/01-mamm-tren-2.jpg?resize=350%2C200&ssl=1","width":350,"height":200,"srcset":"https:\/\/i0.wp.com\/www.hoymercedes.com.ar\/principal\/wp-content\/uploads\/2019\/07\/01-mamm-tren-2.jpg?resize=350%2C200&ssl=1 1x, https:\/\/i0.wp.com\/www.hoymercedes.com.ar\/principal\/wp-content\/uploads\/2019\/07\/01-mamm-tren-2.jpg?resize=525%2C300&ssl=1 1.5x, https:\/\/i0.wp.com\/www.hoymercedes.com.ar\/principal\/wp-content\/uploads\/2019\/07\/01-mamm-tren-2.jpg?resize=700%2C400&ssl=1 2x"},"classes":[]},{"id":85251,"url":"https:\/\/www.hoymercedes.com.ar\/principal\/2018\/12\/10\/giorgione-y-cirillo-cierran-el-ano-de-mammusic\/","url_meta":{"origin":80061,"position":4},"title":"Giorgione y Cirillo cierran el a\u00f1o de MAMMusic","author":"hoymercedes","date":"10 diciembre, 2018","format":false,"excerpt":"El pr\u00f3ximo domingo 16 de diciembre, cierra el ciclo MAMMusic del Museo de Arte Municipalidad de Mercedes. El ciclo ac\u00fastico reunir\u00e1 a dos m\u00fasicos mercedinos: Marcelo Giorgione y Sebasti\u00e1n Cirillo. La corriente el\u00e9ctrica acompa\u00f1ar\u00e1 los ritmos improvisados de Giorgione y ser\u00e1 clave para que Cirillo despierte los m\u00e1s extravagantes misterios\u2026","rel":"","context":"En \u00abCultura\u00bb","block_context":{"text":"Cultura","link":"https:\/\/www.hoymercedes.com.ar\/principal\/category\/cultura\/"},"img":{"alt_text":"","src":"https:\/\/i0.wp.com\/www.hoymercedes.com.ar\/principal\/wp-content\/uploads\/2018\/12\/11-giorgione-cirillo-1.png?resize=350%2C200&ssl=1","width":350,"height":200,"srcset":"https:\/\/i0.wp.com\/www.hoymercedes.com.ar\/principal\/wp-content\/uploads\/2018\/12\/11-giorgione-cirillo-1.png?resize=350%2C200&ssl=1 1x, https:\/\/i0.wp.com\/www.hoymercedes.com.ar\/principal\/wp-content\/uploads\/2018\/12\/11-giorgione-cirillo-1.png?resize=525%2C300&ssl=1 1.5x, https:\/\/i0.wp.com\/www.hoymercedes.com.ar\/principal\/wp-content\/uploads\/2018\/12\/11-giorgione-cirillo-1.png?resize=700%2C400&ssl=1 2x"},"classes":[]},{"id":123775,"url":"https:\/\/www.hoymercedes.com.ar\/principal\/2021\/01\/24\/presentan-convocatorias-para-paseo-del-arte-comedia-de-teatro-mamm-music-y-museos\/","url_meta":{"origin":80061,"position":5},"title":"Presentan convocatorias para Paseo del Arte, Comedia de Teatro, MAMM Music y Museos","author":"hoymercedes","date":"24 enero, 2021","format":false,"excerpt":"Por Prensa Municipal - La Direcci\u00f3n de Cultura lanza convocatoria para presentar distintos proyectos culturales. Ser\u00e1 para la Comedia Municipal de Teatro, para el Paseo de las Artes, MAMM Music para d\u00faos y tr\u00edos y apertura protocolizada de Museos. Inician cuando epidemiol\u00f3gicamente sea posible. Adem\u00e1s, se dio detalles de los\u2026","rel":"","context":"En \u00abCultura\u00bb","block_context":{"text":"Cultura","link":"https:\/\/www.hoymercedes.com.ar\/principal\/category\/cultura\/"},"img":{"alt_text":"","src":"https:\/\/i0.wp.com\/www.hoymercedes.com.ar\/principal\/wp-content\/uploads\/2021\/01\/DSC02852.jpg?resize=350%2C200&ssl=1","width":350,"height":200,"srcset":"https:\/\/i0.wp.com\/www.hoymercedes.com.ar\/principal\/wp-content\/uploads\/2021\/01\/DSC02852.jpg?resize=350%2C200&ssl=1 1x, https:\/\/i0.wp.com\/www.hoymercedes.com.ar\/principal\/wp-content\/uploads\/2021\/01\/DSC02852.jpg?resize=525%2C300&ssl=1 1.5x, https:\/\/i0.wp.com\/www.hoymercedes.com.ar\/principal\/wp-content\/uploads\/2021\/01\/DSC02852.jpg?resize=700%2C400&ssl=1 2x"},"classes":[]}],"_links":{"self":[{"href":"https:\/\/www.hoymercedes.com.ar\/principal\/wp-json\/wp\/v2\/posts\/80061","targetHints":{"allow":["GET"]}}],"collection":[{"href":"https:\/\/www.hoymercedes.com.ar\/principal\/wp-json\/wp\/v2\/posts"}],"about":[{"href":"https:\/\/www.hoymercedes.com.ar\/principal\/wp-json\/wp\/v2\/types\/post"}],"author":[{"embeddable":true,"href":"https:\/\/www.hoymercedes.com.ar\/principal\/wp-json\/wp\/v2\/users\/1"}],"replies":[{"embeddable":true,"href":"https:\/\/www.hoymercedes.com.ar\/principal\/wp-json\/wp\/v2\/comments?post=80061"}],"version-history":[{"count":0,"href":"https:\/\/www.hoymercedes.com.ar\/principal\/wp-json\/wp\/v2\/posts\/80061\/revisions"}],"wp:featuredmedia":[{"embeddable":true,"href":"https:\/\/www.hoymercedes.com.ar\/principal\/wp-json\/wp\/v2\/media\/80070"}],"wp:attachment":[{"href":"https:\/\/www.hoymercedes.com.ar\/principal\/wp-json\/wp\/v2\/media?parent=80061"}],"wp:term":[{"taxonomy":"category","embeddable":true,"href":"https:\/\/www.hoymercedes.com.ar\/principal\/wp-json\/wp\/v2\/categories?post=80061"},{"taxonomy":"post_tag","embeddable":true,"href":"https:\/\/www.hoymercedes.com.ar\/principal\/wp-json\/wp\/v2\/tags?post=80061"}],"curies":[{"name":"wp","href":"https:\/\/api.w.org\/{rel}","templated":true}]}}