{"id":8007,"date":"2011-10-06T03:21:31","date_gmt":"2011-10-06T03:21:31","guid":{"rendered":"http:\/\/www.hoymercedes.com.ar\/principal\/?p=8007"},"modified":"2011-10-06T03:21:31","modified_gmt":"2011-10-06T03:21:31","slug":"el-viernes-inauguran-la-nueva-sede-del-pami-mercedes","status":"publish","type":"post","link":"https:\/\/www.hoymercedes.com.ar\/principal\/2011\/10\/06\/el-viernes-inauguran-la-nueva-sede-del-pami-mercedes\/","title":{"rendered":"El viernes inauguran la nueva sede del PAMI Mercedes"},"content":{"rendered":"<p><a href=\"https:\/\/www.hoymercedes.com.ar\/principal\/wp-content\/uploads\/2011\/10\/Pami-Mercedes.jpg\"><img loading=\"lazy\" decoding=\"async\" data-attachment-id=\"8009\" data-permalink=\"https:\/\/www.hoymercedes.com.ar\/principal\/2011\/10\/06\/el-viernes-inauguran-la-nueva-sede-del-pami-mercedes\/pami-mercedes\/#main\" data-orig-file=\"https:\/\/www.hoymercedes.com.ar\/principal\/wp-content\/uploads\/2011\/10\/Pami-Mercedes.jpg\" data-orig-size=\"612,459\" data-comments-opened=\"1\" data-image-meta=\"{&quot;aperture&quot;:&quot;8.5&quot;,&quot;credit&quot;:&quot;&quot;,&quot;camera&quot;:&quot;COOLPIX L10&quot;,&quot;caption&quot;:&quot;&quot;,&quot;created_timestamp&quot;:&quot;1317631613&quot;,&quot;copyright&quot;:&quot;Copyright 2006&quot;,&quot;focal_length&quot;:&quot;12.8&quot;,&quot;iso&quot;:&quot;64&quot;,&quot;shutter_speed&quot;:&quot;0.0038314176245211&quot;,&quot;title&quot;:&quot;&quot;}\" data-image-title=\"Pami-Mercedes\" data-image-description=\"\" data-image-caption=\"\" data-large-file=\"https:\/\/www.hoymercedes.com.ar\/principal\/wp-content\/uploads\/2011\/10\/Pami-Mercedes.jpg\" class=\"aligncenter size-full wp-image-8009\" title=\"Pami-Mercedes\" src=\"https:\/\/www.hoymercedes.com.ar\/principal\/wp-content\/uploads\/2011\/10\/Pami-Mercedes.jpg\" alt=\"\" width=\"612\" height=\"459\" \/><\/a><\/p>\n<p>El cambio de edifcio perrmitir\u00e1 por ser de mayor tama\u00f1o contar con m\u00e1s comodidades tanto para el personal que desarrolla actividades en el lugar como as\u00ed tambi\u00e9n para los afiliados que ahora con m\u00e1s espacios disponible podr\u00e1n aguardar tranquilamente sentados hasta que se les complete el tr\u00e1mite por el cual han concurrido.<\/p>\n<p>Para el acto es posible que se cuente con la presencia de funcionarios del PAMI central y de la Unidad de Gesti\u00f3n ubicada en la ciudad de Luj\u00e1n<\/p>\n<p>Con un ritmo acelerado se trabaja en la esquina de 16 y 25, donde durante mucho tiempo funcion\u00f3 un conocido comercio de bazar, en la preparaci\u00f3n del inmueble que desde el viernes pr\u00f3ximo comenzar\u00e1 a desarrollar sus actividades la Agencia Mercedes del Insitituto Nacional para Jubilados y Pensionados, m\u00e1s conocdio con el nombre de PAMI tras la decisi\u00f3n adptada de cambiar el domiclio de su sede.<\/p>\n<p>No solo a trav\u00e9s de <span style=\"color: #333399;\"><strong>La Hora<\/strong><\/span> sino en todos los medios de la ciudad, desde hace varios a\u00f1os quien hasta hace poco tiempo se desempe\u00f1aba al fente de la mencionada Agencia, el<strong> Dr. Carlos Calloni<\/strong> hab\u00eda expresado que debido a la cantidad de afiiados que ten\u00eda nuestra ciudad y por ende la cantidad de tr\u00e1mites que por d\u00eda se llevaban a cabo, la sede ubicada en la galer\u00eda de calle 25 entre 16 y 18 les quedaba chica no s\u00f3lo por la falta de espacio para el personal y desde ya para la atenci\u00f3n propiamente dicho de los afiliados que concurr\u00edan al lugar, sino tambi\u00e9n debido a que no tenian m\u00e1s espacio f\u00edsico para almacenar los expedientes iniciados y en v\u00eda de\u00a0ejecuci\u00f3n, m\u00e1s todos los que se hab\u00edan dado por teminados.<\/p>\n<p>Ahora el funcionario sostuvo <em>\u00abfinalmente este viernes se cncretar\u00e1 la inauguraci\u00f3n de la nueva sede que sin lugar a duda ser\u00e1 mucho m\u00e1s pr\u00e1ctica para todos, para quienes hacemos las tareas diarias en el lugar, para el afiiado que ahora contar\u00e1 con la compodidad de poder esperar sentado en un lugar mucho m\u00e1s amplio que le hagamos el tr\u00e1mite, con una linea de mostradores m\u00e1s significativos aptos para atender a m\u00e1s de una persona al mismo tiempo,<\/em><\/p>\n<p><em>Podemos decir que en la actualidad el edifcio ubicado en la parte posterior de la galeria est\u00e1 virtualmente colapsado en materia de expedientes quye tenemos en archivo teniendo en cuenta la cantiodad de afiliados que manejamos. V<\/em><em>amos acontar en la nueva sede con tres personas atendiendo al publico con lo cual se acortar\u00e1 mucho el tiempo de espera de aquellos que concurren a efectuar uno de los tantos tr\u00e1mites que en la Agencia PAMI Mercdes, que depende de la UGL XXXII con sede en Luj\u00e1n, realiza a diario dadas la diferentes prestaciones que el organismo de seguridad social para jubilados y pensionados tiene.\u00bb<\/em><\/p>\n<p>Con relaci\u00f3n a la cantidad de personas que diariamente concurren al organismo en nuestra ciudad, <strong>Calloni<\/strong> enfatiz\u00f3 <em>\u00abtodo depende de en que situaci\u00f3n, es decir en que estado, se encuentra el tr\u00e1mites que hayan iniciado y que tipo de tr\u00e1mite es en concreto, por eso hay d\u00edas donde tenemos m\u00e1s personas y otros en las son munos, pero haciendo un promedio estamos en alrededor de ochenta diarias\u00bb<\/em><\/p>\n<p>Luego inform\u00f3 que <em>\u00abel personal afectado a la Agencia Mercedes es de 16 integrantes pero no todos cumplen tareas en nuestra ciudad ya que hay algunos que deben desarrollar sus tareas en la UGL (Unidad de Gesti\u00f3n Local) Luj\u00e1n as\u00ed que en realidad si bien somos un n\u00famero importante no se dispone de la totaliodad de los mismos para poder trabajar con los afiiados de nuestra ciudad de manera directa\u00bb.<\/em><\/p>\n<p>por \u00faltimo agreg\u00f3 <em>\u00abla nueva sede quedar\u00e1 oficialmente inaugirada el viernes pr\u00f3ximo a las 17.30 posiblemente con la presencia de alguna autoridad de la Unidad de Gesti\u00f3n de luj\u00e1n y delPAMI central, pero esto a\u00fan no lo puedo confirmar ya que si bien han partido las invitaciones correspondientes siempre se agurada hasta casi elmimo inicio para confirmar quienes estar\u00e1n presentes\u00bb.<\/em><\/p>\n<p>&nbsp;<\/p>\n","protected":false},"excerpt":{"rendered":"<p>El cambio de edifcio perrmitir\u00e1 por ser de mayor tama\u00f1o contar con m\u00e1s comodidades tanto para el personal que desarrolla &#8230; <a title=\"El viernes inauguran la nueva sede del PAMI Mercedes\" class=\"read-more\" href=\"https:\/\/www.hoymercedes.com.ar\/principal\/2011\/10\/06\/el-viernes-inauguran-la-nueva-sede-del-pami-mercedes\/\" aria-label=\"Leer m\u00e1s sobre El viernes inauguran la nueva sede del PAMI Mercedes\">Leer m\u00e1s<\/a><\/p>\n","protected":false},"author":1,"featured_media":0,"comment_status":"open","ping_status":"open","sticky":false,"template":"","format":"standard","meta":{"_monsterinsights_skip_tracking":false,"_monsterinsights_sitenote_active":false,"_monsterinsights_sitenote_note":"","_monsterinsights_sitenote_category":0,"jetpack_post_was_ever_published":false,"_jetpack_newsletter_access":"","_jetpack_dont_email_post_to_subs":false,"_jetpack_newsletter_tier_id":0,"_jetpack_memberships_contains_paywalled_content":false,"_jetpack_memberships_contains_paid_content":false,"footnotes":"","jetpack_publicize_message":"","jetpack_publicize_feature_enabled":true,"jetpack_social_post_already_shared":false,"jetpack_social_options":{"image_generator_settings":{"template":"highway","default_image_id":0,"font":"","enabled":false},"version":2},"_wpas_customize_per_network":false},"categories":[8],"tags":[1416,500],"class_list":["post-8007","post","type-post","status-publish","format-standard","hentry","category-sociedad","tag-carlos-calloni","tag-pami-mercedes","generate-columns","tablet-grid-50","mobile-grid-100","grid-parent","grid-50"],"jetpack_publicize_connections":[],"jetpack_featured_media_url":"","wps_subtitle":"","jetpack_sharing_enabled":true,"_links":{"self":[{"href":"https:\/\/www.hoymercedes.com.ar\/principal\/wp-json\/wp\/v2\/posts\/8007","targetHints":{"allow":["GET"]}}],"collection":[{"href":"https:\/\/www.hoymercedes.com.ar\/principal\/wp-json\/wp\/v2\/posts"}],"about":[{"href":"https:\/\/www.hoymercedes.com.ar\/principal\/wp-json\/wp\/v2\/types\/post"}],"author":[{"embeddable":true,"href":"https:\/\/www.hoymercedes.com.ar\/principal\/wp-json\/wp\/v2\/users\/1"}],"replies":[{"embeddable":true,"href":"https:\/\/www.hoymercedes.com.ar\/principal\/wp-json\/wp\/v2\/comments?post=8007"}],"version-history":[{"count":0,"href":"https:\/\/www.hoymercedes.com.ar\/principal\/wp-json\/wp\/v2\/posts\/8007\/revisions"}],"wp:attachment":[{"href":"https:\/\/www.hoymercedes.com.ar\/principal\/wp-json\/wp\/v2\/media?parent=8007"}],"wp:term":[{"taxonomy":"category","embeddable":true,"href":"https:\/\/www.hoymercedes.com.ar\/principal\/wp-json\/wp\/v2\/categories?post=8007"},{"taxonomy":"post_tag","embeddable":true,"href":"https:\/\/www.hoymercedes.com.ar\/principal\/wp-json\/wp\/v2\/tags?post=8007"}],"curies":[{"name":"wp","href":"https:\/\/api.w.org\/{rel}","templated":true}]}}