{"id":80087,"date":"2018-08-20T09:36:11","date_gmt":"2018-08-20T12:36:11","guid":{"rendered":"http:\/\/www.hoymercedes.com.ar\/principal\/?p=80087"},"modified":"2018-08-20T00:43:47","modified_gmt":"2018-08-20T03:43:47","slug":"tras-denuncia-de-secretaria-de-seguridad-detienen-a-vecino-por-venta-de-licencias-truchas","status":"publish","type":"post","link":"https:\/\/www.hoymercedes.com.ar\/principal\/2018\/08\/20\/tras-denuncia-de-secretaria-de-seguridad-detienen-a-vecino-por-venta-de-licencias-truchas\/","title":{"rendered":"Tras denuncia de Secretar\u00eda de Seguridad detienen a vecino por venta de licencias truchas"},"content":{"rendered":"<p>Tras una importante investigaci\u00f3n iniciada por una denuncia de la Municipalidad de Mercedes a trav\u00e9s de una intervenci\u00f3n de la Secretar\u00eda de Seguridad se detuvo a un vecino por venta de licencias \u201ctruchas\u201d a trav\u00e9s de las redes sociales. Intervino la Ayudant\u00eda Fiscal \u201cNN\u201d junto a UFI N\u00ba6. Se supo adem\u00e1s que no era el generador de las mismas, sino que las tra\u00eda de otras localidades.<\/p>\n<p><strong>El Hecho<\/strong><br \/>\nSe detecta que en las redes sociales, precisamente en los grupos de compra y venta, hab\u00eda alguien, con un nombre falso, ofreciendo licencias de conducir ap\u00f3crifas inici\u00e1ndose desde el \u00e1rea comunal una investigaci\u00f3n que termin\u00f3 en la justicia. A su vez, se utiliza tambi\u00e9n como elemento un reporte de seguridad online donde un vecino manifestaba que se hab\u00eda contactado con la persona v\u00eda Facebook y telef\u00f3nicamente. Se aport\u00f3 eso a la ayudant\u00eda fiscal y se realizaron las pericias inform\u00e1ticas y telef\u00f3nicas.<\/p>\n<p><strong>Denuncia<\/strong><br \/>\nTras identificar las acciones la sub secretaria de seguridad, Dra. Clara Zunino, cumpliendo con el deber p\u00fablico que le emana el cargo, avanz\u00f3 con una denuncia del ilegal acto ante la justicia de Mercedes que r\u00e1pidamente y con una s\u00f3lida investigaci\u00f3n resolvi\u00f3 el caso. Se logr\u00f3 identificar el tel\u00e9fono del sujeto, rastrear la \u201cIP\u201d y concretar pericias inform\u00e1ticas que dieron el saldo positivo a la investigaci\u00f3n dejando en claro el lugar desde donde se escrib\u00edan los mensaje de venta y publicaci\u00f3n.<br \/>\nLa venta se hac\u00eda bajo el seud\u00f3nimo \u201cAriel Barrionuevo\u201d siendo el imputado real un joven de 24 a\u00f1os de edad de apellido Avellaneda.<\/p>\n<p><strong>Acci\u00f3n<\/strong><br \/>\nSe secuestraron elementos probatorios y se inici\u00f3 una causa penal por estaba con ayuda de autores desconocidos que se sospecha son de otras localidades y ser\u00edan los productores originales de la documentaci\u00f3n que quer\u00eda revender el vecino de nuestra ciudad.<\/p>\n<p><strong>Presunci\u00f3n<\/strong><br \/>\nSe supo que el vecino, al ser revendedor y ofrecer qued\u00f3 inmerso en una denuncia y causa penal que ahora sigue su curso normal y habitual.<\/p>\n<p><strong>Municipio<\/strong><br \/>\nDe esta manera la Municipalidad de Mercedes volvi\u00f3 a ser un actor importante en el esclarecimiento del hecho dado que se trataba de una potencial estafa a los vecinos, salvaguardando a la ciudadan\u00eda de un acto ilegal. La tarea, se destac\u00f3, cont\u00f3 con una importante actuaci\u00f3n de la mencionada Ayudant\u00eda Fiscal \u201cNN\u201d y UFI N\u00ba6 como as\u00ed tambi\u00e9n de la Polic\u00eda Comunal siendo fundamentales sus participaciones.<\/p>\n","protected":false},"excerpt":{"rendered":"<p>Tras una importante investigaci\u00f3n iniciada por una denuncia de la Municipalidad de Mercedes a trav\u00e9s de una intervenci\u00f3n de la &#8230; <a title=\"Tras denuncia de Secretar\u00eda de Seguridad detienen a vecino por venta de licencias truchas\" class=\"read-more\" href=\"https:\/\/www.hoymercedes.com.ar\/principal\/2018\/08\/20\/tras-denuncia-de-secretaria-de-seguridad-detienen-a-vecino-por-venta-de-licencias-truchas\/\" aria-label=\"Leer m\u00e1s sobre Tras denuncia de Secretar\u00eda de Seguridad detienen a vecino por venta de licencias truchas\">Leer m\u00e1s<\/a><\/p>\n","protected":false},"author":1,"featured_media":63304,"comment_status":"closed","ping_status":"open","sticky":false,"template":"","format":"standard","meta":{"_monsterinsights_skip_tracking":false,"_monsterinsights_sitenote_active":false,"_monsterinsights_sitenote_note":"","_monsterinsights_sitenote_category":0,"jetpack_post_was_ever_published":false,"_jetpack_newsletter_access":"","_jetpack_dont_email_post_to_subs":false,"_jetpack_newsletter_tier_id":0,"_jetpack_memberships_contains_paywalled_content":false,"_jetpack_memberships_contains_paid_content":false,"footnotes":"","jetpack_publicize_message":"","jetpack_publicize_feature_enabled":true,"jetpack_social_post_already_shared":true,"jetpack_social_options":{"image_generator_settings":{"template":"highway","default_image_id":0,"font":"","enabled":false},"version":2},"_wpas_customize_per_network":false},"categories":[85],"tags":[11910,13623,26,13624],"class_list":["post-80087","post","type-post","status-publish","format-standard","has-post-thumbnail","hentry","category-policial","tag-clara-zunino","tag-denuncia-penal","tag-detenidos","tag-licencias-truchas","generate-columns","tablet-grid-50","mobile-grid-100","grid-parent","grid-50"],"jetpack_publicize_connections":[],"jetpack_featured_media_url":"https:\/\/www.hoymercedes.com.ar\/principal\/wp-content\/uploads\/2017\/05\/30-Clara-Zunino.jpg","wps_subtitle":"Justicia ","jetpack_sharing_enabled":true,"_links":{"self":[{"href":"https:\/\/www.hoymercedes.com.ar\/principal\/wp-json\/wp\/v2\/posts\/80087","targetHints":{"allow":["GET"]}}],"collection":[{"href":"https:\/\/www.hoymercedes.com.ar\/principal\/wp-json\/wp\/v2\/posts"}],"about":[{"href":"https:\/\/www.hoymercedes.com.ar\/principal\/wp-json\/wp\/v2\/types\/post"}],"author":[{"embeddable":true,"href":"https:\/\/www.hoymercedes.com.ar\/principal\/wp-json\/wp\/v2\/users\/1"}],"replies":[{"embeddable":true,"href":"https:\/\/www.hoymercedes.com.ar\/principal\/wp-json\/wp\/v2\/comments?post=80087"}],"version-history":[{"count":0,"href":"https:\/\/www.hoymercedes.com.ar\/principal\/wp-json\/wp\/v2\/posts\/80087\/revisions"}],"wp:featuredmedia":[{"embeddable":true,"href":"https:\/\/www.hoymercedes.com.ar\/principal\/wp-json\/wp\/v2\/media\/63304"}],"wp:attachment":[{"href":"https:\/\/www.hoymercedes.com.ar\/principal\/wp-json\/wp\/v2\/media?parent=80087"}],"wp:term":[{"taxonomy":"category","embeddable":true,"href":"https:\/\/www.hoymercedes.com.ar\/principal\/wp-json\/wp\/v2\/categories?post=80087"},{"taxonomy":"post_tag","embeddable":true,"href":"https:\/\/www.hoymercedes.com.ar\/principal\/wp-json\/wp\/v2\/tags?post=80087"}],"curies":[{"name":"wp","href":"https:\/\/api.w.org\/{rel}","templated":true}]}}