{"id":80092,"date":"2018-08-21T10:30:10","date_gmt":"2018-08-21T13:30:10","guid":{"rendered":"http:\/\/www.hoymercedes.com.ar\/principal\/?p=80092"},"modified":"2018-08-20T18:43:56","modified_gmt":"2018-08-20T21:43:56","slug":"hubo-polemica-por-intervencion-de-una-concejal-en-un-predio-tomado","status":"publish","type":"post","link":"https:\/\/www.hoymercedes.com.ar\/principal\/2018\/08\/21\/hubo-polemica-por-intervencion-de-una-concejal-en-un-predio-tomado\/","title":{"rendered":"Hubo pol\u00e9mica por intervenci\u00f3n de  una concejal en un predio tomado"},"content":{"rendered":"<p>A principios de la semana ocurri\u00f3 un suceso un tanto complejo, dado que existe una actuaci\u00f3n judicial, y que requiri\u00f3 la actuaci\u00f3n policial.<\/p>\n<p>Es de p\u00fablico conocimiento que desde hace tiempo los habitantes de Altamira tramitan la custodia de los bienes muebles e inmuebles del ferrocarril Belgrano Cargas. Dicho predio se encuentra ocupado por un particular y aunque ocurrieron varios entredichos entre las partes, la actuaci\u00f3n de parte del grupo vecinal ante el ente estatal propietario del lugar, lleg\u00f3 una cierta calma sumado a un acuerdo verbal para que el particular no quite los bienes que all\u00ed existen ni realice modificaciones.<\/p>\n<p>Sin embargo, la calma ces\u00f3 el pasado martes cuando los vecinos vieron llegar otro veh\u00edculo \u2013 desconocido para ellos \u2013 al lugar. Y ante el temor de que se incumpliera lo pautado se dio aviso a la polic\u00eda.<\/p>\n<p>En el lugar se hizo presente la concejal Marilina Bustelo junto a su esposo. Seg\u00fan indic\u00f3 la concejal fue ante una inquietud del vecino que mora en el lugar y se habr\u00eda acercado para conocer la situaci\u00f3n.<\/p>\n<p>Sin embargo, se dieron momentos tensos al llegar al lugar los vecinos de Altamira y la polic\u00eda que tuvo que intervenir ante lo que suced\u00eda. Para los habitantes de la localidad, la edil se manifest\u00f3 en favor de un hombre \u2013oriundo de Luj\u00e1n &#8211; que utiliza la estaci\u00f3n de trenes para fines propios, y ello caus\u00f3 un gran malestar.<\/p>\n<p>Dami\u00e1n Lacoste, presidente de la sociedad de fomento de Altamira, se mostr\u00f3 molesto con la actitud de la concejal que en todo momento se mostr\u00f3 a favor de los moradores de la estaci\u00f3n. \u201cEllos han usufructuado el lugar como si fuera propio, queremos que vuelva a ser un espacio p\u00fablico, porque es un emblema de nuestra identidad, y desde hace dos a\u00f1os, estamos impedidos porque un intruso, pone perros y dominio perimetral y se lo ha quedado\u201d, sostuvo.<\/p>\n<p>\u201cHace m\u00e1s de ocho a\u00f1os que venimos en una lucha ardua, y estamos entrando en la etapa final legal entre la Administraci\u00f3n de Bienes del Estado y Belgrano Cargas y Log\u00edstica que es quien tiene la concesi\u00f3n del ramal. Queremos obtener esos predios para un proyecto de actividades culturales, sociales y talleres, y dem\u00e1s\u201d, destac\u00f3 Lacoste quien critic\u00f3 a Bustelo: \u201cDeber\u00eda saber que muchas de las actitudes que la comunidad de Altamira vio ayer (por el martes) no son las correctas ni las esperadas por el pueblo\u201d, sostuvo y agreg\u00f3 que \u201cdesde el lunes anterior a que esto sucediera comenzamos a tener conflicto. Sabemos que estamos en la \u00faltima etapa legal, hay bienes dentro que son del Estado Nacional por lo que tambi\u00e9n tomamos custodia para que las cosas permanezcan all\u00ed. \u00a0Estuvimos toda la semana en el lugar. Esta persona que ocupa el lugar no estuvo viniendo, de hecho no vive ah\u00ed. No hablamos de una persona con necesidad habitacional. El mismo martes recibimos una comunicaci\u00f3n de la ABE, en la que nos informaron que desde Belgrano Carga se iba a acercar junto a la Asociaci\u00f3n de Amigos del Belgrano pr\u00f3ximamente\u201d, precis\u00f3.<\/p>\n<p>\u201cPasaron muchas cosas la semana previa a este hecho que tom\u00f3 trascendencia, hasta que logramos ponernos de acuerdo de estar las dos partes en el lugar hasta que llegara la resoluci\u00f3n legal\u201d, indic\u00f3. \u201cHab\u00edamos llegado a un acuerdo de que los \u00fanicos que pod\u00edamos entrar al lugar \u00e9ramos \u00e9l o yo. Cuando vemos este auto llam\u00f3 a la polic\u00eda, y se acercan al lugar. Cuando me acerco al lugar del conflicto, veo a una mujer joven y un hombre, tambi\u00e9n joven, que se pon\u00edan en defensa de la persona que estaba adentro y en total desconocimiento de lo que pasaba realmente en el lugar\u201d, remarc\u00f3.<\/p>\n<p>Lacoste cuestion\u00f3 que Bustelo y el esposo \u201cse presentaron como concejales los dos. Despu\u00e9s la otra persona (por el esposo) fue cambiando de cargos, porque hasta dijo ser de una Superintendencia, hasta que termin\u00f3 siendo una persona cualquiera igual que yo. Habr\u00e1n pensando que si nos tiraban institucionalidades nos ibamos a ir pero se equivocaron\u201d sostuvo y lament\u00f3 que Bustelo se les haya \u201cre\u00eddo en la cara\u201d.<\/p>\n<p>\u201cNo ten\u00edan ni la m\u00ednima idea del proceso que hab\u00eda en el lugar. Pero la se\u00f1ora en todo momento se manifest\u00f3 a favor de la persona que estaba dentro del inmueble. Estuvo sacando fotograf\u00edas\u201d, remarc\u00f3 y agreg\u00f3: \u201cno fabulamos sobre la posici\u00f3n que tom\u00f3. Estamos totalmente seguros porque est\u00e1bamos en el lugar, hay testigos y hasta la propia polic\u00eda que estuvo presente\u201d.<\/p>\n<p>&nbsp;<\/p>\n<p><strong>Bustelo tras el conflicto<\/strong><\/p>\n<p>La concejal Marilina Bustelo, del bloque de concejales de Cambiemos se refiri\u00f3 al tema en un programa radial. \u201cNo pens\u00e9 que iba a tomar tanto revuelo el tema. Me acerqu\u00e9 al predio donde estaba la estaci\u00f3n de Altamira porque vive una persona que se comunic\u00f3 conmigo porque ten\u00eda un problema. Como siempre lo hacemos en la labor de acompa\u00f1ar a los vecinos y recibir los reclamos. Me comentan lo que les estaba pasando, no pod\u00eda intervenir de ninguna manera porque era algo judicial y les comento que pod\u00edan hacer denuncia por inconvenientes\u201d, relat\u00f3 y agreg\u00f3 que lleg\u00f3 la polic\u00eda al lugar averiguando por una denuncia de usurpaci\u00f3n.<\/p>\n<p>\u201cLos vecinos llegaron y nos comentaron que estaban haciendo los tr\u00e1mites para tener la tenencia del lugar. Yo les manifest\u00e9 que no ten\u00eda conocimiento de lo que estaba pasando, m\u00e1s que lo que me coment\u00f3 este vecino. Se arm\u00f3 un l\u00edo grande, y justo era un inconveniente de muchos a\u00f1os. Justo cay\u00f3 mi nombre, se lo di a la polic\u00eda cuando me lo pidieron y les quise aclarar que no iba a tomar partido por uno o por otro, sino que se constataba con un papel que esta gente no era usurpadora sino que ten\u00edan documentaci\u00f3n. Pero que yo no pod\u00eda intervenir. Y solo fui a pedido de un vecino, que result\u00f3 ser conocido de mi familia cuesti\u00f3n que surgi\u00f3 cuando est\u00e1bamos hablando\u201d, a\u00f1adi\u00f3.<\/p>\n","protected":false},"excerpt":{"rendered":"<p>A principios de la semana ocurri\u00f3 un suceso un tanto complejo, dado que existe una actuaci\u00f3n judicial, y que requiri\u00f3 &#8230; <a title=\"Hubo pol\u00e9mica por intervenci\u00f3n de  una concejal en un predio tomado\" class=\"read-more\" href=\"https:\/\/www.hoymercedes.com.ar\/principal\/2018\/08\/21\/hubo-polemica-por-intervencion-de-una-concejal-en-un-predio-tomado\/\" aria-label=\"Leer m\u00e1s sobre Hubo pol\u00e9mica por intervenci\u00f3n de  una concejal en un predio tomado\">Leer m\u00e1s<\/a><\/p>\n","protected":false},"author":1,"featured_media":80093,"comment_status":"closed","ping_status":"open","sticky":false,"template":"","format":"standard","meta":{"_monsterinsights_skip_tracking":false,"_monsterinsights_sitenote_active":false,"_monsterinsights_sitenote_note":"","_monsterinsights_sitenote_category":0,"jetpack_post_was_ever_published":false,"_jetpack_newsletter_access":"","_jetpack_dont_email_post_to_subs":false,"_jetpack_newsletter_tier_id":0,"_jetpack_memberships_contains_paywalled_content":false,"_jetpack_memberships_contains_paid_content":false,"footnotes":"","jetpack_publicize_message":"","jetpack_publicize_feature_enabled":true,"jetpack_social_post_already_shared":true,"jetpack_social_options":{"image_generator_settings":{"template":"highway","default_image_id":0,"font":"","enabled":false},"version":2},"_wpas_customize_per_network":false},"categories":[5],"tags":[5319,9028],"class_list":["post-80092","post","type-post","status-publish","format-standard","has-post-thumbnail","hentry","category-politica","tag-politica-2","tag-zona-rural","generate-columns","tablet-grid-50","mobile-grid-100","grid-parent","grid-50"],"jetpack_publicize_connections":[],"jetpack_featured_media_url":"https:\/\/www.hoymercedes.com.ar\/principal\/wp-content\/uploads\/2018\/08\/altamira.jpg","wps_subtitle":"En Altamira","jetpack_sharing_enabled":true,"jetpack-related-posts":[{"id":173971,"url":"https:\/\/www.hoymercedes.com.ar\/principal\/2024\/03\/15\/preparan-la-fiesta-del-arraigo-en-agote\/","url_meta":{"origin":80092,"position":0},"title":"Preparan la Fiesta del Arraigo en Agote","author":"hoymercedes","date":"15 marzo, 2024","format":false,"excerpt":"La comunidad de Agote se encuentra ultimando detalles para el festejo del arraigo de este a\u00f1o. Anunciaron que ser\u00e1 el s\u00e1bado 23 y domingo 24 de marzo. Habr\u00e1 desde carreras de bicicletas antiguas hasta desfile criollo pasando por m\u00fasica en vivo y la degustaci\u00f3n de la cl\u00e1sica buseca agotense que\u2026","rel":"","context":"En \u00abSociedad\u00bb","block_context":{"text":"Sociedad","link":"https:\/\/www.hoymercedes.com.ar\/principal\/category\/sociedad\/"},"img":{"alt_text":"","src":"https:\/\/i0.wp.com\/www.hoymercedes.com.ar\/principal\/wp-content\/uploads\/2019\/03\/22-arraigo-1.jpg?resize=350%2C200&ssl=1","width":350,"height":200,"srcset":"https:\/\/i0.wp.com\/www.hoymercedes.com.ar\/principal\/wp-content\/uploads\/2019\/03\/22-arraigo-1.jpg?resize=350%2C200&ssl=1 1x, https:\/\/i0.wp.com\/www.hoymercedes.com.ar\/principal\/wp-content\/uploads\/2019\/03\/22-arraigo-1.jpg?resize=525%2C300&ssl=1 1.5x, https:\/\/i0.wp.com\/www.hoymercedes.com.ar\/principal\/wp-content\/uploads\/2019\/03\/22-arraigo-1.jpg?resize=700%2C400&ssl=1 2x"},"classes":[]},{"id":25586,"url":"https:\/\/www.hoymercedes.com.ar\/principal\/2013\/09\/08\/abel-pintos-cerrara-la-fiesta-del-salame-2013\/","url_meta":{"origin":80092,"position":1},"title":"Abel Pintos cerrar\u00e1 la Fiesta del Salame 2013","author":"hoymercedes","date":"8 septiembre, 2013","format":false,"excerpt":"Este s\u00e1bado, segunda jornada de la Fiesta 2013, se volvi\u00f3 at\u00edpica por la gran cantidad de agua ca\u00edda en poco tiempo. A pesar de ello mercedios y algunos visitantes disfrutaron dentro de la carpa de productores. El paseo artesanal el sector m\u00e1s afectado que recibi\u00f3 mantenimiento por la tarde. Desde\u2026","rel":"","context":"En \u00abMunicipio\u00bb","block_context":{"text":"Municipio","link":"https:\/\/www.hoymercedes.com.ar\/principal\/category\/municipio\/"},"img":{"alt_text":"FiestaSalame2013 (3)","src":"https:\/\/i0.wp.com\/www.hoymercedes.com.ar\/principal\/wp-content\/uploads\/2013\/09\/FiestaSalame2013-3.jpg?resize=350%2C200","width":350,"height":200,"srcset":"https:\/\/i0.wp.com\/www.hoymercedes.com.ar\/principal\/wp-content\/uploads\/2013\/09\/FiestaSalame2013-3.jpg?resize=350%2C200 1x, https:\/\/i0.wp.com\/www.hoymercedes.com.ar\/principal\/wp-content\/uploads\/2013\/09\/FiestaSalame2013-3.jpg?resize=525%2C300 1.5x"},"classes":[]},{"id":100700,"url":"https:\/\/www.hoymercedes.com.ar\/principal\/2019\/09\/30\/dos-aprehendidos-por-robo-en-un-predio-rural\/","url_meta":{"origin":80092,"position":2},"title":"Dos aprehendidos por robo en un predio rural","author":"hoymercedes","date":"30 septiembre, 2019","format":false,"excerpt":"El martes, en horas de la tarde, dos personas arribaron a un predio rural ubicado en el kil\u00f3metro 164.500 de la ruta nacional N\u00b0 5, partido de la ciudad de Chivilcoy. Aprovechando que los moradores no estaban presentes, ingresaron a un galp\u00f3n cercano a la vivienda, y tras romper el\u2026","rel":"","context":"En \u00abPolicial\u00bb","block_context":{"text":"Policial","link":"https:\/\/www.hoymercedes.com.ar\/principal\/category\/policial\/"},"img":{"alt_text":"","src":"https:\/\/i0.wp.com\/www.hoymercedes.com.ar\/principal\/wp-content\/uploads\/2019\/05\/12-policia-patrulleros.jpg?resize=350%2C200&ssl=1","width":350,"height":200,"srcset":"https:\/\/i0.wp.com\/www.hoymercedes.com.ar\/principal\/wp-content\/uploads\/2019\/05\/12-policia-patrulleros.jpg?resize=350%2C200&ssl=1 1x, https:\/\/i0.wp.com\/www.hoymercedes.com.ar\/principal\/wp-content\/uploads\/2019\/05\/12-policia-patrulleros.jpg?resize=525%2C300&ssl=1 1.5x, https:\/\/i0.wp.com\/www.hoymercedes.com.ar\/principal\/wp-content\/uploads\/2019\/05\/12-policia-patrulleros.jpg?resize=700%2C400&ssl=1 2x"},"classes":[]},{"id":80410,"url":"https:\/\/www.hoymercedes.com.ar\/principal\/2018\/08\/28\/altamira-pide-la-recuperacion-de-la-estacion-de-tren-para-la-comunidad\/","url_meta":{"origin":80092,"position":3},"title":"Altamira pide la recuperaci\u00f3n de la estaci\u00f3n de tren para la comunidad","author":"hoymercedes","date":"28 agosto, 2018","format":false,"excerpt":"En el marco de una nueva sesi\u00f3n ordinaria del Concejo Deliberante de Mercedes, en la noche del lunes \u00faltimo, los vecinos de la localidad rural de Altamira pidieron a los concejales que intervengan en la recuperaci\u00f3n de la estaci\u00f3n de trenes que hace m\u00e1s de veinte a\u00f1os fue \"cedido\" a\u2026","rel":"","context":"En \u00abPol\u00edtica\u00bb","block_context":{"text":"Pol\u00edtica","link":"https:\/\/www.hoymercedes.com.ar\/principal\/category\/politica\/"},"img":{"alt_text":"","src":"https:\/\/i0.wp.com\/www.hoymercedes.com.ar\/principal\/wp-content\/uploads\/2018\/08\/28-banca-altamira-2.jpg?resize=350%2C200&ssl=1","width":350,"height":200,"srcset":"https:\/\/i0.wp.com\/www.hoymercedes.com.ar\/principal\/wp-content\/uploads\/2018\/08\/28-banca-altamira-2.jpg?resize=350%2C200&ssl=1 1x, https:\/\/i0.wp.com\/www.hoymercedes.com.ar\/principal\/wp-content\/uploads\/2018\/08\/28-banca-altamira-2.jpg?resize=525%2C300&ssl=1 1.5x, https:\/\/i0.wp.com\/www.hoymercedes.com.ar\/principal\/wp-content\/uploads\/2018\/08\/28-banca-altamira-2.jpg?resize=700%2C400&ssl=1 2x"},"classes":[]},{"id":34958,"url":"https:\/\/www.hoymercedes.com.ar\/principal\/2014\/08\/07\/banda-xxi-los-reyes-del-cuarteto-y-los-nocheros-en-fiesta-del-salame\/","url_meta":{"origin":80092,"position":4},"title":"Banda XXI, Los Reyes del Cuarteto y Los Nocheros en Fiesta del Salame","author":"hoymercedes","date":"7 agosto, 2014","format":false,"excerpt":"Banda XXI, Los Reyes del Cuarteto y Los Nocheros est\u00e1n confirmados para la pr\u00f3xima Fiesta Nacional del Salame que ser\u00e1 especial ya que es la n\u00famero 40. El municipio est\u00e1 trabajando en su armado y organizaci\u00f3n y por ello que se dio a conocer la grilla de los tres d\u00edas.\u2026","rel":"","context":"En \u00abMunicipio\u00bb","block_context":{"text":"Municipio","link":"https:\/\/www.hoymercedes.com.ar\/principal\/category\/municipio\/"},"img":{"alt_text":"Los-Nocheros","src":"https:\/\/i0.wp.com\/www.hoymercedes.com.ar\/principal\/wp-content\/uploads\/2014\/08\/Los-Nocheros.jpg?resize=350%2C200","width":350,"height":200,"srcset":"https:\/\/i0.wp.com\/www.hoymercedes.com.ar\/principal\/wp-content\/uploads\/2014\/08\/Los-Nocheros.jpg?resize=350%2C200 1x, https:\/\/i0.wp.com\/www.hoymercedes.com.ar\/principal\/wp-content\/uploads\/2014\/08\/Los-Nocheros.jpg?resize=525%2C300 1.5x"},"classes":[]},{"id":15375,"url":"https:\/\/www.hoymercedes.com.ar\/principal\/2012\/08\/17\/grilla-completa-de-la-38-fiesta-nacional-del-salame\/","url_meta":{"origin":80092,"position":5},"title":"Grilla completa de la 38\u00b0 Fiesta Nacional del Salame","author":"hoymercedes","date":"17 agosto, 2012","format":false,"excerpt":"Luego de varias semanas de espectativa y cambios de primeras figuras desde la organizaci\u00f3n municipal dan a conocer c\u00f3mo estar\u00e1 conformada la grilla completa de la pr\u00f3xima fiesta nacional del Salame Quinero a realizarse los pr\u00f3ximos 7, 8 y 9 de septiembre. Los d\u00edas estar\u00e1n presentados, en el escenario, de\u2026","rel":"","context":"En \u00abMunicipio\u00bb","block_context":{"text":"Municipio","link":"https:\/\/www.hoymercedes.com.ar\/principal\/category\/municipio\/"},"img":{"alt_text":"","src":"","width":0,"height":0},"classes":[]}],"_links":{"self":[{"href":"https:\/\/www.hoymercedes.com.ar\/principal\/wp-json\/wp\/v2\/posts\/80092","targetHints":{"allow":["GET"]}}],"collection":[{"href":"https:\/\/www.hoymercedes.com.ar\/principal\/wp-json\/wp\/v2\/posts"}],"about":[{"href":"https:\/\/www.hoymercedes.com.ar\/principal\/wp-json\/wp\/v2\/types\/post"}],"author":[{"embeddable":true,"href":"https:\/\/www.hoymercedes.com.ar\/principal\/wp-json\/wp\/v2\/users\/1"}],"replies":[{"embeddable":true,"href":"https:\/\/www.hoymercedes.com.ar\/principal\/wp-json\/wp\/v2\/comments?post=80092"}],"version-history":[{"count":0,"href":"https:\/\/www.hoymercedes.com.ar\/principal\/wp-json\/wp\/v2\/posts\/80092\/revisions"}],"wp:featuredmedia":[{"embeddable":true,"href":"https:\/\/www.hoymercedes.com.ar\/principal\/wp-json\/wp\/v2\/media\/80093"}],"wp:attachment":[{"href":"https:\/\/www.hoymercedes.com.ar\/principal\/wp-json\/wp\/v2\/media?parent=80092"}],"wp:term":[{"taxonomy":"category","embeddable":true,"href":"https:\/\/www.hoymercedes.com.ar\/principal\/wp-json\/wp\/v2\/categories?post=80092"},{"taxonomy":"post_tag","embeddable":true,"href":"https:\/\/www.hoymercedes.com.ar\/principal\/wp-json\/wp\/v2\/tags?post=80092"}],"curies":[{"name":"wp","href":"https:\/\/api.w.org\/{rel}","templated":true}]}}