{"id":80136,"date":"2018-08-22T11:13:55","date_gmt":"2018-08-22T14:13:55","guid":{"rendered":"http:\/\/www.hoymercedes.com.ar\/principal\/?p=80136"},"modified":"2018-08-21T22:07:20","modified_gmt":"2018-08-22T01:07:20","slug":"maria-silvina-presente-en-equus-fidei","status":"publish","type":"post","link":"https:\/\/www.hoymercedes.com.ar\/principal\/2018\/08\/22\/maria-silvina-presente-en-equus-fidei\/","title":{"rendered":"Mar\u00eda Silvina, presente en Equus Fidei"},"content":{"rendered":"<p>El Centro Ecuestre Mar\u00eda Silvina particip\u00f3 en la localidad de Moreno del certamen Equus Fidei, para seguir en ritmo de cara a las pr\u00f3ximas fechas del Campeonato Escuelas del Oeste, que el pasado 12 de agosto tuvo que suspender por mal tiempo la jornada en San Antonio de Areco.<\/p>\n<p><img loading=\"lazy\" decoding=\"async\" data-attachment-id=\"80137\" data-permalink=\"https:\/\/www.hoymercedes.com.ar\/principal\/2018\/08\/22\/maria-silvina-presente-en-equus-fidei\/maria-silvina-en-eqqus-fidei\/#main\" data-orig-file=\"https:\/\/www.hoymercedes.com.ar\/principal\/wp-content\/uploads\/2018\/08\/Maria-Silvina-en-Eqqus-Fidei.jpg\" data-orig-size=\"800,510\" data-comments-opened=\"0\" data-image-meta=\"{&quot;aperture&quot;:&quot;0&quot;,&quot;credit&quot;:&quot;&quot;,&quot;camera&quot;:&quot;&quot;,&quot;caption&quot;:&quot;&quot;,&quot;created_timestamp&quot;:&quot;0&quot;,&quot;copyright&quot;:&quot;&quot;,&quot;focal_length&quot;:&quot;0&quot;,&quot;iso&quot;:&quot;0&quot;,&quot;shutter_speed&quot;:&quot;0&quot;,&quot;title&quot;:&quot;&quot;,&quot;orientation&quot;:&quot;0&quot;}\" data-image-title=\"Maria Silvina en Eqqus Fidei\" data-image-description=\"\" data-image-caption=\"\" data-large-file=\"https:\/\/www.hoymercedes.com.ar\/principal\/wp-content\/uploads\/2018\/08\/Maria-Silvina-en-Eqqus-Fidei.jpg\" class=\"aligncenter size-medium wp-image-80137\" src=\"https:\/\/www.hoymercedes.com.ar\/principal\/wp-content\/uploads\/2018\/08\/Maria-Silvina-en-Eqqus-Fidei-630x402.jpg\" alt=\"\" width=\"630\" height=\"402\" srcset=\"https:\/\/www.hoymercedes.com.ar\/principal\/wp-content\/uploads\/2018\/08\/Maria-Silvina-en-Eqqus-Fidei-630x402.jpg 630w, https:\/\/www.hoymercedes.com.ar\/principal\/wp-content\/uploads\/2018\/08\/Maria-Silvina-en-Eqqus-Fidei-150x96.jpg 150w, https:\/\/www.hoymercedes.com.ar\/principal\/wp-content\/uploads\/2018\/08\/Maria-Silvina-en-Eqqus-Fidei.jpg 800w\" sizes=\"auto, (max-width: 630px) 100vw, 630px\" \/><\/p>\n<p>Todos los participantes del club clasificaron y recibieron cucardas y premios.<\/p>\n<p>Participaron de este encuentro: Agust\u00edn Ciollaro, Abril y Ailen Larrosa, Joaquina Dellafontana, Albertina G\u00f3mez Vinacua, F\u00e1tima Averame, Catalina Revello, Mar\u00eda Paz Rey Pruzzo, Luciana Ju\u00e1rez Nasso, Mar\u00eda Del Rosario Navia, Mar\u00eda Bel\u00e9n Rey Pruzzo y Valentina Aguero.<\/p>\n","protected":false},"excerpt":{"rendered":"<p>El Centro Ecuestre Mar\u00eda Silvina particip\u00f3 en la localidad de Moreno del certamen Equus Fidei, para seguir en ritmo de &#8230; <a title=\"Mar\u00eda Silvina, presente en Equus Fidei\" class=\"read-more\" href=\"https:\/\/www.hoymercedes.com.ar\/principal\/2018\/08\/22\/maria-silvina-presente-en-equus-fidei\/\" aria-label=\"Leer m\u00e1s sobre Mar\u00eda Silvina, presente en Equus Fidei\">Leer m\u00e1s<\/a><\/p>\n","protected":false},"author":1,"featured_media":80137,"comment_status":"closed","ping_status":"open","sticky":false,"template":"","format":"standard","meta":{"_monsterinsights_skip_tracking":false,"_monsterinsights_sitenote_active":false,"_monsterinsights_sitenote_note":"","_monsterinsights_sitenote_category":0,"jetpack_post_was_ever_published":false,"_jetpack_newsletter_access":"","_jetpack_dont_email_post_to_subs":false,"_jetpack_newsletter_tier_id":0,"_jetpack_memberships_contains_paywalled_content":false,"_jetpack_memberships_contains_paid_content":false,"footnotes":"","jetpack_publicize_message":"","jetpack_publicize_feature_enabled":true,"jetpack_social_post_already_shared":true,"jetpack_social_options":{"image_generator_settings":{"template":"highway","default_image_id":0,"font":"","enabled":false},"version":2},"_wpas_customize_per_network":false},"categories":[21],"tags":[204,1821,13634,13489],"class_list":["post-80136","post","type-post","status-publish","format-standard","has-post-thumbnail","hentry","category-deportes","tag-deportes-2","tag-equitacion","tag-equus-fidei","tag-maria-silvina","generate-columns","tablet-grid-50","mobile-grid-100","grid-parent","grid-50"],"jetpack_publicize_connections":[],"jetpack_featured_media_url":"https:\/\/www.hoymercedes.com.ar\/principal\/wp-content\/uploads\/2018\/08\/Maria-Silvina-en-Eqqus-Fidei.jpg","wps_subtitle":"Equitaci\u00f3n","jetpack_sharing_enabled":true,"_links":{"self":[{"href":"https:\/\/www.hoymercedes.com.ar\/principal\/wp-json\/wp\/v2\/posts\/80136","targetHints":{"allow":["GET"]}}],"collection":[{"href":"https:\/\/www.hoymercedes.com.ar\/principal\/wp-json\/wp\/v2\/posts"}],"about":[{"href":"https:\/\/www.hoymercedes.com.ar\/principal\/wp-json\/wp\/v2\/types\/post"}],"author":[{"embeddable":true,"href":"https:\/\/www.hoymercedes.com.ar\/principal\/wp-json\/wp\/v2\/users\/1"}],"replies":[{"embeddable":true,"href":"https:\/\/www.hoymercedes.com.ar\/principal\/wp-json\/wp\/v2\/comments?post=80136"}],"version-history":[{"count":0,"href":"https:\/\/www.hoymercedes.com.ar\/principal\/wp-json\/wp\/v2\/posts\/80136\/revisions"}],"wp:featuredmedia":[{"embeddable":true,"href":"https:\/\/www.hoymercedes.com.ar\/principal\/wp-json\/wp\/v2\/media\/80137"}],"wp:attachment":[{"href":"https:\/\/www.hoymercedes.com.ar\/principal\/wp-json\/wp\/v2\/media?parent=80136"}],"wp:term":[{"taxonomy":"category","embeddable":true,"href":"https:\/\/www.hoymercedes.com.ar\/principal\/wp-json\/wp\/v2\/categories?post=80136"},{"taxonomy":"post_tag","embeddable":true,"href":"https:\/\/www.hoymercedes.com.ar\/principal\/wp-json\/wp\/v2\/tags?post=80136"}],"curies":[{"name":"wp","href":"https:\/\/api.w.org\/{rel}","templated":true}]}}