{"id":80146,"date":"2018-08-23T11:41:54","date_gmt":"2018-08-23T14:41:54","guid":{"rendered":"http:\/\/www.hoymercedes.com.ar\/principal\/?p=80146"},"modified":"2018-08-21T22:00:57","modified_gmt":"2018-08-22T01:00:57","slug":"el-yacare-sequeira-se-prepara-para-el-proximo-15-de-diciembre","status":"publish","type":"post","link":"https:\/\/www.hoymercedes.com.ar\/principal\/2018\/08\/23\/el-yacare-sequeira-se-prepara-para-el-proximo-15-de-diciembre\/","title":{"rendered":"El Yacar\u00e9 Sequeira se prepara para el pr\u00f3ximo 15 de diciembre"},"content":{"rendered":"<p>Walter Sequeira se prepara para un nuevo combate que ya tiene fecha y lugar. Ser\u00e1 el pr\u00f3ximo 15 de septiembre en Boulogne y por el momento aguarda por conocer qui\u00e9n ser\u00e1 su rival.\u00a0El mercedino estar\u00e1 defendiendo su cetro Argentino FAB y Latino OMB y\u00a0ser\u00e1 la tercera vez que exponga el cintur\u00f3n nacional de los Mediopesados y la primera para la faja de la OMB que consigui\u00f3 en abril pasado en Mercedes con KO 6 sobre Gast\u00f3n Vega.<\/p>\n<p><img loading=\"lazy\" decoding=\"async\" data-attachment-id=\"80147\" data-permalink=\"https:\/\/www.hoymercedes.com.ar\/principal\/2018\/08\/23\/el-yacare-sequeira-se-prepara-para-el-proximo-15-de-diciembre\/mhm_9684\/#main\" data-orig-file=\"https:\/\/www.hoymercedes.com.ar\/principal\/wp-content\/uploads\/2018\/08\/MHM_9684.jpg\" data-orig-size=\"1200,797\" data-comments-opened=\"0\" data-image-meta=\"{&quot;aperture&quot;:&quot;2.2&quot;,&quot;credit&quot;:&quot;Moreira Mario Hugo&quot;,&quot;camera&quot;:&quot;NIKON D300&quot;,&quot;caption&quot;:&quot;&quot;,&quot;created_timestamp&quot;:&quot;1416013835&quot;,&quot;copyright&quot;:&quot;Moreira Mario Hugo&quot;,&quot;focal_length&quot;:&quot;50&quot;,&quot;iso&quot;:&quot;2000&quot;,&quot;shutter_speed&quot;:&quot;0.003125&quot;,&quot;title&quot;:&quot;&quot;,&quot;orientation&quot;:&quot;0&quot;}\" data-image-title=\"MHM_9684\" data-image-description=\"\" data-image-caption=\"\" data-large-file=\"https:\/\/www.hoymercedes.com.ar\/principal\/wp-content\/uploads\/2018\/08\/MHM_9684-1024x680.jpg\" class=\"aligncenter size-medium wp-image-80147\" src=\"https:\/\/www.hoymercedes.com.ar\/principal\/wp-content\/uploads\/2018\/08\/MHM_9684-630x418.jpg\" alt=\"\" width=\"630\" height=\"418\" srcset=\"https:\/\/www.hoymercedes.com.ar\/principal\/wp-content\/uploads\/2018\/08\/MHM_9684-630x418.jpg 630w, https:\/\/www.hoymercedes.com.ar\/principal\/wp-content\/uploads\/2018\/08\/MHM_9684-150x100.jpg 150w, https:\/\/www.hoymercedes.com.ar\/principal\/wp-content\/uploads\/2018\/08\/MHM_9684-1024x680.jpg 1024w, https:\/\/www.hoymercedes.com.ar\/principal\/wp-content\/uploads\/2018\/08\/MHM_9684.jpg 1200w\" sizes=\"auto, (max-width: 630px) 100vw, 630px\" \/><\/p>\n<p class=\"Estilo25\">El pasado 25 de febrero de 2017 logr\u00f3 el t\u00edtulo Argentino FAB frente a Elio Trosch con KOT 9, lo defendi\u00f3 de buena manera ante Mart\u00edn R\u00edos en Chascom\u00fas y repiti\u00f3 el mismo resultado frente a Gast\u00f3n Vega el \u00faltimo 20 de abril en el CEF N\u00b0 40. El mismo d\u00eda gan\u00f3 el Latino OMB frente a una multitud desplegando toda su potencia sobre el cuadril\u00e1tero en una noche de festejos para todos los presentes.<\/p>\n<p>La ascendente carrera que lo supo tener rankeado en el CMB y ahora dentro de la OMB, esto le permite a su promotor \u201cCharly\u201d Rodr\u00edguez del Macro Boxing Team buscar una oportunidad mundialista. Se apunta a que Sequeira dispute un t\u00edtulo Interino Mundial en el mes de noviembre por una de las m\u00e1s importantes organizaciones que al momento no trascendi\u00f3. De salir victorioso se abre la puerta a que el mercedino pueda retar al titular Campe\u00f3n Mundial en lo que ser\u00eda la m\u00e1xima expresi\u00f3n box\u00edstica.<\/p>\n","protected":false},"excerpt":{"rendered":"<p>Walter Sequeira se prepara para un nuevo combate que ya tiene fecha y lugar. Ser\u00e1 el pr\u00f3ximo 15 de septiembre &#8230; <a title=\"El Yacar\u00e9 Sequeira se prepara para el pr\u00f3ximo 15 de diciembre\" class=\"read-more\" href=\"https:\/\/www.hoymercedes.com.ar\/principal\/2018\/08\/23\/el-yacare-sequeira-se-prepara-para-el-proximo-15-de-diciembre\/\" aria-label=\"Leer m\u00e1s sobre El Yacar\u00e9 Sequeira se prepara para el pr\u00f3ximo 15 de diciembre\">Leer m\u00e1s<\/a><\/p>\n","protected":false},"author":1,"featured_media":80147,"comment_status":"closed","ping_status":"open","sticky":false,"template":"","format":"standard","meta":{"_monsterinsights_skip_tracking":false,"_monsterinsights_sitenote_active":false,"_monsterinsights_sitenote_note":"","_monsterinsights_sitenote_category":0,"jetpack_post_was_ever_published":false,"_jetpack_newsletter_access":"","_jetpack_dont_email_post_to_subs":false,"_jetpack_newsletter_tier_id":0,"_jetpack_memberships_contains_paywalled_content":false,"_jetpack_memberships_contains_paid_content":false,"footnotes":"","jetpack_publicize_message":"","jetpack_publicize_feature_enabled":true,"jetpack_social_post_already_shared":true,"jetpack_social_options":{"image_generator_settings":{"template":"highway","default_image_id":0,"font":"","enabled":false},"version":2},"_wpas_customize_per_network":false},"categories":[21],"tags":[1279,204,3978,4048],"class_list":["post-80146","post","type-post","status-publish","format-standard","has-post-thumbnail","hentry","category-deportes","tag-boxeo","tag-deportes-2","tag-pelea","tag-yacare-sequeira","generate-columns","tablet-grid-50","mobile-grid-100","grid-parent","grid-50"],"jetpack_publicize_connections":[],"jetpack_featured_media_url":"https:\/\/www.hoymercedes.com.ar\/principal\/wp-content\/uploads\/2018\/08\/MHM_9684.jpg","wps_subtitle":"Boxeo","jetpack_sharing_enabled":true,"jetpack-related-posts":[{"id":82384,"url":"https:\/\/www.hoymercedes.com.ar\/principal\/2018\/10\/13\/el-yacare-va-por-su-segunda-chance-a-nivel-internacional\/","url_meta":{"origin":80146,"position":0},"title":"El \u00abYacar\u00e9\u00bb va por su segunda chance a nivel internacional","author":"hoymercedes","date":"13 octubre, 2018","format":false,"excerpt":"Por Juan Dagnino (Prensa Sequeira Box). El presente Campe\u00f3n Argentino de la FAB y Latino OMB, Walter Gabriel Sequeira, volver\u00e1 a tener una chance internacional este s\u00e1bado 20 de octubre. El p\u00fagil del Macro Boxing Team tras aquel recordado combate en Alemania frente al turco Avni Yildirim en febrero del\u2026","rel":"","context":"En \u00abDeportes\u00bb","block_context":{"text":"Deportes","link":"https:\/\/www.hoymercedes.com.ar\/principal\/category\/deportes\/"},"img":{"alt_text":"","src":"https:\/\/i0.wp.com\/www.hoymercedes.com.ar\/principal\/wp-content\/uploads\/2018\/10\/WhatsApp-Image-2018-10-10-at-15.05.06.jpeg?resize=350%2C200&ssl=1","width":350,"height":200,"srcset":"https:\/\/i0.wp.com\/www.hoymercedes.com.ar\/principal\/wp-content\/uploads\/2018\/10\/WhatsApp-Image-2018-10-10-at-15.05.06.jpeg?resize=350%2C200&ssl=1 1x, https:\/\/i0.wp.com\/www.hoymercedes.com.ar\/principal\/wp-content\/uploads\/2018\/10\/WhatsApp-Image-2018-10-10-at-15.05.06.jpeg?resize=525%2C300&ssl=1 1.5x, https:\/\/i0.wp.com\/www.hoymercedes.com.ar\/principal\/wp-content\/uploads\/2018\/10\/WhatsApp-Image-2018-10-10-at-15.05.06.jpeg?resize=700%2C400&ssl=1 2x"},"classes":[]},{"id":194761,"url":"https:\/\/www.hoymercedes.com.ar\/principal\/2026\/04\/18\/walter-yacare-sequeira-ya-esta-en-australia\/","url_meta":{"origin":80146,"position":1},"title":"Walter \u00abYacar\u00e9\u00bb Sequeira ya est\u00e1 en Australia","author":"hoymercedes","date":"18 abril, 2026","format":false,"excerpt":"Walter Yacar\u00e9 Sequeira El boxeador mercedino Walter Gabriel \u201cYacar\u00e9\u201d Sequeira (38) emprende un nuevo cap\u00edtulo en su carrera profesional al viajar rumbo a Australia, donde volver\u00e1 a subirse al ring tras haber anunciado su retiro en 2025. A horas de partir, el p\u00fagil local se refiri\u00f3 a este regreso a\u2026","rel":"","context":"En \u00abDeportes\u00bb","block_context":{"text":"Deportes","link":"https:\/\/www.hoymercedes.com.ar\/principal\/category\/deportes\/"},"img":{"alt_text":"Walter Yacar\u00e9 Sequeira","src":"https:\/\/i0.wp.com\/www.hoymercedes.com.ar\/principal\/wp-content\/uploads\/2022\/09\/yacare-0590.jpeg?resize=350%2C200&ssl=1","width":350,"height":200,"srcset":"https:\/\/i0.wp.com\/www.hoymercedes.com.ar\/principal\/wp-content\/uploads\/2022\/09\/yacare-0590.jpeg?resize=350%2C200&ssl=1 1x, https:\/\/i0.wp.com\/www.hoymercedes.com.ar\/principal\/wp-content\/uploads\/2022\/09\/yacare-0590.jpeg?resize=525%2C300&ssl=1 1.5x"},"classes":[]},{"id":139003,"url":"https:\/\/www.hoymercedes.com.ar\/principal\/2021\/10\/23\/walter-sequeira-se-sube-al-ring-en-mercedes\/","url_meta":{"origin":80146,"position":2},"title":"Walter Sequeira se sube al ring en Mercedes","author":"hoymercedes","date":"23 octubre, 2021","format":false,"excerpt":"El p\u00fagil del Barrio Calvillo, quien fuera Campe\u00f3n Argentino FAB, Latino CMB y OMB Mediopesado, vuelve a pelear en Mercedes tras la victoria conseguida el 21 de agosto ante Orellana. El s\u00e1bado 30 de octubre es la fecha confirmada para un nuevo combate del cr\u00e9dito local, Walter Gabriel Sequeira, en\u2026","rel":"","context":"En \u00abDeportes\u00bb","block_context":{"text":"Deportes","link":"https:\/\/www.hoymercedes.com.ar\/principal\/category\/deportes\/"},"img":{"alt_text":"","src":"https:\/\/i0.wp.com\/www.hoymercedes.com.ar\/principal\/wp-content\/uploads\/2021\/10\/DSC07069.jpg?resize=350%2C200&ssl=1","width":350,"height":200,"srcset":"https:\/\/i0.wp.com\/www.hoymercedes.com.ar\/principal\/wp-content\/uploads\/2021\/10\/DSC07069.jpg?resize=350%2C200&ssl=1 1x, https:\/\/i0.wp.com\/www.hoymercedes.com.ar\/principal\/wp-content\/uploads\/2021\/10\/DSC07069.jpg?resize=525%2C300&ssl=1 1.5x, https:\/\/i0.wp.com\/www.hoymercedes.com.ar\/principal\/wp-content\/uploads\/2021\/10\/DSC07069.jpg?resize=700%2C400&ssl=1 2x"},"classes":[]},{"id":135274,"url":"https:\/\/www.hoymercedes.com.ar\/principal\/2021\/08\/14\/el-yacare-peleara-el-sabado-21-en-el-martin-rodriguez\/","url_meta":{"origin":80146,"position":3},"title":"El Yacar\u00e9 pelear\u00e1 el s\u00e1bado 21 en el Mart\u00edn Rodr\u00edguez","author":"hoymercedes","date":"14 agosto, 2021","format":false,"excerpt":"En un combate pactado a 6 round enfrentar\u00e1 al chaque\u00f1o Enzo Orellana. Ser\u00e1 una tarde noche con peleas amateurs y otras dos profesionales. El mercedino Walter Gabriel Sequeira, ex Campe\u00f3n Argentino FAB, Latino CMB y OMB Mediopesado, que supo ser retador a cetros internacionales en Alemania, Francia e Inglaterra, tendr\u00e1\u2026","rel":"","context":"En \u00abDeportes\u00bb","block_context":{"text":"Deportes","link":"https:\/\/www.hoymercedes.com.ar\/principal\/category\/deportes\/"},"img":{"alt_text":"","src":"https:\/\/i0.wp.com\/www.hoymercedes.com.ar\/principal\/wp-content\/uploads\/2021\/08\/dyaca-768x768-1.jpg?resize=350%2C200&ssl=1","width":350,"height":200,"srcset":"https:\/\/i0.wp.com\/www.hoymercedes.com.ar\/principal\/wp-content\/uploads\/2021\/08\/dyaca-768x768-1.jpg?resize=350%2C200&ssl=1 1x, https:\/\/i0.wp.com\/www.hoymercedes.com.ar\/principal\/wp-content\/uploads\/2021\/08\/dyaca-768x768-1.jpg?resize=525%2C300&ssl=1 1.5x, https:\/\/i0.wp.com\/www.hoymercedes.com.ar\/principal\/wp-content\/uploads\/2021\/08\/dyaca-768x768-1.jpg?resize=700%2C400&ssl=1 2x"},"classes":[]},{"id":182708,"url":"https:\/\/www.hoymercedes.com.ar\/principal\/2025\/02\/21\/walter-yacare-sequeira-se-prepara-para-un-regreso-al-ring\/","url_meta":{"origin":80146,"position":4},"title":"Walter \u201cYacar\u00e9\u201d Sequeira se prepara para un regreso al ring","author":"hoymercedes","date":"21 febrero, 2025","format":false,"excerpt":"Este s\u00e1bado 22 de febrero, el boxeador Walter Gabriel Sequeira, conocido como el \"Yacar\u00e9\", se subir\u00e1 al ring en lo que podr\u00eda ser su \u00faltima pelea profesional. El combate se llevar\u00e1 a cabo en el estadio de la Federaci\u00f3n Argentina de Box (FAB). La velada, titulada \"La Leyenda Contin\u00faa\", est\u00e1\u2026","rel":"","context":"En \u00abDeportes\u00bb","block_context":{"text":"Deportes","link":"https:\/\/www.hoymercedes.com.ar\/principal\/category\/deportes\/"},"img":{"alt_text":"Yacar\u00e9 Sequeira","src":"https:\/\/i0.wp.com\/www.hoymercedes.com.ar\/principal\/wp-content\/uploads\/2021\/10\/DSC_0079-scaled.jpg?resize=350%2C200&ssl=1","width":350,"height":200,"srcset":"https:\/\/i0.wp.com\/www.hoymercedes.com.ar\/principal\/wp-content\/uploads\/2021\/10\/DSC_0079-scaled.jpg?resize=350%2C200&ssl=1 1x, https:\/\/i0.wp.com\/www.hoymercedes.com.ar\/principal\/wp-content\/uploads\/2021\/10\/DSC_0079-scaled.jpg?resize=525%2C300&ssl=1 1.5x, https:\/\/i0.wp.com\/www.hoymercedes.com.ar\/principal\/wp-content\/uploads\/2021\/10\/DSC_0079-scaled.jpg?resize=700%2C400&ssl=1 2x, https:\/\/i0.wp.com\/www.hoymercedes.com.ar\/principal\/wp-content\/uploads\/2021\/10\/DSC_0079-scaled.jpg?resize=1050%2C600&ssl=1 3x, https:\/\/i0.wp.com\/www.hoymercedes.com.ar\/principal\/wp-content\/uploads\/2021\/10\/DSC_0079-scaled.jpg?resize=1400%2C800&ssl=1 4x"},"classes":[]},{"id":82760,"url":"https:\/\/www.hoymercedes.com.ar\/principal\/2018\/10\/20\/la-pelea-de-sequeira-no-se-podra-ver-por-tv\/","url_meta":{"origin":80146,"position":5},"title":"La pelea de Sequeira no se podr\u00e1 ver por TV","author":"hoymercedes","date":"20 octubre, 2018","format":false,"excerpt":"Este s\u00e1bado ser\u00e1 el gran d\u00eda para Walter Sequeira, quien pelear\u00e1 por el t\u00edtulo OMB frente a Anthony Yarde, quien defiende en su ciudad, Breentwood, Inglaterra, su r\u00e9cord de 16 peleas ganadas, 0 empates y 0 derrotas y su cintur\u00f3n, el cual el \"Yacar\u00e9\" le quiere arrebatar. Este jueves ambos\u2026","rel":"","context":"En \u00abDeportes\u00bb","block_context":{"text":"Deportes","link":"https:\/\/www.hoymercedes.com.ar\/principal\/category\/deportes\/"},"img":{"alt_text":"","src":"https:\/\/i0.wp.com\/www.hoymercedes.com.ar\/principal\/wp-content\/uploads\/2018\/10\/WhatsApp-Image-2018-10-18-at-16.50.26.jpeg?resize=350%2C200&ssl=1","width":350,"height":200,"srcset":"https:\/\/i0.wp.com\/www.hoymercedes.com.ar\/principal\/wp-content\/uploads\/2018\/10\/WhatsApp-Image-2018-10-18-at-16.50.26.jpeg?resize=350%2C200&ssl=1 1x, https:\/\/i0.wp.com\/www.hoymercedes.com.ar\/principal\/wp-content\/uploads\/2018\/10\/WhatsApp-Image-2018-10-18-at-16.50.26.jpeg?resize=525%2C300&ssl=1 1.5x, https:\/\/i0.wp.com\/www.hoymercedes.com.ar\/principal\/wp-content\/uploads\/2018\/10\/WhatsApp-Image-2018-10-18-at-16.50.26.jpeg?resize=700%2C400&ssl=1 2x"},"classes":[]}],"_links":{"self":[{"href":"https:\/\/www.hoymercedes.com.ar\/principal\/wp-json\/wp\/v2\/posts\/80146","targetHints":{"allow":["GET"]}}],"collection":[{"href":"https:\/\/www.hoymercedes.com.ar\/principal\/wp-json\/wp\/v2\/posts"}],"about":[{"href":"https:\/\/www.hoymercedes.com.ar\/principal\/wp-json\/wp\/v2\/types\/post"}],"author":[{"embeddable":true,"href":"https:\/\/www.hoymercedes.com.ar\/principal\/wp-json\/wp\/v2\/users\/1"}],"replies":[{"embeddable":true,"href":"https:\/\/www.hoymercedes.com.ar\/principal\/wp-json\/wp\/v2\/comments?post=80146"}],"version-history":[{"count":0,"href":"https:\/\/www.hoymercedes.com.ar\/principal\/wp-json\/wp\/v2\/posts\/80146\/revisions"}],"wp:featuredmedia":[{"embeddable":true,"href":"https:\/\/www.hoymercedes.com.ar\/principal\/wp-json\/wp\/v2\/media\/80147"}],"wp:attachment":[{"href":"https:\/\/www.hoymercedes.com.ar\/principal\/wp-json\/wp\/v2\/media?parent=80146"}],"wp:term":[{"taxonomy":"category","embeddable":true,"href":"https:\/\/www.hoymercedes.com.ar\/principal\/wp-json\/wp\/v2\/categories?post=80146"},{"taxonomy":"post_tag","embeddable":true,"href":"https:\/\/www.hoymercedes.com.ar\/principal\/wp-json\/wp\/v2\/tags?post=80146"}],"curies":[{"name":"wp","href":"https:\/\/api.w.org\/{rel}","templated":true}]}}