{"id":80162,"date":"2018-08-22T10:40:53","date_gmt":"2018-08-22T13:40:53","guid":{"rendered":"http:\/\/www.hoymercedes.com.ar\/principal\/?p=80162"},"modified":"2018-08-21T22:24:48","modified_gmt":"2018-08-22T01:24:48","slug":"la-juventud-radical-celebro-el-dia-del-nino-en-agote","status":"publish","type":"post","link":"https:\/\/www.hoymercedes.com.ar\/principal\/2018\/08\/22\/la-juventud-radical-celebro-el-dia-del-nino-en-agote\/","title":{"rendered":"La Juventud Radical celebr\u00f3 el d\u00eda del ni\u00f1o en Agote"},"content":{"rendered":"<p>Los j\u00f3venes militantes de la Uni\u00f3n C\u00edvica Radical celebr\u00f3 el D\u00eda del Ni\u00f1o en el predio del arraigo de Agote el pasado fin de semana. Con materiales reciclables armaron una kermese para que los ni\u00f1os de la zona rural jueguen entre ellos.<\/p>\n<p><img loading=\"lazy\" decoding=\"async\" data-attachment-id=\"80163\" data-permalink=\"https:\/\/www.hoymercedes.com.ar\/principal\/2018\/08\/22\/la-juventud-radical-celebro-el-dia-del-nino-en-agote\/22-jr-ninos-1\/#main\" data-orig-file=\"https:\/\/www.hoymercedes.com.ar\/principal\/wp-content\/uploads\/2018\/08\/22-JR-ni\u00f1os-1.jpeg\" data-orig-size=\"750,500\" data-comments-opened=\"0\" data-image-meta=\"{&quot;aperture&quot;:&quot;0&quot;,&quot;credit&quot;:&quot;&quot;,&quot;camera&quot;:&quot;&quot;,&quot;caption&quot;:&quot;&quot;,&quot;created_timestamp&quot;:&quot;0&quot;,&quot;copyright&quot;:&quot;&quot;,&quot;focal_length&quot;:&quot;0&quot;,&quot;iso&quot;:&quot;0&quot;,&quot;shutter_speed&quot;:&quot;0&quot;,&quot;title&quot;:&quot;&quot;,&quot;orientation&quot;:&quot;0&quot;}\" data-image-title=\"22 JR ni\u00f1os 1\" data-image-description=\"\" data-image-caption=\"\" data-large-file=\"https:\/\/www.hoymercedes.com.ar\/principal\/wp-content\/uploads\/2018\/08\/22-JR-ni\u00f1os-1.jpeg\" class=\"aligncenter size-medium wp-image-80163\" src=\"https:\/\/www.hoymercedes.com.ar\/principal\/wp-content\/uploads\/2018\/08\/22-JR-ni\u00f1os-1-630x420.jpeg\" alt=\"\" width=\"630\" height=\"420\" srcset=\"https:\/\/www.hoymercedes.com.ar\/principal\/wp-content\/uploads\/2018\/08\/22-JR-ni\u00f1os-1-630x420.jpeg 630w, https:\/\/www.hoymercedes.com.ar\/principal\/wp-content\/uploads\/2018\/08\/22-JR-ni\u00f1os-1-150x100.jpeg 150w, https:\/\/www.hoymercedes.com.ar\/principal\/wp-content\/uploads\/2018\/08\/22-JR-ni\u00f1os-1.jpeg 750w\" sizes=\"auto, (max-width: 630px) 100vw, 630px\" \/><\/p>\n<p>\u00abAgradecemos a todos ellos por acercarse a pasar la tarde junto a nosotros, y especialmente a los merenderos de Gowland y Agote, como as\u00ed tambi\u00e9n, a la Comisi\u00f3n de vecinos que se sumaron a nuestra iniciativa\u00bb, resaltaron los j\u00f3venes de la Juventud Radical de Mercedes.<\/p>\n<p><img loading=\"lazy\" decoding=\"async\" data-attachment-id=\"80164\" data-permalink=\"https:\/\/www.hoymercedes.com.ar\/principal\/2018\/08\/22\/la-juventud-radical-celebro-el-dia-del-nino-en-agote\/22-jr-ninos-2\/#main\" data-orig-file=\"https:\/\/www.hoymercedes.com.ar\/principal\/wp-content\/uploads\/2018\/08\/22-JR-ni\u00f1os-2.jpeg\" data-orig-size=\"750,500\" data-comments-opened=\"0\" data-image-meta=\"{&quot;aperture&quot;:&quot;0&quot;,&quot;credit&quot;:&quot;&quot;,&quot;camera&quot;:&quot;&quot;,&quot;caption&quot;:&quot;&quot;,&quot;created_timestamp&quot;:&quot;0&quot;,&quot;copyright&quot;:&quot;&quot;,&quot;focal_length&quot;:&quot;0&quot;,&quot;iso&quot;:&quot;0&quot;,&quot;shutter_speed&quot;:&quot;0&quot;,&quot;title&quot;:&quot;&quot;,&quot;orientation&quot;:&quot;0&quot;}\" data-image-title=\"22 JR ni\u00f1os 2\" data-image-description=\"\" data-image-caption=\"\" data-large-file=\"https:\/\/www.hoymercedes.com.ar\/principal\/wp-content\/uploads\/2018\/08\/22-JR-ni\u00f1os-2.jpeg\" class=\"aligncenter size-medium wp-image-80164\" src=\"https:\/\/www.hoymercedes.com.ar\/principal\/wp-content\/uploads\/2018\/08\/22-JR-ni\u00f1os-2-630x420.jpeg\" alt=\"\" width=\"630\" height=\"420\" srcset=\"https:\/\/www.hoymercedes.com.ar\/principal\/wp-content\/uploads\/2018\/08\/22-JR-ni\u00f1os-2-630x420.jpeg 630w, https:\/\/www.hoymercedes.com.ar\/principal\/wp-content\/uploads\/2018\/08\/22-JR-ni\u00f1os-2-150x100.jpeg 150w, https:\/\/www.hoymercedes.com.ar\/principal\/wp-content\/uploads\/2018\/08\/22-JR-ni\u00f1os-2.jpeg 750w\" sizes=\"auto, (max-width: 630px) 100vw, 630px\" \/><\/p>\n","protected":false},"excerpt":{"rendered":"<p>Los j\u00f3venes militantes de la Uni\u00f3n C\u00edvica Radical celebr\u00f3 el D\u00eda del Ni\u00f1o en el predio del arraigo de Agote &#8230; <a title=\"La Juventud Radical celebr\u00f3 el d\u00eda del ni\u00f1o en Agote\" class=\"read-more\" href=\"https:\/\/www.hoymercedes.com.ar\/principal\/2018\/08\/22\/la-juventud-radical-celebro-el-dia-del-nino-en-agote\/\" aria-label=\"Leer m\u00e1s sobre La Juventud Radical celebr\u00f3 el d\u00eda del ni\u00f1o en Agote\">Leer m\u00e1s<\/a><\/p>\n","protected":false},"author":1,"featured_media":80163,"comment_status":"closed","ping_status":"open","sticky":false,"template":"","format":"standard","meta":{"_monsterinsights_skip_tracking":false,"_monsterinsights_sitenote_active":false,"_monsterinsights_sitenote_note":"","_monsterinsights_sitenote_category":0,"jetpack_post_was_ever_published":false,"_jetpack_newsletter_access":"","_jetpack_dont_email_post_to_subs":false,"_jetpack_newsletter_tier_id":0,"_jetpack_memberships_contains_paywalled_content":false,"_jetpack_memberships_contains_paid_content":false,"footnotes":"","jetpack_publicize_message":"","jetpack_publicize_feature_enabled":true,"jetpack_social_post_already_shared":true,"jetpack_social_options":{"image_generator_settings":{"template":"highway","default_image_id":0,"font":"","enabled":false},"version":2},"_wpas_customize_per_network":false},"categories":[5],"tags":[1174,5782,10,5319,408],"class_list":["post-80162","post","type-post","status-publish","format-standard","has-post-thumbnail","hentry","category-politica","tag-dia-del-nino","tag-juventud-radical","tag-mercedes","tag-politica-2","tag-ucr","generate-columns","tablet-grid-50","mobile-grid-100","grid-parent","grid-50"],"jetpack_publicize_connections":[],"jetpack_featured_media_url":"https:\/\/www.hoymercedes.com.ar\/principal\/wp-content\/uploads\/2018\/08\/22-JR-ni\u00f1os-1.jpeg","wps_subtitle":"","jetpack_sharing_enabled":true,"_links":{"self":[{"href":"https:\/\/www.hoymercedes.com.ar\/principal\/wp-json\/wp\/v2\/posts\/80162","targetHints":{"allow":["GET"]}}],"collection":[{"href":"https:\/\/www.hoymercedes.com.ar\/principal\/wp-json\/wp\/v2\/posts"}],"about":[{"href":"https:\/\/www.hoymercedes.com.ar\/principal\/wp-json\/wp\/v2\/types\/post"}],"author":[{"embeddable":true,"href":"https:\/\/www.hoymercedes.com.ar\/principal\/wp-json\/wp\/v2\/users\/1"}],"replies":[{"embeddable":true,"href":"https:\/\/www.hoymercedes.com.ar\/principal\/wp-json\/wp\/v2\/comments?post=80162"}],"version-history":[{"count":0,"href":"https:\/\/www.hoymercedes.com.ar\/principal\/wp-json\/wp\/v2\/posts\/80162\/revisions"}],"wp:featuredmedia":[{"embeddable":true,"href":"https:\/\/www.hoymercedes.com.ar\/principal\/wp-json\/wp\/v2\/media\/80163"}],"wp:attachment":[{"href":"https:\/\/www.hoymercedes.com.ar\/principal\/wp-json\/wp\/v2\/media?parent=80162"}],"wp:term":[{"taxonomy":"category","embeddable":true,"href":"https:\/\/www.hoymercedes.com.ar\/principal\/wp-json\/wp\/v2\/categories?post=80162"},{"taxonomy":"post_tag","embeddable":true,"href":"https:\/\/www.hoymercedes.com.ar\/principal\/wp-json\/wp\/v2\/tags?post=80162"}],"curies":[{"name":"wp","href":"https:\/\/api.w.org\/{rel}","templated":true}]}}