{"id":80181,"date":"2018-08-23T10:45:21","date_gmt":"2018-08-23T13:45:21","guid":{"rendered":"http:\/\/www.hoymercedes.com.ar\/principal\/?p=80181"},"modified":"2018-08-23T09:22:30","modified_gmt":"2018-08-23T12:22:30","slug":"se-realizo-otra-importante-recoleccion-de-residuos-tecnologicos","status":"publish","type":"post","link":"https:\/\/www.hoymercedes.com.ar\/principal\/2018\/08\/23\/se-realizo-otra-importante-recoleccion-de-residuos-tecnologicos\/","title":{"rendered":"Se realiz\u00f3 otra importante recolecci\u00f3n de residuos tecnol\u00f3gicos"},"content":{"rendered":"<figure id=\"attachment_80182\" aria-describedby=\"caption-attachment-80182\" style=\"width: 620px\" class=\"wp-caption aligncenter\"><img loading=\"lazy\" decoding=\"async\" data-attachment-id=\"80182\" data-permalink=\"https:\/\/www.hoymercedes.com.ar\/principal\/2018\/08\/23\/se-realizo-otra-importante-recoleccion-de-residuos-tecnologicos\/ra2\/#main\" data-orig-file=\"https:\/\/www.hoymercedes.com.ar\/principal\/wp-content\/uploads\/2018\/08\/ra2.jpeg\" data-orig-size=\"1280,720\" data-comments-opened=\"0\" data-image-meta=\"{&quot;aperture&quot;:&quot;0&quot;,&quot;credit&quot;:&quot;&quot;,&quot;camera&quot;:&quot;&quot;,&quot;caption&quot;:&quot;&quot;,&quot;created_timestamp&quot;:&quot;0&quot;,&quot;copyright&quot;:&quot;&quot;,&quot;focal_length&quot;:&quot;0&quot;,&quot;iso&quot;:&quot;0&quot;,&quot;shutter_speed&quot;:&quot;0&quot;,&quot;title&quot;:&quot;&quot;,&quot;orientation&quot;:&quot;0&quot;}\" data-image-title=\"ra2\" data-image-description=\"\" data-image-caption=\"&lt;p&gt;Reciclaje y cuidado del ambiente&lt;\/p&gt;\n\" data-large-file=\"https:\/\/www.hoymercedes.com.ar\/principal\/wp-content\/uploads\/2018\/08\/ra2-1024x576.jpeg\" class=\"size-medium wp-image-80182\" src=\"https:\/\/www.hoymercedes.com.ar\/principal\/wp-content\/uploads\/2018\/08\/ra2-630x354.jpeg\" alt=\"\" width=\"630\" height=\"354\" srcset=\"https:\/\/www.hoymercedes.com.ar\/principal\/wp-content\/uploads\/2018\/08\/ra2-630x354.jpeg 630w, https:\/\/www.hoymercedes.com.ar\/principal\/wp-content\/uploads\/2018\/08\/ra2-150x84.jpeg 150w, https:\/\/www.hoymercedes.com.ar\/principal\/wp-content\/uploads\/2018\/08\/ra2-1024x576.jpeg 1024w, https:\/\/www.hoymercedes.com.ar\/principal\/wp-content\/uploads\/2018\/08\/ra2.jpeg 1280w\" sizes=\"auto, (max-width: 630px) 100vw, 630px\" \/><figcaption id=\"caption-attachment-80182\" class=\"wp-caption-text\">Reciclaje y cuidado del ambiente<\/figcaption><\/figure>\n<p><strong>\u00a0<\/strong><\/p>\n<p>La Municipalidad de Mercedes a trav\u00e9s del Departamento de Medio Ambiente contin\u00faa llevando adelante el programa de recolecci\u00f3n de materiales tecnol\u00f3gicos en desuso, los cuales son integrados, posteriormente, a la cadena de reciclaje. Esta es una de las diversas acciones impulsadas desde la comuna para el cuidado del medio ambiente. \u201cEsta es una acci\u00f3n concreta, que nos permite tener una pol\u00edtica m\u00e1s seria, profesional y con m\u00e1s acciones en torno a lo que es tener una ciudad m\u00e1s sustentable\u201d puntualiz\u00f3, el primer mandatario, el Dr. Juan Ignacio Ustarroz.<\/p>\n<p>De esta manera, se contin\u00faa trabajando en la Recolecci\u00f3n de Residuos de Aparatos El\u00e9ctricos y Electr\u00f3nicos (RAEE). Juan Cruz Mendia, del Departamento de Medio ambiente expres\u00f3 \u201ceste programa est\u00e1 funcionando muy bien, desde abril a esta parte hemos recolectado m\u00e1s de mil quinientos kilos -los cuales ya han sido retirados- y ahora estamos con otra tanda\u201d y destac\u00f3 \u201cla gente participa mucho\u201d.<\/p>\n<p>Adem\u00e1s, Mendia, destac\u00f3 \u201cexiste mucha demanda, tenemos alrededor de treinta pedidos\u201d e inform\u00f3 \u201crealizar su gesti\u00f3n es muy sencilla, nos llaman al 430355 o a la l\u00ednea 147, nos informan qu\u00e9 tipo de aparato electr\u00f3nico tienen y nosotros lo pasamos a buscar\u201d. Vale aclarar que los d\u00edas que se realizan estas recolecciones son los martes y jueves.<\/p>\n<p>Esta iniciativa es promovida por el jefe comunal Dr. Juan Ignacio Ustarroz qui\u00e9n firm\u00f3 un convenio con una cooperativa \u201cReciclando trabajo y dignidad\u201d la cual recibe los desechos tecnol\u00f3gicos de los mercedinos para luego ser reciclados. Promoviendo de manera clara y concreta el cuidado de los diferentes espacios de la ciudad.<\/p>\n<p>Y se recuerda, quienes quieran deshacerse heladeras, lavarropas, microondas, TV, CPU, monitores, o cualquier tipo de aparato electr\u00f3nico que no funcionen, deben comunicarse al 430355 o por mail a: <a href=\"mailto:ambiente@mercedes.gob.ar\">ambiente@mercedes.gob.ar<\/a><\/p>\n<p>&nbsp;<\/p>\n<p>Info: Dpto Medio Ambiente<\/p>\n<p>&nbsp;<\/p>\n","protected":false},"excerpt":{"rendered":"<p>\u00a0 La Municipalidad de Mercedes a trav\u00e9s del Departamento de Medio Ambiente contin\u00faa llevando adelante el programa de recolecci\u00f3n de &#8230; <a title=\"Se realiz\u00f3 otra importante recolecci\u00f3n de residuos tecnol\u00f3gicos\" class=\"read-more\" href=\"https:\/\/www.hoymercedes.com.ar\/principal\/2018\/08\/23\/se-realizo-otra-importante-recoleccion-de-residuos-tecnologicos\/\" aria-label=\"Leer m\u00e1s sobre Se realiz\u00f3 otra importante recolecci\u00f3n de residuos tecnol\u00f3gicos\">Leer m\u00e1s<\/a><\/p>\n","protected":false},"author":1,"featured_media":80182,"comment_status":"closed","ping_status":"open","sticky":false,"template":"","format":"standard","meta":{"_monsterinsights_skip_tracking":false,"_monsterinsights_sitenote_active":false,"_monsterinsights_sitenote_note":"","_monsterinsights_sitenote_category":0,"jetpack_post_was_ever_published":false,"_jetpack_newsletter_access":"","_jetpack_dont_email_post_to_subs":false,"_jetpack_newsletter_tier_id":0,"_jetpack_memberships_contains_paywalled_content":false,"_jetpack_memberships_contains_paid_content":false,"footnotes":"","jetpack_publicize_message":"","jetpack_publicize_feature_enabled":true,"jetpack_social_post_already_shared":true,"jetpack_social_options":{"image_generator_settings":{"template":"highway","default_image_id":0,"font":"","enabled":false},"version":2},"_wpas_customize_per_network":false},"categories":[30],"tags":[43,13638],"class_list":["post-80181","post","type-post","status-publish","format-standard","has-post-thumbnail","hentry","category-municipio","tag-medio-ambiente","tag-reciclaje-mercedes","generate-columns","tablet-grid-50","mobile-grid-100","grid-parent","grid-50"],"jetpack_publicize_connections":[],"jetpack_featured_media_url":"https:\/\/www.hoymercedes.com.ar\/principal\/wp-content\/uploads\/2018\/08\/ra2.jpeg","wps_subtitle":"Cuidado del ambiente","jetpack_sharing_enabled":true,"_links":{"self":[{"href":"https:\/\/www.hoymercedes.com.ar\/principal\/wp-json\/wp\/v2\/posts\/80181","targetHints":{"allow":["GET"]}}],"collection":[{"href":"https:\/\/www.hoymercedes.com.ar\/principal\/wp-json\/wp\/v2\/posts"}],"about":[{"href":"https:\/\/www.hoymercedes.com.ar\/principal\/wp-json\/wp\/v2\/types\/post"}],"author":[{"embeddable":true,"href":"https:\/\/www.hoymercedes.com.ar\/principal\/wp-json\/wp\/v2\/users\/1"}],"replies":[{"embeddable":true,"href":"https:\/\/www.hoymercedes.com.ar\/principal\/wp-json\/wp\/v2\/comments?post=80181"}],"version-history":[{"count":0,"href":"https:\/\/www.hoymercedes.com.ar\/principal\/wp-json\/wp\/v2\/posts\/80181\/revisions"}],"wp:featuredmedia":[{"embeddable":true,"href":"https:\/\/www.hoymercedes.com.ar\/principal\/wp-json\/wp\/v2\/media\/80182"}],"wp:attachment":[{"href":"https:\/\/www.hoymercedes.com.ar\/principal\/wp-json\/wp\/v2\/media?parent=80181"}],"wp:term":[{"taxonomy":"category","embeddable":true,"href":"https:\/\/www.hoymercedes.com.ar\/principal\/wp-json\/wp\/v2\/categories?post=80181"},{"taxonomy":"post_tag","embeddable":true,"href":"https:\/\/www.hoymercedes.com.ar\/principal\/wp-json\/wp\/v2\/tags?post=80181"}],"curies":[{"name":"wp","href":"https:\/\/api.w.org\/{rel}","templated":true}]}}