{"id":80184,"date":"2018-08-13T13:54:09","date_gmt":"2018-08-13T16:54:09","guid":{"rendered":"http:\/\/www.hoymercedes.com.ar\/principal\/?p=80184"},"modified":"2018-08-22T21:59:36","modified_gmt":"2018-08-23T00:59:36","slug":"tras-encuentro-con-su-comunidad-educativa-municipio-brinda-apoyo-a-escuela-n13","status":"publish","type":"post","link":"https:\/\/www.hoymercedes.com.ar\/principal\/2018\/08\/13\/tras-encuentro-con-su-comunidad-educativa-municipio-brinda-apoyo-a-escuela-n13\/","title":{"rendered":"Tras encuentro con su comunidad educativa Municipio brinda apoyo a Escuela N\u00b013"},"content":{"rendered":"<figure id=\"attachment_80185\" aria-describedby=\"caption-attachment-80185\" style=\"width: 620px\" class=\"wp-caption aligncenter\"><img loading=\"lazy\" decoding=\"async\" data-attachment-id=\"80185\" data-permalink=\"https:\/\/www.hoymercedes.com.ar\/principal\/2018\/08\/13\/tras-encuentro-con-su-comunidad-educativa-municipio-brinda-apoyo-a-escuela-n13\/dsc_0002-2\/#main\" data-orig-file=\"https:\/\/www.hoymercedes.com.ar\/principal\/wp-content\/uploads\/2018\/08\/DSC_0002.jpg\" data-orig-size=\"730,487\" data-comments-opened=\"0\" data-image-meta=\"{&quot;aperture&quot;:&quot;3.5&quot;,&quot;credit&quot;:&quot;&quot;,&quot;camera&quot;:&quot;NIKON D5500&quot;,&quot;caption&quot;:&quot;&quot;,&quot;created_timestamp&quot;:&quot;1534850464&quot;,&quot;copyright&quot;:&quot;&quot;,&quot;focal_length&quot;:&quot;18&quot;,&quot;iso&quot;:&quot;3200&quot;,&quot;shutter_speed&quot;:&quot;0.016666666666667&quot;,&quot;title&quot;:&quot;&quot;,&quot;orientation&quot;:&quot;0&quot;}\" data-image-title=\"ustarroz &amp;#8211; escuela 13\" data-image-description=\"\" data-image-caption=\"&lt;p&gt;Reuni\u00f3n del intendente con comunidad educativa escuela n\u00b013 que actualmente no tiene edificio para dar clases. &lt;\/p&gt;\n\" data-large-file=\"https:\/\/www.hoymercedes.com.ar\/principal\/wp-content\/uploads\/2018\/08\/DSC_0002.jpg\" class=\"size-medium wp-image-80185\" src=\"https:\/\/www.hoymercedes.com.ar\/principal\/wp-content\/uploads\/2018\/08\/DSC_0002-630x420.jpg\" alt=\"\" width=\"630\" height=\"420\" srcset=\"https:\/\/www.hoymercedes.com.ar\/principal\/wp-content\/uploads\/2018\/08\/DSC_0002-630x420.jpg 630w, https:\/\/www.hoymercedes.com.ar\/principal\/wp-content\/uploads\/2018\/08\/DSC_0002-150x100.jpg 150w, https:\/\/www.hoymercedes.com.ar\/principal\/wp-content\/uploads\/2018\/08\/DSC_0002.jpg 730w\" sizes=\"auto, (max-width: 630px) 100vw, 630px\" \/><figcaption id=\"caption-attachment-80185\" class=\"wp-caption-text\">Reuni\u00f3n del intendente con comunidad educativa escuela n\u00b013 que actualmente no tiene edificio para dar clases.<\/figcaption><\/figure>\n<p>El intendente Dr. Juan Ignacio Ustarroz se reuni\u00f3n con los directivos y representantes de los ni\u00f1os de la Escuela N\u00b013 con el objetivo de solicitar apoyo para que los educandos puedan asistir a clases con normalidad, dado el problema grave edilicio que tienen y que deben cursar en las dependencias de la Escuela N\u00b011. En M\u00f3nica Stella, directora, Jos\u00e9 Lu\u00eds Pisano, consejero escolar, docentes y padres fueron parte del encuentro. La Comuna se hace cargo del transporte.<\/p>\n<p>Tras la falta de respuesta del \u00f3rgano correspondiente, el Consejo Escolar, la comunidad de la Escuela N\u00b0 13 recurri\u00f3 al Municipio, quien a sabiendas de la situaci\u00f3n inici\u00f3 todo lo necesario para poder realizar el esfuerzo necesario y dar una respuesta favorable.<\/p>\n<p>\u201cSiempre lo hemos dicho, para nosotros la educaci\u00f3n es una prioridad\u201d coment\u00f3 el intendente municipal destacando que \u201cpor eso invertimos y actuamos en consecuencia. La educaci\u00f3n no se trata de declamaciones bonitas, sino, de dar respuesta en la realidad concreta\u201d, destac\u00f3 Ustarroz.<\/p>\n<p>Por su parte, el consejero Pisano, coment\u00f3 que \u201cel transporte tiene hoy una necesidad m\u00e1s importante incluso que antes, porque est\u00e1n m\u00e1s lejos de sus barrios de residencia\u201d, sostuvo y coment\u00f3 que \u201cantes iban a la 6 y 35 y ahora tienen que ir a la 54 y Rep. De Chile\u201d, marcando la diferencia y la distancia.<\/p>\n<p>\u201cEspecialmente apara el turno ma\u00f1ana, que son los que sufren el fr\u00edo y la oscuridad\u201d, ped\u00edan los presentes por parte de la escuela.<\/p>\n<p>El consejo escolar no pudieron dar respuesta ni fecha firme al otorgamiento del transporte<\/p>\n<p>Por las primeras jornadas se inicia con los mini buses municipales que tiempo atr\u00e1s la Comuna adquiri\u00f3, con tres viajes y dos paradas, yendo por calle 119 y 2 parando en 2 y 1, 2 y 17 \u00a0y 2 y 29 donde luego se hace desde 10 y 61 bis con paradas en 47 y 16, 47 y 24 y ah\u00ed hacia la escuela, comentaron, siendo casi 70 ni\u00f1os con necesidad de ser transportados esperando luego realizar una contrataci\u00f3n ya de un servicio mayor para cubrir los dos turnos y que \u201cla Provincia que es la responsable apruebe la licitaci\u00f3n para que micros puedan dar ese recorrido y respuesta\u201d, coment\u00f3 Pisano.<\/p>\n<p>Las familias agradecieron a Pisano y a Ustarroz por la \u201cr\u00e1pida respuesta, hoy necesitamos nuestros chicos vayan seguros a la escuela, no podemos dejar que pierdan un d\u00eda m\u00e1s de clase\u201d, sostuvieron.<\/p>\n<p>Pisano mencion\u00f3 que \u201cla acci\u00f3n de los mini buses ser\u00e1 algo al menos 15 d\u00edas, mientras se analiza desde la Comuna poder contratar al menos un mes algo de mayor porte\u201d, sostuvo.<\/p>\n<p>Por su parte, al ser consultado, Ustarroz destac\u00f3 que \u201cnos han planteado un problema concreto y hemos podido dar una respuesta. Todas las semanas atendemos o visitamos las escuelas de Mercedes\u201d y \u201csabemos de sus necesidades, de lo que podemos aportar y lo que no, pero siempre tenemos en claro que los ni\u00f1os y la educaci\u00f3n son y seguir\u00e1n siendo una prioridad para esta gesti\u00f3n\u201d<\/p>\n<p>&nbsp;<\/p>\n<p><span style=\"color: #808080;\">Info: Municipio<\/span><\/p>\n","protected":false},"excerpt":{"rendered":"<p>El intendente Dr. Juan Ignacio Ustarroz se reuni\u00f3n con los directivos y representantes de los ni\u00f1os de la Escuela N\u00b013 &#8230; <a title=\"Tras encuentro con su comunidad educativa Municipio brinda apoyo a Escuela N\u00b013\" class=\"read-more\" href=\"https:\/\/www.hoymercedes.com.ar\/principal\/2018\/08\/13\/tras-encuentro-con-su-comunidad-educativa-municipio-brinda-apoyo-a-escuela-n13\/\" aria-label=\"Leer m\u00e1s sobre Tras encuentro con su comunidad educativa Municipio brinda apoyo a Escuela N\u00b013\">Leer m\u00e1s<\/a><\/p>\n","protected":false},"author":1,"featured_media":80185,"comment_status":"closed","ping_status":"open","sticky":false,"template":"","format":"standard","meta":{"_monsterinsights_skip_tracking":false,"_monsterinsights_sitenote_active":false,"_monsterinsights_sitenote_note":"","_monsterinsights_sitenote_category":0,"jetpack_post_was_ever_published":false,"_jetpack_newsletter_access":"","_jetpack_dont_email_post_to_subs":false,"_jetpack_newsletter_tier_id":0,"_jetpack_memberships_contains_paywalled_content":false,"_jetpack_memberships_contains_paid_content":false,"footnotes":"","jetpack_publicize_message":"","jetpack_publicize_feature_enabled":true,"jetpack_social_post_already_shared":true,"jetpack_social_options":{"image_generator_settings":{"template":"highway","default_image_id":0,"font":"","enabled":false},"version":2},"_wpas_customize_per_network":false},"categories":[30],"tags":[13639,47,6165,424],"class_list":["post-80184","post","type-post","status-publish","format-standard","has-post-thumbnail","hentry","category-municipio","tag-crisis-edilicia","tag-educacion-2","tag-escuela-13-mercedes","tag-ustarroz","generate-columns","tablet-grid-50","mobile-grid-100","grid-parent","grid-50"],"jetpack_publicize_connections":[],"jetpack_featured_media_url":"https:\/\/www.hoymercedes.com.ar\/principal\/wp-content\/uploads\/2018\/08\/DSC_0002.jpg","wps_subtitle":"Crisis edilicia ","jetpack_sharing_enabled":true,"jetpack-related-posts":[{"id":161138,"url":"https:\/\/www.hoymercedes.com.ar\/principal\/2023\/04\/19\/obras-educativas-avanzan-construcciones-en-escuela-no11\/","url_meta":{"origin":80184,"position":0},"title":"Obras educativas: avanzan construcciones en Escuela N\u00ba11","author":"hoymercedes","date":"19 abril, 2023","format":false,"excerpt":"El Gobierno de la provincia de Buenos Aires en un trabajo conjunto con el Municipio de Mercedes, el Consejo Escolar y la comunidad educativa, viene realizando obras en la Escuela N\u00b0 11 que permitir\u00e1n que este establecimiento pueda contar con doble escolaridad. El intendente Juan Ignacio Ustarroz expres\u00f3 \u201cfelicitar a\u2026","rel":"","context":"En \u00abEducaci\u00f3n\u00bb","block_context":{"text":"Educaci\u00f3n","link":"https:\/\/www.hoymercedes.com.ar\/principal\/category\/educacion\/"},"img":{"alt_text":"","src":"https:\/\/i0.wp.com\/www.hoymercedes.com.ar\/principal\/wp-content\/uploads\/2023\/04\/20230419_101516-scaled.jpg?resize=350%2C200&ssl=1","width":350,"height":200,"srcset":"https:\/\/i0.wp.com\/www.hoymercedes.com.ar\/principal\/wp-content\/uploads\/2023\/04\/20230419_101516-scaled.jpg?resize=350%2C200&ssl=1 1x, https:\/\/i0.wp.com\/www.hoymercedes.com.ar\/principal\/wp-content\/uploads\/2023\/04\/20230419_101516-scaled.jpg?resize=525%2C300&ssl=1 1.5x, https:\/\/i0.wp.com\/www.hoymercedes.com.ar\/principal\/wp-content\/uploads\/2023\/04\/20230419_101516-scaled.jpg?resize=700%2C400&ssl=1 2x, https:\/\/i0.wp.com\/www.hoymercedes.com.ar\/principal\/wp-content\/uploads\/2023\/04\/20230419_101516-scaled.jpg?resize=1050%2C600&ssl=1 3x, https:\/\/i0.wp.com\/www.hoymercedes.com.ar\/principal\/wp-content\/uploads\/2023\/04\/20230419_101516-scaled.jpg?resize=1400%2C800&ssl=1 4x"},"classes":[]},{"id":143408,"url":"https:\/\/www.hoymercedes.com.ar\/principal\/2022\/02\/01\/visita-y-reunion-con-la-comunidad-educativa-de-la-escuela-de-la-verde\/","url_meta":{"origin":80184,"position":1},"title":"Visita y reuni\u00f3n con la comunidad educativa de la Escuela de La Verde","author":"hoymercedes","date":"1 febrero, 2022","format":false,"excerpt":"El intendente Juan I. Ustarroz particip\u00f3 de un nuevo encuentro de trabajo y gesti\u00f3n con la comunidad educativa de la Escuela Rural de La Verde. La escuela adem\u00e1s recibi\u00f3 material para realizar tareas deportivas y socio educativas. La instituci\u00f3n hab\u00eda sido cerrada y reabri\u00f3 sus puertas en 2020. \u201cEstamos muy\u2026","rel":"","context":"En \u00abEducaci\u00f3n\u00bb","block_context":{"text":"Educaci\u00f3n","link":"https:\/\/www.hoymercedes.com.ar\/principal\/category\/educacion\/"},"img":{"alt_text":"","src":"https:\/\/i0.wp.com\/www.hoymercedes.com.ar\/principal\/wp-content\/uploads\/2022\/02\/DSC07710.jpg?resize=350%2C200&ssl=1","width":350,"height":200,"srcset":"https:\/\/i0.wp.com\/www.hoymercedes.com.ar\/principal\/wp-content\/uploads\/2022\/02\/DSC07710.jpg?resize=350%2C200&ssl=1 1x, https:\/\/i0.wp.com\/www.hoymercedes.com.ar\/principal\/wp-content\/uploads\/2022\/02\/DSC07710.jpg?resize=525%2C300&ssl=1 1.5x, https:\/\/i0.wp.com\/www.hoymercedes.com.ar\/principal\/wp-content\/uploads\/2022\/02\/DSC07710.jpg?resize=700%2C400&ssl=1 2x"},"classes":[]},{"id":138254,"url":"https:\/\/www.hoymercedes.com.ar\/principal\/2021\/10\/04\/construiran-el-anado-comedor-de-la-escuela-industrial-anunciaron-ustarroz-y-ministra-villa\/","url_meta":{"origin":80184,"position":2},"title":"Construir\u00e1n el a\u00f1ado comedor de la Escuela Industrial anunciaron Ustarroz y Ministra Villa","author":"hoymercedes","date":"4 octubre, 2021","format":false,"excerpt":"El intendente Juan Ignacio Ustarroz recibi\u00f3 este viernes a la Ministra de Educaci\u00f3n provincial, Agustina Vila. Tras una jornada de trabajo y en el marco del \u201cMercedes Aprende Unida\u201d para luego visitar y recorrer el Colegio Industrial \u2013EST N\u00b01- donde se anunci\u00f3 la construcci\u00f3n del comedor estudiantil, una prestaci\u00f3n que\u2026","rel":"","context":"En \u00abEducaci\u00f3n\u00bb","block_context":{"text":"Educaci\u00f3n","link":"https:\/\/www.hoymercedes.com.ar\/principal\/category\/educacion\/"},"img":{"alt_text":"","src":"https:\/\/i0.wp.com\/www.hoymercedes.com.ar\/principal\/wp-content\/uploads\/2021\/10\/DSC_0977.jpg?resize=350%2C200&ssl=1","width":350,"height":200,"srcset":"https:\/\/i0.wp.com\/www.hoymercedes.com.ar\/principal\/wp-content\/uploads\/2021\/10\/DSC_0977.jpg?resize=350%2C200&ssl=1 1x, https:\/\/i0.wp.com\/www.hoymercedes.com.ar\/principal\/wp-content\/uploads\/2021\/10\/DSC_0977.jpg?resize=525%2C300&ssl=1 1.5x, https:\/\/i0.wp.com\/www.hoymercedes.com.ar\/principal\/wp-content\/uploads\/2021\/10\/DSC_0977.jpg?resize=700%2C400&ssl=1 2x"},"classes":[]},{"id":90137,"url":"https:\/\/www.hoymercedes.com.ar\/principal\/2019\/03\/26\/ustarroz-recibio-padres-y-alumnos-de-agrotecnica-y-municipio-les-proporcionara-transporte%ef%bb%bf\/","url_meta":{"origin":80184,"position":3},"title":"Ustarroz recibi\u00f3 padres y alumnos de Agrot\u00e9cnica y municipio les proporcionar\u00e1 transporte\ufeff","author":"hoymercedes","date":"26 marzo, 2019","format":false,"excerpt":"El intendente Juan Ignacio Ustarroz recibi\u00f3 a los padres, directivos y alumnos de la Escuela Agrot\u00e9cnica N\u00b01. Fue a pedido de dicha comunidad quien busc\u00f3 apoyo comunal para solucionar el problema del transporte que est\u00e1n padeciendo los ni\u00f1os y ni\u00f1as para asistir a clases.","rel":"","context":"En \u00abMunicipio\u00bb","block_context":{"text":"Municipio","link":"https:\/\/www.hoymercedes.com.ar\/principal\/category\/municipio\/"},"img":{"alt_text":"","src":"https:\/\/i0.wp.com\/www.hoymercedes.com.ar\/principal\/wp-content\/uploads\/2019\/03\/Reunion-Agro.1.jpeg?resize=350%2C200&ssl=1","width":350,"height":200,"srcset":"https:\/\/i0.wp.com\/www.hoymercedes.com.ar\/principal\/wp-content\/uploads\/2019\/03\/Reunion-Agro.1.jpeg?resize=350%2C200&ssl=1 1x, https:\/\/i0.wp.com\/www.hoymercedes.com.ar\/principal\/wp-content\/uploads\/2019\/03\/Reunion-Agro.1.jpeg?resize=525%2C300&ssl=1 1.5x, https:\/\/i0.wp.com\/www.hoymercedes.com.ar\/principal\/wp-content\/uploads\/2019\/03\/Reunion-Agro.1.jpeg?resize=700%2C400&ssl=1 2x"},"classes":[]},{"id":128975,"url":"https:\/\/www.hoymercedes.com.ar\/principal\/2021\/04\/26\/el-programa-mercedes-aprende-en-la-escuela-n-26\/","url_meta":{"origin":80184,"position":4},"title":"El Programa Mercedes Aprende en la Escuela N\u00b0 26","author":"hoymercedes","date":"26 abril, 2021","format":false,"excerpt":"Por Prensa Municipal - El intendente Juan Ignacio Ustarroz junto al presidente del Consejo Escolar, Jos\u00e9 Pisano,\u00a0visitaron\u00a0la Escuela\u00a0Primaria Rural\u00a0N\u00b0 26 donde, adem\u00e1s, entregaron libros al primer ciclo de la escuela primaria en el marco del programa Mercedes Aprende. \u201cTenemos una alegr\u00eda muy grande, por estar hoy ac\u00e1, donde se refleja\u2026","rel":"","context":"En \u00abMunicipio\u00bb","block_context":{"text":"Municipio","link":"https:\/\/www.hoymercedes.com.ar\/principal\/category\/municipio\/"},"img":{"alt_text":"","src":"https:\/\/i0.wp.com\/www.hoymercedes.com.ar\/principal\/wp-content\/uploads\/2021\/04\/DSC05945.jpg?resize=350%2C200&ssl=1","width":350,"height":200,"srcset":"https:\/\/i0.wp.com\/www.hoymercedes.com.ar\/principal\/wp-content\/uploads\/2021\/04\/DSC05945.jpg?resize=350%2C200&ssl=1 1x, https:\/\/i0.wp.com\/www.hoymercedes.com.ar\/principal\/wp-content\/uploads\/2021\/04\/DSC05945.jpg?resize=525%2C300&ssl=1 1.5x, https:\/\/i0.wp.com\/www.hoymercedes.com.ar\/principal\/wp-content\/uploads\/2021\/04\/DSC05945.jpg?resize=700%2C400&ssl=1 2x"},"classes":[]},{"id":173507,"url":"https:\/\/www.hoymercedes.com.ar\/principal\/2024\/03\/01\/intendente-ustarroz-acompano-el-inicio-de-clases-en-varias-instituciones\/","url_meta":{"origin":80184,"position":5},"title":"Intendente Ustarroz acompa\u00f1\u00f3 el inicio de clases en varias instituciones","author":"hoymercedes","date":"1 marzo, 2024","format":false,"excerpt":"El intendente Dr. Juan I. Ustarroz particip\u00f3 del inicio del ciclo lectivo 2024. En esta ocasi\u00f3n a primera hora de la ma\u00f1ana visit\u00f3 la Escuela N\u00b01, luego Jard\u00edn N\u00b0905 y finalmente el Centro de Formaci\u00f3n N\u00b0403. Ponder\u00f3 la importancia de seguir trabajando unidos, como comunidad, por la educaci\u00f3n. En las\u2026","rel":"","context":"En \u00abEducaci\u00f3n\u00bb","block_context":{"text":"Educaci\u00f3n","link":"https:\/\/www.hoymercedes.com.ar\/principal\/category\/educacion\/"},"img":{"alt_text":"El intendente Dr. Juan I. Ustarroz particip\u00f3 del inicio del ciclo lectivo 2024. En esta ocasi\u00f3n a primera hora de la ma\u00f1ana visit\u00f3 la Escuela N\u00b01, luego Jard\u00edn N\u00b0905 y finalmente el Centro de Formaci\u00f3n N\u00b0403. Ponder\u00f3 la importancia de seguir trabajando unidos, como comunidad, por la educaci\u00f3n.","src":"https:\/\/i0.wp.com\/www.hoymercedes.com.ar\/principal\/wp-content\/uploads\/2024\/03\/DSC06286.jpg?resize=350%2C200&ssl=1","width":350,"height":200,"srcset":"https:\/\/i0.wp.com\/www.hoymercedes.com.ar\/principal\/wp-content\/uploads\/2024\/03\/DSC06286.jpg?resize=350%2C200&ssl=1 1x, https:\/\/i0.wp.com\/www.hoymercedes.com.ar\/principal\/wp-content\/uploads\/2024\/03\/DSC06286.jpg?resize=525%2C300&ssl=1 1.5x, https:\/\/i0.wp.com\/www.hoymercedes.com.ar\/principal\/wp-content\/uploads\/2024\/03\/DSC06286.jpg?resize=700%2C400&ssl=1 2x, https:\/\/i0.wp.com\/www.hoymercedes.com.ar\/principal\/wp-content\/uploads\/2024\/03\/DSC06286.jpg?resize=1050%2C600&ssl=1 3x"},"classes":[]}],"_links":{"self":[{"href":"https:\/\/www.hoymercedes.com.ar\/principal\/wp-json\/wp\/v2\/posts\/80184","targetHints":{"allow":["GET"]}}],"collection":[{"href":"https:\/\/www.hoymercedes.com.ar\/principal\/wp-json\/wp\/v2\/posts"}],"about":[{"href":"https:\/\/www.hoymercedes.com.ar\/principal\/wp-json\/wp\/v2\/types\/post"}],"author":[{"embeddable":true,"href":"https:\/\/www.hoymercedes.com.ar\/principal\/wp-json\/wp\/v2\/users\/1"}],"replies":[{"embeddable":true,"href":"https:\/\/www.hoymercedes.com.ar\/principal\/wp-json\/wp\/v2\/comments?post=80184"}],"version-history":[{"count":0,"href":"https:\/\/www.hoymercedes.com.ar\/principal\/wp-json\/wp\/v2\/posts\/80184\/revisions"}],"wp:featuredmedia":[{"embeddable":true,"href":"https:\/\/www.hoymercedes.com.ar\/principal\/wp-json\/wp\/v2\/media\/80185"}],"wp:attachment":[{"href":"https:\/\/www.hoymercedes.com.ar\/principal\/wp-json\/wp\/v2\/media?parent=80184"}],"wp:term":[{"taxonomy":"category","embeddable":true,"href":"https:\/\/www.hoymercedes.com.ar\/principal\/wp-json\/wp\/v2\/categories?post=80184"},{"taxonomy":"post_tag","embeddable":true,"href":"https:\/\/www.hoymercedes.com.ar\/principal\/wp-json\/wp\/v2\/tags?post=80184"}],"curies":[{"name":"wp","href":"https:\/\/api.w.org\/{rel}","templated":true}]}}