{"id":80189,"date":"2018-08-23T18:09:16","date_gmt":"2018-08-23T21:09:16","guid":{"rendered":"http:\/\/www.hoymercedes.com.ar\/principal\/?p=80189"},"modified":"2018-08-22T22:15:48","modified_gmt":"2018-08-23T01:15:48","slug":"a-mercedes-tampoco-llegan-las-vacunas-contra-meningitis","status":"publish","type":"post","link":"https:\/\/www.hoymercedes.com.ar\/principal\/2018\/08\/23\/a-mercedes-tampoco-llegan-las-vacunas-contra-meningitis\/","title":{"rendered":"A Mercedes tampoco llegan las vacunas contra Meningitis"},"content":{"rendered":"<figure id=\"attachment_80190\" aria-describedby=\"caption-attachment-80190\" style=\"width: 620px\" class=\"wp-caption aligncenter\"><img loading=\"lazy\" decoding=\"async\" data-attachment-id=\"80190\" data-permalink=\"https:\/\/www.hoymercedes.com.ar\/principal\/2018\/08\/23\/a-mercedes-tampoco-llegan-las-vacunas-contra-meningitis\/cassiani-2\/#main\" data-orig-file=\"https:\/\/www.hoymercedes.com.ar\/principal\/wp-content\/uploads\/2018\/08\/Cassiani.jpg\" data-orig-size=\"730,487\" data-comments-opened=\"0\" data-image-meta=\"{&quot;aperture&quot;:&quot;0&quot;,&quot;credit&quot;:&quot;&quot;,&quot;camera&quot;:&quot;&quot;,&quot;caption&quot;:&quot;&quot;,&quot;created_timestamp&quot;:&quot;0&quot;,&quot;copyright&quot;:&quot;&quot;,&quot;focal_length&quot;:&quot;0&quot;,&quot;iso&quot;:&quot;0&quot;,&quot;shutter_speed&quot;:&quot;0&quot;,&quot;title&quot;:&quot;&quot;,&quot;orientation&quot;:&quot;0&quot;}\" data-image-title=\"Cassiani\" data-image-description=\"\" data-image-caption=\"&lt;p&gt;Pablo Cassiani&lt;\/p&gt;\n\" data-large-file=\"https:\/\/www.hoymercedes.com.ar\/principal\/wp-content\/uploads\/2018\/08\/Cassiani.jpg\" class=\"size-medium wp-image-80190\" src=\"https:\/\/www.hoymercedes.com.ar\/principal\/wp-content\/uploads\/2018\/08\/Cassiani-630x420.jpg\" alt=\"\" width=\"630\" height=\"420\" srcset=\"https:\/\/www.hoymercedes.com.ar\/principal\/wp-content\/uploads\/2018\/08\/Cassiani-630x420.jpg 630w, https:\/\/www.hoymercedes.com.ar\/principal\/wp-content\/uploads\/2018\/08\/Cassiani-150x100.jpg 150w, https:\/\/www.hoymercedes.com.ar\/principal\/wp-content\/uploads\/2018\/08\/Cassiani.jpg 730w\" sizes=\"auto, (max-width: 630px) 100vw, 630px\" \/><figcaption id=\"caption-attachment-80190\" class=\"wp-caption-text\">Pablo Cassiani8<\/figcaption><\/figure>\n<p>Las constantes consultas al \u00e1rea de salud comunal generaron la necesidad de que su m\u00e1ximo responsable, Dr. Pablo Cassiani, aclarara que \u201csin duda es una preocupaci\u00f3n para todas las familias y quienes trabajamos en temas de salud, pero el ajuste de la Provincia y Naci\u00f3n en t\u00e9rminos sanitarios es evidente. Hoy le toca a las vacunas.\u201d<\/p>\n<p>M\u00e1s adelante se inform\u00f3 que en esta ocasi\u00f3n se da con una vacuna muy importante como es la antimeningococcica. La misma se encuentra en el calendario nacional de vacunaci\u00f3n, y est\u00e1 indicada en ni\u00f1os de 3 meses, 5 meses y a los 15 meses. Y en una dosis \u00fanica a los 11 a\u00f1os.<\/p>\n<p>El secretario de salud de la comuna, al ser consultado por los medios, afirm\u00f3: \u00abes alarmante la situaci\u00f3n en la cual nos pone el ministerio con la entrega de vacunas. Tenemos 18 centros vacunatorios, y desde el 2016 que siempre nos ocurre la misma situaci\u00f3n, siempre falta una vacuna por alguna raz\u00f3n\u00bb destac\u00f3 Cassiani.<\/p>\n<p>Recordemos que las vacunas son provistas por el Estado Nacional y Provincial y el Municipio se hace cargo de los dispositivos de vacunaci\u00f3n.<\/p>\n<p>La noticia tambi\u00e9n tom\u00f3 fuerte dimensi\u00f3n tras conocerse que la provincia de santa Fe, anunci\u00f3 estos d\u00edas que dejar\u00e1 de vacunar con la dosis que corresponde a los 11 a\u00f1os, por la falta de insumos.<\/p>\n<p>Esta situaci\u00f3n, tal cual fuese denunciada en varias ocasiones por el secretario de salud, genera angustia en la poblaci\u00f3n y pone en riesgo el sistema nacional de inmunizaciones, algo que se nota en la cantidad de llamadas y consultas vividas en las \u00faltimas jornadas en los Centros de Atenci\u00f3n donde los padres, con l{l\u00f3gica preocupaci\u00f3n, se acercan a buscar informaci\u00f3n.<\/p>\n<p>&nbsp;<\/p>\n<p>Info: Sec. de Salud<\/p>\n","protected":false},"excerpt":{"rendered":"<p>Las constantes consultas al \u00e1rea de salud comunal generaron la necesidad de que su m\u00e1ximo responsable, Dr. Pablo Cassiani, aclarara &#8230; <a title=\"A Mercedes tampoco llegan las vacunas contra Meningitis\" class=\"read-more\" href=\"https:\/\/www.hoymercedes.com.ar\/principal\/2018\/08\/23\/a-mercedes-tampoco-llegan-las-vacunas-contra-meningitis\/\" aria-label=\"Leer m\u00e1s sobre A Mercedes tampoco llegan las vacunas contra Meningitis\">Leer m\u00e1s<\/a><\/p>\n","protected":false},"author":1,"featured_media":80190,"comment_status":"closed","ping_status":"open","sticky":false,"template":"","format":"standard","meta":{"_monsterinsights_skip_tracking":false,"_monsterinsights_sitenote_active":false,"_monsterinsights_sitenote_note":"","_monsterinsights_sitenote_category":0,"jetpack_post_was_ever_published":false,"_jetpack_newsletter_access":"","_jetpack_dont_email_post_to_subs":false,"_jetpack_newsletter_tier_id":0,"_jetpack_memberships_contains_paywalled_content":false,"_jetpack_memberships_contains_paid_content":false,"footnotes":"","jetpack_publicize_message":"","jetpack_publicize_feature_enabled":true,"jetpack_social_post_already_shared":true,"jetpack_social_options":{"image_generator_settings":{"template":"highway","default_image_id":0,"font":"","enabled":false},"version":2},"_wpas_customize_per_network":false},"categories":[30],"tags":[13640,4650],"class_list":["post-80189","post","type-post","status-publish","format-standard","has-post-thumbnail","hentry","category-municipio","tag-meninguitis","tag-pablo-cassiani","generate-columns","tablet-grid-50","mobile-grid-100","grid-parent","grid-50"],"jetpack_publicize_connections":[],"jetpack_featured_media_url":"https:\/\/www.hoymercedes.com.ar\/principal\/wp-content\/uploads\/2018\/08\/Cassiani.jpg","wps_subtitle":"Provincia y Naci\u00f3n","jetpack_sharing_enabled":true,"jetpack-related-posts":[{"id":112318,"url":"https:\/\/www.hoymercedes.com.ar\/principal\/2020\/06\/18\/nuevas-autoridades-acompanan-a-cassiani-en-el-hospital\/","url_meta":{"origin":80189,"position":0},"title":"Nuevas autoridades acompa\u00f1an a Cassiani en el Hospital","author":"hoymercedes","date":"18 junio, 2020","format":false,"excerpt":"El Hospital Blas L. Dubarry confirm\u00f3 las designaciones de los doctores Gustavo Robles y Silvina Suckich como directores asociados. Ambos acompa\u00f1ar\u00e1n al Dr. Pablo Cassiani en la gesti\u00f3n diaria del nosocomio. De acuerdo a la informaci\u00f3n dada por Cassiani, el Dr. Robles estar\u00e1 a cargo de la gesti\u00f3n de servicios\u2026","rel":"","context":"En \u00abSalud\u00bb","block_context":{"text":"Salud","link":"https:\/\/www.hoymercedes.com.ar\/principal\/category\/salud\/"},"img":{"alt_text":"","src":"https:\/\/i0.wp.com\/www.hoymercedes.com.ar\/principal\/wp-content\/uploads\/2020\/06\/18-hospital.jpg?resize=350%2C200&ssl=1","width":350,"height":200,"srcset":"https:\/\/i0.wp.com\/www.hoymercedes.com.ar\/principal\/wp-content\/uploads\/2020\/06\/18-hospital.jpg?resize=350%2C200&ssl=1 1x, https:\/\/i0.wp.com\/www.hoymercedes.com.ar\/principal\/wp-content\/uploads\/2020\/06\/18-hospital.jpg?resize=525%2C300&ssl=1 1.5x, https:\/\/i0.wp.com\/www.hoymercedes.com.ar\/principal\/wp-content\/uploads\/2020\/06\/18-hospital.jpg?resize=700%2C400&ssl=1 2x"},"classes":[]},{"id":123474,"url":"https:\/\/www.hoymercedes.com.ar\/principal\/2021\/01\/18\/contra-el-covid-llegaron-mas-vacunas-al-dubarry\/","url_meta":{"origin":80189,"position":1},"title":"Contra el covid: Llegaron m\u00e1s vacunas al Dubarry","author":"hoymercedes","date":"18 enero, 2021","format":false,"excerpt":"Pasada la primer quincena del a\u00f1o, el Director del Hospital Dr. Pablo Cassiani confirm\u00f3 que llegaron otras 450 vacunas contra el covid-19 para seguir aplicando las primeras d\u00f3sis a un mayor n\u00famero de trabajadores de la salud, y que en las pr\u00f3ximas semanas estar\u00edan llegando las segundas d\u00f3sis para quienes\u2026","rel":"","context":"En \u00abSociedad\u00bb","block_context":{"text":"Sociedad","link":"https:\/\/www.hoymercedes.com.ar\/principal\/category\/sociedad\/"},"img":{"alt_text":"","src":"https:\/\/i0.wp.com\/www.hoymercedes.com.ar\/principal\/wp-content\/uploads\/2018\/05\/06-hospital-dubarry.jpg?resize=350%2C200&ssl=1","width":350,"height":200,"srcset":"https:\/\/i0.wp.com\/www.hoymercedes.com.ar\/principal\/wp-content\/uploads\/2018\/05\/06-hospital-dubarry.jpg?resize=350%2C200&ssl=1 1x, https:\/\/i0.wp.com\/www.hoymercedes.com.ar\/principal\/wp-content\/uploads\/2018\/05\/06-hospital-dubarry.jpg?resize=525%2C300&ssl=1 1.5x, https:\/\/i0.wp.com\/www.hoymercedes.com.ar\/principal\/wp-content\/uploads\/2018\/05\/06-hospital-dubarry.jpg?resize=700%2C400&ssl=1 2x"},"classes":[]},{"id":117573,"url":"https:\/\/www.hoymercedes.com.ar\/principal\/2020\/09\/28\/laboratorio-supero-los-5000-test-covid-realizados-en-el-cuidado-de-la-salud-de-los-mercedinos\/","url_meta":{"origin":80189,"position":2},"title":"Laboratorio super\u00f3 los 5000 test covid realizados en el cuidado de la salud de los mercedinos","author":"hoymercedes","date":"28 septiembre, 2020","format":false,"excerpt":"Esta semana el Hospital Dubarry super\u00f3 los 5000 test de covid-19 analizados en el Laboratorio de Virolog\u00eda Molecular Municipal. La herramienta puesta en funciones meses atr\u00e1s por el jefe comunal Ustarroz y el director del nosocomio Cassiani se convirti\u00f3 en un dispositivo fundamental para el cuidado de la salud de\u2026","rel":"","context":"En \u00abMunicipio\u00bb","block_context":{"text":"Municipio","link":"https:\/\/www.hoymercedes.com.ar\/principal\/category\/municipio\/"},"img":{"alt_text":"","src":"https:\/\/i0.wp.com\/www.hoymercedes.com.ar\/principal\/wp-content\/uploads\/2020\/05\/2020-laboratorio-virologia.jpeg?resize=350%2C200&ssl=1","width":350,"height":200,"srcset":"https:\/\/i0.wp.com\/www.hoymercedes.com.ar\/principal\/wp-content\/uploads\/2020\/05\/2020-laboratorio-virologia.jpeg?resize=350%2C200&ssl=1 1x, https:\/\/i0.wp.com\/www.hoymercedes.com.ar\/principal\/wp-content\/uploads\/2020\/05\/2020-laboratorio-virologia.jpeg?resize=525%2C300&ssl=1 1.5x, https:\/\/i0.wp.com\/www.hoymercedes.com.ar\/principal\/wp-content\/uploads\/2020\/05\/2020-laboratorio-virologia.jpeg?resize=700%2C400&ssl=1 2x"},"classes":[]},{"id":105946,"url":"https:\/\/www.hoymercedes.com.ar\/principal\/2020\/02\/05\/cassiani-asumio-como-director-ejecutivo-del-dubarry\/","url_meta":{"origin":80189,"position":3},"title":"Cassiani asumi\u00f3 como Director Ejecutivo del Dubarry","author":"hoymercedes","date":"5 febrero, 2020","format":false,"excerpt":"En la ma\u00f1ana del mi\u00e9rcoles, el m\u00e9dico Pablo Cassiani asumi\u00f3 su cargo como Director Ejecutivo del Hospital Blas L Dubarry. La doctora Sonia Paredes tom\u00f3 si cargo como Directora Asociada. Durante el acto estuvieron presentes el Viceministro de Salud Bonaerense, Nicol\u00e1s Kreplak, el director provincial de Hospitales, Juan Riera; y\u2026","rel":"","context":"En \u00abSalud\u00bb","block_context":{"text":"Salud","link":"https:\/\/www.hoymercedes.com.ar\/principal\/category\/salud\/"},"img":{"alt_text":"","src":"https:\/\/i0.wp.com\/www.hoymercedes.com.ar\/principal\/wp-content\/uploads\/2020\/02\/hospital_copy_800x5342.jpeg?resize=350%2C200&ssl=1","width":350,"height":200,"srcset":"https:\/\/i0.wp.com\/www.hoymercedes.com.ar\/principal\/wp-content\/uploads\/2020\/02\/hospital_copy_800x5342.jpeg?resize=350%2C200&ssl=1 1x, https:\/\/i0.wp.com\/www.hoymercedes.com.ar\/principal\/wp-content\/uploads\/2020\/02\/hospital_copy_800x5342.jpeg?resize=525%2C300&ssl=1 1.5x, https:\/\/i0.wp.com\/www.hoymercedes.com.ar\/principal\/wp-content\/uploads\/2020\/02\/hospital_copy_800x5342.jpeg?resize=700%2C400&ssl=1 2x"},"classes":[]},{"id":105645,"url":"https:\/\/www.hoymercedes.com.ar\/principal\/2020\/01\/27\/el-dr-pablo-cassiani-seria-el-proximo-director-del-hospital-dubarry\/","url_meta":{"origin":80189,"position":4},"title":"El Dr. Pablo Cassiani ser\u00eda el pr\u00f3ximo director del Hospital Dubarry","author":"hoymercedes","date":"27 enero, 2020","format":false,"excerpt":"Pablo Cassiani, m\u00e9dico y secretario de salud municipal, podr\u00eda en las pr\u00f3ximas semanas convertirse en el nuevo director del Hospital Blas. L Dubarry. Si bien no hay informaci\u00f3n oficial se supo que ya ha estado recorriendo la instituci\u00f3n y que ser\u00eda una manera de tener en la ciudad una mirada\u2026","rel":"","context":"En \u00abSociedad\u00bb","block_context":{"text":"Sociedad","link":"https:\/\/www.hoymercedes.com.ar\/principal\/category\/sociedad\/"},"img":{"alt_text":"","src":"https:\/\/i0.wp.com\/www.hoymercedes.com.ar\/principal\/wp-content\/uploads\/2019\/02\/Cassiani-Ustarroz-Bandoni.jpg?resize=350%2C200&ssl=1","width":350,"height":200,"srcset":"https:\/\/i0.wp.com\/www.hoymercedes.com.ar\/principal\/wp-content\/uploads\/2019\/02\/Cassiani-Ustarroz-Bandoni.jpg?resize=350%2C200&ssl=1 1x, https:\/\/i0.wp.com\/www.hoymercedes.com.ar\/principal\/wp-content\/uploads\/2019\/02\/Cassiani-Ustarroz-Bandoni.jpg?resize=525%2C300&ssl=1 1.5x, https:\/\/i0.wp.com\/www.hoymercedes.com.ar\/principal\/wp-content\/uploads\/2019\/02\/Cassiani-Ustarroz-Bandoni.jpg?resize=700%2C400&ssl=1 2x"},"classes":[]},{"id":106785,"url":"https:\/\/www.hoymercedes.com.ar\/principal\/2020\/02\/28\/celebraron-los-150-anos-de-la-creacion-del-sistema-de-salud-hospitalario-local\/","url_meta":{"origin":80189,"position":5},"title":"Celebraron los 150 a\u00f1os de la creaci\u00f3n del sistema de salud hospitalario local","author":"hoymercedes","date":"28 febrero, 2020","format":false,"excerpt":"Minutos antes del mediod\u00eda de este viernes, en el Hospital Blas L. Dubarry se celebraron los 150 a\u00f1os de la creaci\u00f3n del sistema de Salud Hospitalario en Mercedes cumplido el pasado 24 de febrero. En el hall del nosocomio de calle 12, el Dr. Pablo Cassiani, Director Ejecutivo del Dubarry,\u2026","rel":"","context":"En \u00abSalud\u00bb","block_context":{"text":"Salud","link":"https:\/\/www.hoymercedes.com.ar\/principal\/category\/salud\/"},"img":{"alt_text":"","src":"https:\/\/i0.wp.com\/www.hoymercedes.com.ar\/principal\/wp-content\/uploads\/2020\/02\/28-Cassiani.Hospital.jpg?resize=350%2C200&ssl=1","width":350,"height":200,"srcset":"https:\/\/i0.wp.com\/www.hoymercedes.com.ar\/principal\/wp-content\/uploads\/2020\/02\/28-Cassiani.Hospital.jpg?resize=350%2C200&ssl=1 1x, https:\/\/i0.wp.com\/www.hoymercedes.com.ar\/principal\/wp-content\/uploads\/2020\/02\/28-Cassiani.Hospital.jpg?resize=525%2C300&ssl=1 1.5x, https:\/\/i0.wp.com\/www.hoymercedes.com.ar\/principal\/wp-content\/uploads\/2020\/02\/28-Cassiani.Hospital.jpg?resize=700%2C400&ssl=1 2x"},"classes":[]}],"_links":{"self":[{"href":"https:\/\/www.hoymercedes.com.ar\/principal\/wp-json\/wp\/v2\/posts\/80189","targetHints":{"allow":["GET"]}}],"collection":[{"href":"https:\/\/www.hoymercedes.com.ar\/principal\/wp-json\/wp\/v2\/posts"}],"about":[{"href":"https:\/\/www.hoymercedes.com.ar\/principal\/wp-json\/wp\/v2\/types\/post"}],"author":[{"embeddable":true,"href":"https:\/\/www.hoymercedes.com.ar\/principal\/wp-json\/wp\/v2\/users\/1"}],"replies":[{"embeddable":true,"href":"https:\/\/www.hoymercedes.com.ar\/principal\/wp-json\/wp\/v2\/comments?post=80189"}],"version-history":[{"count":0,"href":"https:\/\/www.hoymercedes.com.ar\/principal\/wp-json\/wp\/v2\/posts\/80189\/revisions"}],"wp:featuredmedia":[{"embeddable":true,"href":"https:\/\/www.hoymercedes.com.ar\/principal\/wp-json\/wp\/v2\/media\/80190"}],"wp:attachment":[{"href":"https:\/\/www.hoymercedes.com.ar\/principal\/wp-json\/wp\/v2\/media?parent=80189"}],"wp:term":[{"taxonomy":"category","embeddable":true,"href":"https:\/\/www.hoymercedes.com.ar\/principal\/wp-json\/wp\/v2\/categories?post=80189"},{"taxonomy":"post_tag","embeddable":true,"href":"https:\/\/www.hoymercedes.com.ar\/principal\/wp-json\/wp\/v2\/tags?post=80189"}],"curies":[{"name":"wp","href":"https:\/\/api.w.org\/{rel}","templated":true}]}}