{"id":80192,"date":"2018-08-23T08:16:18","date_gmt":"2018-08-23T11:16:18","guid":{"rendered":"http:\/\/www.hoymercedes.com.ar\/principal\/?p=80192"},"modified":"2018-08-22T22:26:00","modified_gmt":"2018-08-23T01:26:00","slug":"historica-marcha-en-defensa-de-la-unlu-y-la-educacion-publica","status":"publish","type":"post","link":"https:\/\/www.hoymercedes.com.ar\/principal\/2018\/08\/23\/historica-marcha-en-defensa-de-la-unlu-y-la-educacion-publica\/","title":{"rendered":"Hist\u00f3rica marcha en defensa de la UNLu y la educaci\u00f3n p\u00fablica"},"content":{"rendered":"<p><span class=\"embed-youtube\" style=\"text-align:center; display: block;\"><iframe loading=\"lazy\" class=\"youtube-player\" width=\"1200\" height=\"675\" src=\"https:\/\/www.youtube.com\/embed\/7Qk_ZPUMSCw?version=3&#038;rel=1&#038;showsearch=0&#038;showinfo=1&#038;iv_load_policy=1&#038;fs=1&#038;hl=es-ES&#038;autohide=2&#038;wmode=transparent\" allowfullscreen=\"true\" style=\"border:0;\" sandbox=\"allow-scripts allow-same-origin allow-popups allow-presentation allow-popups-to-escape-sandbox\"><\/iframe><\/span><\/p>\n<p>Casi mil personas, entre ellos mercedinos, marcharon por la educaci\u00f3n p\u00fablica y en defensa de la Universidad Nacional de Luj\u00e1n por las calles de la vecina localidad. Fue en el marco de un plan de fuerza que se viene efectuando desde las Casas de Altos Estudios tras el fuerte ajuste a la educaci\u00f3n, ciencia y tecnolog\u00eda que viene haciendo el gobierno nacional. Muchos vecinos de Mercedes conforman parte de la instituci\u00f3n en todos los claustros: docentes, no docentes y estudiantes.<\/p>\n<p>La gran cantidad de personas confluyeron en la plaza Col\u00f3n tras caminar desde la sede central de la Universidad de Luj\u00e1n, entre docentes, no docentes, estudiantes y otros sindicatos que acompa\u00f1aron la protesta.<\/p>\n<p>El secretario general de ADUNLu, Andr\u00e9s Duhour, expuso que \u201cllegamos a la plaza con la idea de reunirnos. Nos planteamos al momento de salir tener una instancia colectiva para evaluar este proceso, una instancia de intercambio, abierta para que podamos comentar lo que estamos pasando y viviendo los universitarios. La marcha que hemos realizado es hist\u00f3rica para la Universidad de Luj\u00e1n, porque ha nucleado en una misma columna, en un mismo d\u00eda y en un mismo horario a todos los sectores de la universidad y eso es un logro\u201d, sostuvo. Y pidi\u00f3 que \u201ces muy importante que a partir de ahora intentemos continuar trabajando colectivamente la continuidad de esta medida. Este gobierno est\u00e1 atacando la universidad en su conjunto\u201d, inform\u00f3 el medio colega El Civismo.<\/p>\n<p>Por su parte, Claudia Baigorria, representante de CONADU Hist\u00f3rica, remarc\u00f3 que \u201cesta masiva movilizaci\u00f3n que hoy hemos protagonizado en Luj\u00e1n, que se abraza con las enormes movilizaciones que hubo a lo largo y ancho de todo el pa\u00eds, donde llevamos a cabo la tercera semana de cese total de actividades del sector docente universitario en demanda de una recomposici\u00f3n salarial que realmente pueda liquidar el desfasaje de nuestro sueldo con respecto a la inflaci\u00f3n que est\u00e1 devorando los ingresos de toda nuestra familia\u201d.<\/p>\n<p>Vale recordar que en la UNLu son casi 1000 los mercedinos que son parte de esa comunidad educativa y que en Mercedes hay una sede ubicada en el predio del ex Instituto Unzu\u00e9.<\/p>\n<p>&nbsp;<\/p>\n","protected":false},"excerpt":{"rendered":"<p>Casi mil personas, entre ellos mercedinos, marcharon por la educaci\u00f3n p\u00fablica y en defensa de la Universidad Nacional de Luj\u00e1n &#8230; <a title=\"Hist\u00f3rica marcha en defensa de la UNLu y la educaci\u00f3n p\u00fablica\" class=\"read-more\" href=\"https:\/\/www.hoymercedes.com.ar\/principal\/2018\/08\/23\/historica-marcha-en-defensa-de-la-unlu-y-la-educacion-publica\/\" aria-label=\"Leer m\u00e1s sobre Hist\u00f3rica marcha en defensa de la UNLu y la educaci\u00f3n p\u00fablica\">Leer m\u00e1s<\/a><\/p>\n","protected":false},"author":1,"featured_media":80193,"comment_status":"closed","ping_status":"open","sticky":false,"template":"","format":"standard","meta":{"_monsterinsights_skip_tracking":false,"_monsterinsights_sitenote_active":false,"_monsterinsights_sitenote_note":"","_monsterinsights_sitenote_category":0,"jetpack_post_was_ever_published":false,"_jetpack_newsletter_access":"","_jetpack_dont_email_post_to_subs":false,"_jetpack_newsletter_tier_id":0,"_jetpack_memberships_contains_paywalled_content":false,"_jetpack_memberships_contains_paid_content":false,"footnotes":"","jetpack_publicize_message":"","jetpack_publicize_feature_enabled":true,"jetpack_social_post_already_shared":true,"jetpack_social_options":{"image_generator_settings":{"template":"highway","default_image_id":0,"font":"","enabled":false},"version":2},"_wpas_customize_per_network":false},"categories":[23],"tags":[13641,982],"class_list":["post-80192","post","type-post","status-publish","format-standard","has-post-thumbnail","hentry","category-educacion","tag-macha-unlu","tag-universidad-de-lujan","generate-columns","tablet-grid-50","mobile-grid-100","grid-parent","grid-50"],"jetpack_publicize_connections":[],"jetpack_featured_media_url":"https:\/\/www.hoymercedes.com.ar\/principal\/wp-content\/uploads\/2018\/08\/marcha-unlu.jpg","wps_subtitle":"Con mercedinos presentes","jetpack_sharing_enabled":true,"jetpack-related-posts":[{"id":179186,"url":"https:\/\/www.hoymercedes.com.ar\/principal\/2024\/09\/29\/la-unlu-convoca-a-la-segunda-marcha-federal-en-defensa-de-la-universidad-publica\/","url_meta":{"origin":80192,"position":0},"title":"La UNLu convoca a la segunda marcha federal en defensa de la Universidad P\u00fablica","author":"hoymercedes","date":"29 septiembre, 2024","format":false,"excerpt":"El Rectorado de la Universidad Nacional de Luj\u00e1n convoc\u00f3 a toda la comunidad universitaria y a la comunidad en general a sumarse a la segunda Marcha Federal Universitaria, prevista para este pr\u00f3ximo 2 de octubre.\u00a0Lo hizo a trav\u00e9s de un comunicado que dio a conocer hoy a trav\u00e9s de la\u2026","rel":"","context":"En \u00abEducaci\u00f3n\u00bb","block_context":{"text":"Educaci\u00f3n","link":"https:\/\/www.hoymercedes.com.ar\/principal\/category\/educacion\/"},"img":{"alt_text":"La UNLu convoca a la segunda marcha federal en defensa de la Universidad P\u00fablica","src":"https:\/\/i0.wp.com\/www.hoymercedes.com.ar\/principal\/wp-content\/uploads\/2024\/09\/Marcha-Universitaria.jpeg?resize=350%2C200&ssl=1","width":350,"height":200,"srcset":"https:\/\/i0.wp.com\/www.hoymercedes.com.ar\/principal\/wp-content\/uploads\/2024\/09\/Marcha-Universitaria.jpeg?resize=350%2C200&ssl=1 1x, https:\/\/i0.wp.com\/www.hoymercedes.com.ar\/principal\/wp-content\/uploads\/2024\/09\/Marcha-Universitaria.jpeg?resize=525%2C300&ssl=1 1.5x"},"classes":[]},{"id":173987,"url":"https:\/\/www.hoymercedes.com.ar\/principal\/2024\/03\/15\/masiva-marcha-por-la-defensa-de-la-universidad-nacional-de-lujan\/","url_meta":{"origin":80192,"position":1},"title":"Masiva marcha por la defensa de la Universidad Nacional de Luj\u00e1n","author":"hoymercedes","date":"15 marzo, 2024","format":false,"excerpt":"Con mercedinos presentes se llev\u00f3 a cabo una masiva marcha por la defensa de la educaci\u00f3n p\u00fablica superior. Partieron desde la sede central de la Universidad Nacional de Luj\u00e1n hasta la plaza Col\u00f3n de la vecina localidad. La intenci\u00f3n es visibilizar el fuerte ajuste que viene efectuando el gobierno de\u2026","rel":"","context":"En \u00abEducaci\u00f3n\u00bb","block_context":{"text":"Educaci\u00f3n","link":"https:\/\/www.hoymercedes.com.ar\/principal\/category\/educacion\/"},"img":{"alt_text":"","src":"https:\/\/i0.wp.com\/www.hoymercedes.com.ar\/principal\/wp-content\/uploads\/2024\/03\/DSC4603-scaled.jpg?resize=350%2C200&ssl=1","width":350,"height":200,"srcset":"https:\/\/i0.wp.com\/www.hoymercedes.com.ar\/principal\/wp-content\/uploads\/2024\/03\/DSC4603-scaled.jpg?resize=350%2C200&ssl=1 1x, https:\/\/i0.wp.com\/www.hoymercedes.com.ar\/principal\/wp-content\/uploads\/2024\/03\/DSC4603-scaled.jpg?resize=525%2C300&ssl=1 1.5x, https:\/\/i0.wp.com\/www.hoymercedes.com.ar\/principal\/wp-content\/uploads\/2024\/03\/DSC4603-scaled.jpg?resize=700%2C400&ssl=1 2x, https:\/\/i0.wp.com\/www.hoymercedes.com.ar\/principal\/wp-content\/uploads\/2024\/03\/DSC4603-scaled.jpg?resize=1050%2C600&ssl=1 3x, https:\/\/i0.wp.com\/www.hoymercedes.com.ar\/principal\/wp-content\/uploads\/2024\/03\/DSC4603-scaled.jpg?resize=1400%2C800&ssl=1 4x"},"classes":[]},{"id":179597,"url":"https:\/\/www.hoymercedes.com.ar\/principal\/2024\/10\/14\/unlu-protesta-con-toma-del-rectorado-con-clases-publicas\/","url_meta":{"origin":80192,"position":2},"title":"UNLu: protesta con toma del rectorado con clases p\u00fablicas","author":"hoymercedes","date":"14 octubre, 2024","format":false,"excerpt":"Una asamblea inter claustros llevada adelante durante la tarde de este lunes determino sumarse a las acciones de reclamo y protesta que se dan en todo el pa\u00eds. Ante ello habr\u00e1 una toma parcial con dictado de clases p\u00fablicas para visibilizar el brutal golpe a las universidades y el sistema\u2026","rel":"","context":"En \u00abEducaci\u00f3n\u00bb","block_context":{"text":"Educaci\u00f3n","link":"https:\/\/www.hoymercedes.com.ar\/principal\/category\/educacion\/"},"img":{"alt_text":"UNLu: protesta con toma del rectorado con clases p\u00fablicas","src":"https:\/\/i0.wp.com\/www.hoymercedes.com.ar\/principal\/wp-content\/uploads\/2024\/10\/Asamblea.jpg?resize=350%2C200&ssl=1","width":350,"height":200,"srcset":"https:\/\/i0.wp.com\/www.hoymercedes.com.ar\/principal\/wp-content\/uploads\/2024\/10\/Asamblea.jpg?resize=350%2C200&ssl=1 1x, https:\/\/i0.wp.com\/www.hoymercedes.com.ar\/principal\/wp-content\/uploads\/2024\/10\/Asamblea.jpg?resize=525%2C300&ssl=1 1.5x, https:\/\/i0.wp.com\/www.hoymercedes.com.ar\/principal\/wp-content\/uploads\/2024\/10\/Asamblea.jpg?resize=700%2C400&ssl=1 2x, https:\/\/i0.wp.com\/www.hoymercedes.com.ar\/principal\/wp-content\/uploads\/2024\/10\/Asamblea.jpg?resize=1050%2C600&ssl=1 3x, https:\/\/i0.wp.com\/www.hoymercedes.com.ar\/principal\/wp-content\/uploads\/2024\/10\/Asamblea.jpg?resize=1400%2C800&ssl=1 4x"},"classes":[]},{"id":187410,"url":"https:\/\/www.hoymercedes.com.ar\/principal\/2025\/09\/01\/unlu-se-viene-un-nuevo-paro-docente-de-48hs\/","url_meta":{"origin":80192,"position":3},"title":"UNLu: se viene un nuevo paro docente de 48hs","author":"hoymercedes","date":"1 septiembre, 2025","format":false,"excerpt":"La Asociaci\u00f3n de Docentes de la Universidad Nacional de Luj\u00e1n (ADUNLu) anunci\u00f3 que se sumar\u00e1 al paro nacional universitario de 48 horas programado para los d\u00edas 1 y 2 de septiembre. La medida se enmarca en el plan de lucha que los gremios universitarios llevan adelante desde mediados de a\u00f1o,\u2026","rel":"","context":"En \u00abSociedad\u00bb","block_context":{"text":"Sociedad","link":"https:\/\/www.hoymercedes.com.ar\/principal\/category\/sociedad\/"},"img":{"alt_text":"Docentes de ADUNLu se suman al paro de ma\u00f1ana mi\u00e9rcoles 30","src":"https:\/\/i0.wp.com\/www.hoymercedes.com.ar\/principal\/wp-content\/uploads\/2024\/10\/adunlu_marcha2%402x.jpg?resize=350%2C200&ssl=1","width":350,"height":200,"srcset":"https:\/\/i0.wp.com\/www.hoymercedes.com.ar\/principal\/wp-content\/uploads\/2024\/10\/adunlu_marcha2%402x.jpg?resize=350%2C200&ssl=1 1x, https:\/\/i0.wp.com\/www.hoymercedes.com.ar\/principal\/wp-content\/uploads\/2024\/10\/adunlu_marcha2%402x.jpg?resize=525%2C300&ssl=1 1.5x"},"classes":[]},{"id":184775,"url":"https:\/\/www.hoymercedes.com.ar\/principal\/2025\/05\/22\/paro-no-docente-en-la-unlu-la-crisis-universitaria-se-agudiza\/","url_meta":{"origin":80192,"position":4},"title":"Paro no docente en la UNLu: La crisis universitaria se agudiza","author":"hoymercedes","date":"22 mayo, 2025","format":false,"excerpt":"La Universidad Nacional de Luj\u00e1n (UNLu) se ver\u00e1 afectada este viernes por un paro total de actividades de 24 horas convocado por la Federaci\u00f3n del Trabajador de las Universidades Nacionales (FATUN), gremio que agrupa a los trabajadores no docentes. La medida de fuerza, que no incluir\u00e1 concurrencia a los lugares\u2026","rel":"","context":"En \u00abEducaci\u00f3n\u00bb","block_context":{"text":"Educaci\u00f3n","link":"https:\/\/www.hoymercedes.com.ar\/principal\/category\/educacion\/"},"img":{"alt_text":"Docentes de ADUNLu se suman al paro de ma\u00f1ana mi\u00e9rcoles 30","src":"https:\/\/i0.wp.com\/www.hoymercedes.com.ar\/principal\/wp-content\/uploads\/2024\/10\/adunlu_marcha2%402x.jpg?resize=350%2C200&ssl=1","width":350,"height":200,"srcset":"https:\/\/i0.wp.com\/www.hoymercedes.com.ar\/principal\/wp-content\/uploads\/2024\/10\/adunlu_marcha2%402x.jpg?resize=350%2C200&ssl=1 1x, https:\/\/i0.wp.com\/www.hoymercedes.com.ar\/principal\/wp-content\/uploads\/2024\/10\/adunlu_marcha2%402x.jpg?resize=525%2C300&ssl=1 1.5x"},"classes":[]},{"id":76685,"url":"https:\/\/www.hoymercedes.com.ar\/principal\/2018\/06\/01\/docentes-de-la-unlu-rechazan-expresiones-de-gobernadora-vidal\/","url_meta":{"origin":80192,"position":5},"title":"Docentes de la UNLu rechazan expresiones de gobernadora Vidal","author":"hoymercedes","date":"1 junio, 2018","format":false,"excerpt":"Tras los dichos de la gobernadora de la Provincia de Buenos Aires en torno a que hay demasiadas universidades, docentes de distintos espacios realizaron expresiones rechaz\u00e1ndola, entre ellos, donde hay mercedinos, los docentes de la Universidad Nacional de Luj\u00e1n adheridos a la Conadu Hist\u00f3rica. La UNLu es donde m\u00e1s vecinos\u2026","rel":"","context":"En \u00abGremios - Sindicatos\u00bb","block_context":{"text":"Gremios - Sindicatos","link":"https:\/\/www.hoymercedes.com.ar\/principal\/category\/gremios-sindicatos\/"},"img":{"alt_text":"","src":"https:\/\/i0.wp.com\/www.hoymercedes.com.ar\/principal\/wp-content\/uploads\/2018\/05\/adunlu.jpg?resize=350%2C200&ssl=1","width":350,"height":200,"srcset":"https:\/\/i0.wp.com\/www.hoymercedes.com.ar\/principal\/wp-content\/uploads\/2018\/05\/adunlu.jpg?resize=350%2C200&ssl=1 1x, https:\/\/i0.wp.com\/www.hoymercedes.com.ar\/principal\/wp-content\/uploads\/2018\/05\/adunlu.jpg?resize=525%2C300&ssl=1 1.5x, https:\/\/i0.wp.com\/www.hoymercedes.com.ar\/principal\/wp-content\/uploads\/2018\/05\/adunlu.jpg?resize=700%2C400&ssl=1 2x, https:\/\/i0.wp.com\/www.hoymercedes.com.ar\/principal\/wp-content\/uploads\/2018\/05\/adunlu.jpg?resize=1050%2C600&ssl=1 3x"},"classes":[]}],"_links":{"self":[{"href":"https:\/\/www.hoymercedes.com.ar\/principal\/wp-json\/wp\/v2\/posts\/80192","targetHints":{"allow":["GET"]}}],"collection":[{"href":"https:\/\/www.hoymercedes.com.ar\/principal\/wp-json\/wp\/v2\/posts"}],"about":[{"href":"https:\/\/www.hoymercedes.com.ar\/principal\/wp-json\/wp\/v2\/types\/post"}],"author":[{"embeddable":true,"href":"https:\/\/www.hoymercedes.com.ar\/principal\/wp-json\/wp\/v2\/users\/1"}],"replies":[{"embeddable":true,"href":"https:\/\/www.hoymercedes.com.ar\/principal\/wp-json\/wp\/v2\/comments?post=80192"}],"version-history":[{"count":0,"href":"https:\/\/www.hoymercedes.com.ar\/principal\/wp-json\/wp\/v2\/posts\/80192\/revisions"}],"wp:featuredmedia":[{"embeddable":true,"href":"https:\/\/www.hoymercedes.com.ar\/principal\/wp-json\/wp\/v2\/media\/80193"}],"wp:attachment":[{"href":"https:\/\/www.hoymercedes.com.ar\/principal\/wp-json\/wp\/v2\/media?parent=80192"}],"wp:term":[{"taxonomy":"category","embeddable":true,"href":"https:\/\/www.hoymercedes.com.ar\/principal\/wp-json\/wp\/v2\/categories?post=80192"},{"taxonomy":"post_tag","embeddable":true,"href":"https:\/\/www.hoymercedes.com.ar\/principal\/wp-json\/wp\/v2\/tags?post=80192"}],"curies":[{"name":"wp","href":"https:\/\/api.w.org\/{rel}","templated":true}]}}