{"id":80212,"date":"2018-08-22T19:23:06","date_gmt":"2018-08-22T22:23:06","guid":{"rendered":"http:\/\/www.hoymercedes.com.ar\/principal\/?p=80212"},"modified":"2018-08-22T23:26:06","modified_gmt":"2018-08-23T02:26:06","slug":"el-cuidado-de-las-aguas-de-los-rios","status":"publish","type":"post","link":"https:\/\/www.hoymercedes.com.ar\/principal\/2018\/08\/22\/el-cuidado-de-las-aguas-de-los-rios\/","title":{"rendered":"El cuidado de las aguas de los r\u00edos"},"content":{"rendered":"<p>Por Cristi\u00e1n Frers* \u2013 Para el desarrollo de la econom\u00eda el recurso agua es importante, pero para la permanencia de la vida el agua es fundamental. Adem\u00e1s, la calidad de ella que utilizamos perjudica seriamente nuestra supervivencia y la cantidad de que se dispone tiende a disminuir, a medida que pasan los a\u00f1os.<\/p>\n<p>La industrializaci\u00f3n y el crecimiento urbano <a href=\"http:\/\/www.consumer.es\/web\/es\/medio_ambiente\/naturaleza\/2010\/10\/13\/196408.php\" target=\"_blank\" rel=\"noopener\">degradaron los r\u00edos<\/a> en todo el planeta. Sin embargo, cuando se aplican medidas de regeneraci\u00f3n y tratamiento de aguas, los peces vuelven y los ciudadanos disfrutan de nuevo de su r\u00edo y ganan en calidad de vida. As\u00ed se demuestra en siete grandes ciudades en todo el mundo: Basilea (Suiza) r\u00edo Rin, Bilbao (Espa\u00f1a) r\u00eda del Nervi\u00f3n, Chicago (Estados Unidos de Norteam\u00e9rica) r\u00edo Chicago, Copenhague (Dinamarca) canales, Londres (Reino Unido) r\u00edo T\u00e1mesis, Paris (Francia) r\u00edo Sena, Se\u00fal (Corea del Sur) r\u00edo Han y arroyo Cheonggyecheon.<\/p>\n<p>Tomemos como ejemplo el r\u00edo Chicago; \u00e9sta es una de las ciudades m\u00e1s industrializadas de Estados Unidos y las aguas del r\u00edo -del mismo nombre- que atraviesa su centro estaban muy contaminadas. Su brazo sur, que recib\u00eda los principales residuos industriales y de alcantarillado, se conoc\u00eda como el r\u00edo burbujeante. Su regeneraci\u00f3n ha conseguido que, hoy en d\u00eda, sus aguas est\u00e9n habitadas por varias especies de peces y su orilla, en especial la zona llamada Chicago Riverwalk, tenga una gran animaci\u00f3n con restaurantes, bares y actividades acu\u00e1ticas.<\/p>\n<p>En muchos pa\u00edses, incluyendo a la Argentina, la contaminaci\u00f3n de los recursos h\u00eddricos es alarmante y de no emplearse un plan efectivo de recuperaci\u00f3n, en la\u00a0 cual todos los actores de la sociedad se integren para revertir el da\u00f1o, la labor es imposible. Las medidas que se deber\u00edan adoptar son coordinaci\u00f3n entre intendencias o distritos, para evitar los vertidos cloacales e industriales y seguir pol\u00edticas a largo plazo.<\/p>\n<p>R\u00edos contaminados como el Riachuelo en Argentina hay y hubo muchos en el mundo. Los que lograron revertir esa situaci\u00f3n son varios y algunos tienen caracter\u00edsticas similares a la de nuestra cuenca metropolitana.<\/p>\n<p>Para sanear el Rin, en Europa, seis pa\u00edses demostraron una coordinaci\u00f3n admirable y se ganaron el apoyo necesario de la sociedad. En Bilbao limpiaron el r\u00edo gracias a una obra de infraestructura que llev\u00f3 veinticinco a\u00f1os, pero consigui\u00f3 que ning\u00fan desecho cloacal familiar o industrial sea volcado al agua sin pasar por un tratamiento.\u00a0 En Corea del Sur, la purificaci\u00f3n de un r\u00edo de Se\u00fal, entubado por los altos niveles de contaminaci\u00f3n, le permiti\u00f3 a un barrio fundarse nuevamente como polo comercial y tur\u00edstico.<\/p>\n<p>Las principales razones por las que El Riachuelo est\u00e1 contaminado son tres: la descarga de efluentes industriales, \u00a0el vuelco de desechos cloacales vecinales y \u00a0la evacuaci\u00f3n de basura al r\u00edo o en sus costas. Estas condiciones hacen que el aire, el agua y el suelo sean un peligro para quienes viven en \u00e1reas de la cuenca consideradas \u00a0riesgosas. Existen 1.600.000 personas que tienen un elevado riesgo de contraer enfermedades respiratorias: neumonitis, bronquitis cr\u00f3nica, asma, alergia nasal, enfermedades en la piel y problemas intestinales.<\/p>\n<p>Antes de la asunci\u00f3n del gobierno actual, cuyo presidente es Mauricio Macri, las autoridades a cargo del saneamiento del Riachuelo manifestaban que el problema principal radicaba en que la Naci\u00f3n y la Ciudad, que eran de diferente partido pol\u00edtico, no se pod\u00edan poner de acuerdo. Hoy, esa situaci\u00f3n cambi\u00f3, dado que la Naci\u00f3n, la Ciudad y la provincia de Buenos Aires responden a un mismo espacio, pero la gesti\u00f3n contin\u00faa empantanada.<\/p>\n<p>Las mejoras en el Riachuelo podr\u00edan empezar a verse en el a\u00f1o 2025. Aunque con fechas dis\u00edmiles, este es el a\u00f1o que la Autoridad de Cuenca Matanza Riachuelo (Acumar) puso como plazo m\u00e1ximo para las distintas acciones que debe llevar adelante para conseguir el saneamiento del r\u00edo. El mayor problema es la atenci\u00f3n sanitaria, la m\u00e1s relegada.<\/p>\n<p>Las obras de infraestructura, que incluyen el emisario subfluvial que llevar\u00e1 las cloacas a aguas abiertas, estar\u00e1n listas para el a\u00f1o 2023, seg\u00fan el cronograma oficial y, la planta de tratamiento de las curtiembres, en 2021. Los planes de gesti\u00f3n de residuos se trabajar\u00e1n con los municipios y seguir\u00e1 la limpieza de espejo, una de las pocas acciones que se han mantenido en el tiempo. La relocalizaci\u00f3n de vecinos tambi\u00e9n culminar\u00e1 en 2025.<\/p>\n<p>Los plazos de obra no significan que vaya a haber saneamiento. Simplemente son planificaciones que no se sabe si se concretar\u00e1n. El plan sanitario siempre se deja para lo \u00faltimo y muestra \u00a0cu\u00e1l es la prioridad de la pol\u00edtica de Estado.<\/p>\n<p>El saneamiento del T\u00e1mesis demand\u00f3 cuarenta a\u00f1os, el del Rin, en Alemania, otro tanto.<\/p>\n<p>En la Argentina desde el Primer Triunvirato hubo normas que pretenden reducir la contaminaci\u00f3n del Riachuelo, parad\u00f3jicamente, en donde naci\u00f3 la Ciudad.<\/p>\n<p>M\u00e1s de doscientos a\u00f1os de contaminaci\u00f3n transcurrieron y las aguas siguen turbias.<\/p>\n<p>*Cristi\u00e1n Frers \u2013 T\u00e9cnico Superior en Gesti\u00f3n Ambiental y T\u00e9cnico Superior en Comunicaci\u00f3n Social (Periodista).<\/p>\n<p>&nbsp;<\/p>\n","protected":false},"excerpt":{"rendered":"<p>Por Cristi\u00e1n Frers* \u2013 Para el desarrollo de la econom\u00eda el recurso agua es importante, pero para la permanencia de &#8230; <a title=\"El cuidado de las aguas de los r\u00edos\" class=\"read-more\" href=\"https:\/\/www.hoymercedes.com.ar\/principal\/2018\/08\/22\/el-cuidado-de-las-aguas-de-los-rios\/\" aria-label=\"Leer m\u00e1s sobre El cuidado de las aguas de los r\u00edos\">Leer m\u00e1s<\/a><\/p>\n","protected":false},"author":1,"featured_media":75198,"comment_status":"closed","ping_status":"open","sticky":false,"template":"","format":"standard","meta":{"_monsterinsights_skip_tracking":false,"_monsterinsights_sitenote_active":false,"_monsterinsights_sitenote_note":"","_monsterinsights_sitenote_category":0,"jetpack_post_was_ever_published":false,"_jetpack_newsletter_access":"","_jetpack_dont_email_post_to_subs":false,"_jetpack_newsletter_tier_id":0,"_jetpack_memberships_contains_paywalled_content":false,"_jetpack_memberships_contains_paid_content":false,"footnotes":"","jetpack_publicize_message":"","jetpack_publicize_feature_enabled":true,"jetpack_social_post_already_shared":true,"jetpack_social_options":{"image_generator_settings":{"template":"highway","default_image_id":0,"font":"","enabled":false},"version":2},"_wpas_customize_per_network":false},"categories":[1],"tags":[8748,402,7802],"class_list":["post-80212","post","type-post","status-publish","format-standard","has-post-thumbnail","hentry","category-opinion","tag-opinion","tag-rio-lujan","tag-sociedad","generate-columns","tablet-grid-50","mobile-grid-100","grid-parent","grid-50"],"jetpack_publicize_connections":[],"jetpack_featured_media_url":"https:\/\/www.hoymercedes.com.ar\/principal\/wp-content\/uploads\/2018\/04\/rio-29.4.18.jpg","wps_subtitle":"Medio ambiente","jetpack_sharing_enabled":true,"jetpack-related-posts":[{"id":81142,"url":"https:\/\/www.hoymercedes.com.ar\/principal\/2018\/09\/16\/la-lucha-contra-la-contaminacion-de-los-rios\/","url_meta":{"origin":80212,"position":0},"title":"La lucha contra la contaminaci\u00f3n de los r\u00edos","author":"hoymercedes","date":"16 septiembre, 2018","format":false,"excerpt":"Cristi\u00e1n Frers* - \u00bfSomos conscientes de la importancia del agua en el mundo y de la importancia de la biodiversidad?, \u00bfSomos conscientes de que millones de personas carecen de acceso al agua potable?, \u00bfSomos conscientes de cu\u00e1ntos millones de personas mueren cada a\u00f1o, principalmente ni\u00f1os, de enfermedades causadas por el\u2026","rel":"","context":"En \u00abOpini\u00f3n\u00bb","block_context":{"text":"Opini\u00f3n","link":"https:\/\/www.hoymercedes.com.ar\/principal\/category\/opinion\/"},"img":{"alt_text":"","src":"https:\/\/i0.wp.com\/www.hoymercedes.com.ar\/principal\/wp-content\/uploads\/2018\/03\/20-rio-areco-700x467.jpg?resize=350%2C200&ssl=1","width":350,"height":200,"srcset":"https:\/\/i0.wp.com\/www.hoymercedes.com.ar\/principal\/wp-content\/uploads\/2018\/03\/20-rio-areco-700x467.jpg?resize=350%2C200&ssl=1 1x, https:\/\/i0.wp.com\/www.hoymercedes.com.ar\/principal\/wp-content\/uploads\/2018\/03\/20-rio-areco-700x467.jpg?resize=525%2C300&ssl=1 1.5x, https:\/\/i0.wp.com\/www.hoymercedes.com.ar\/principal\/wp-content\/uploads\/2018\/03\/20-rio-areco-700x467.jpg?resize=700%2C400&ssl=1 2x"},"classes":[]},{"id":82831,"url":"https:\/\/www.hoymercedes.com.ar\/principal\/2018\/10\/21\/el-impulso-de-humedales-artificiales\/","url_meta":{"origin":80212,"position":1},"title":"El impulso de humedales artificiales","author":"hoymercedes","date":"21 octubre, 2018","format":false,"excerpt":"Cristian Frers* - \u201cMiles de personas han sobrevivido sin amor, ninguna sin agua\u201d. El agua es fundamental para la vida, ya que sin ella simplemente no podr\u00eda subsistir ning\u00fan ser vivo. No en vano, cualquier sociedad industrial usa enormes cantidades de agua para la vida diaria, algo que demuestra la\u2026","rel":"","context":"En \u00abOpini\u00f3n\u00bb","block_context":{"text":"Opini\u00f3n","link":"https:\/\/www.hoymercedes.com.ar\/principal\/category\/opinion\/"},"img":{"alt_text":"","src":"https:\/\/i0.wp.com\/www.hoymercedes.com.ar\/principal\/wp-content\/uploads\/2017\/07\/10-humedales.jpg?resize=350%2C200&ssl=1","width":350,"height":200,"srcset":"https:\/\/i0.wp.com\/www.hoymercedes.com.ar\/principal\/wp-content\/uploads\/2017\/07\/10-humedales.jpg?resize=350%2C200&ssl=1 1x, https:\/\/i0.wp.com\/www.hoymercedes.com.ar\/principal\/wp-content\/uploads\/2017\/07\/10-humedales.jpg?resize=525%2C300&ssl=1 1.5x"},"classes":[]},{"id":89524,"url":"https:\/\/www.hoymercedes.com.ar\/principal\/2019\/03\/15\/como-solucionar-el-problema-de-contaminacion-en-aguas-por-medio-de-humedales-artificiales\/","url_meta":{"origin":80212,"position":2},"title":"Como solucionar el problema de contaminaci\u00f3n en aguas por medio de humedales artificiales","author":"hoymercedes","date":"15 marzo, 2019","format":false,"excerpt":"Por Cristi\u00e1n Frers* - Los humedales artificiales son zonas construidas por el hombre en las que, de forma controlada, se reproducen mecanismos de eliminaci\u00f3n de contaminantes presentes en aguas residuales, que se dan en los humedales naturales mediante procesos f\u00edsicos, biol\u00f3gicos y qu\u00edmicos. El agua residual est\u00e1 compuesta de una\u2026","rel":"","context":"En \u00abOpini\u00f3n\u00bb","block_context":{"text":"Opini\u00f3n","link":"https:\/\/www.hoymercedes.com.ar\/principal\/category\/opinion\/"},"img":{"alt_text":"","src":"https:\/\/i0.wp.com\/www.hoymercedes.com.ar\/principal\/wp-content\/uploads\/2019\/03\/15-contaminacion-agua.jpg?resize=350%2C200&ssl=1","width":350,"height":200,"srcset":"https:\/\/i0.wp.com\/www.hoymercedes.com.ar\/principal\/wp-content\/uploads\/2019\/03\/15-contaminacion-agua.jpg?resize=350%2C200&ssl=1 1x, https:\/\/i0.wp.com\/www.hoymercedes.com.ar\/principal\/wp-content\/uploads\/2019\/03\/15-contaminacion-agua.jpg?resize=525%2C300&ssl=1 1.5x, https:\/\/i0.wp.com\/www.hoymercedes.com.ar\/principal\/wp-content\/uploads\/2019\/03\/15-contaminacion-agua.jpg?resize=700%2C400&ssl=1 2x"},"classes":[]},{"id":29463,"url":"https:\/\/www.hoymercedes.com.ar\/principal\/2014\/01\/24\/mic-manifiesta-su-preocupacion-sobre-el-estado-del-rio-lujan\/","url_meta":{"origin":80212,"position":3},"title":"MIC manifiesta su preocupaci\u00f3n sobre el estado del R\u00edo Luj\u00e1n","author":"hoymercedes","date":"24 enero, 2014","format":false,"excerpt":"Por MIC Mercedes \/\/\u00a0 Causo sorpresa (o no tanto)en los mercedinos durante el fin de semana primero, la aparici\u00f3n de miles de peces muertos, y d\u00edas m\u00e1s tarde la formaci\u00f3n de una espesa capa de espuma que cubri\u00f3 las aguas del Rio Lujan; ambos fen\u00f3menos visibles sobre todo en el\u2026","rel":"","context":"En \u00abOpini\u00f3n\u00bb","block_context":{"text":"Opini\u00f3n","link":"https:\/\/www.hoymercedes.com.ar\/principal\/category\/opinion\/"},"img":{"alt_text":"pecesmuertos-2014","src":"https:\/\/i0.wp.com\/www.hoymercedes.com.ar\/principal\/wp-content\/uploads\/2014\/01\/pecesmuertos-20141.jpg?resize=350%2C200","width":350,"height":200,"srcset":"https:\/\/i0.wp.com\/www.hoymercedes.com.ar\/principal\/wp-content\/uploads\/2014\/01\/pecesmuertos-20141.jpg?resize=350%2C200 1x, https:\/\/i0.wp.com\/www.hoymercedes.com.ar\/principal\/wp-content\/uploads\/2014\/01\/pecesmuertos-20141.jpg?resize=525%2C300 1.5x"},"classes":[]},{"id":106334,"url":"https:\/\/www.hoymercedes.com.ar\/principal\/2020\/02\/17\/como-cuidar-las-aguas-de-un-rio-y-evitar-su-contaminacion\/","url_meta":{"origin":80212,"position":4},"title":"Como cuidar las aguas de un r\u00edo y evitar su contaminaci\u00f3n","author":"hoymercedes","date":"17 febrero, 2020","format":false,"excerpt":"Por Cristi\u00e1n Frers*- En noviembre del 2006, tome unas muestras del agua del r\u00edo Areco para realizarles unos an\u00e1lisis por P \u2013 PO4 fosfatos (detergentes), en la Facultad de Agronom\u00eda de la UBA \u2013 Catedra de Edafolog\u00eda \u2013 en el Laboratorio de An\u00e1lisis de Suelos, Aguas y Vegetales a cargo\u2026","rel":"","context":"En \u00abOpini\u00f3n\u00bb","block_context":{"text":"Opini\u00f3n","link":"https:\/\/www.hoymercedes.com.ar\/principal\/category\/opinion\/"},"img":{"alt_text":"","src":"https:\/\/i0.wp.com\/www.hoymercedes.com.ar\/principal\/wp-content\/uploads\/2020\/02\/17-rio-areco.jpg?resize=350%2C200&ssl=1","width":350,"height":200,"srcset":"https:\/\/i0.wp.com\/www.hoymercedes.com.ar\/principal\/wp-content\/uploads\/2020\/02\/17-rio-areco.jpg?resize=350%2C200&ssl=1 1x, https:\/\/i0.wp.com\/www.hoymercedes.com.ar\/principal\/wp-content\/uploads\/2020\/02\/17-rio-areco.jpg?resize=525%2C300&ssl=1 1.5x"},"classes":[]},{"id":12534,"url":"https:\/\/www.hoymercedes.com.ar\/principal\/2012\/04\/29\/presentacion-de-s-o-s-habitat-y-adonis-giorgi\/","url_meta":{"origin":80212,"position":5},"title":"Presentaci\u00f3n de S.O.S H\u00e1bitat y Adonis Giorgi","author":"hoymercedes","date":"29 abril, 2012","format":false,"excerpt":"El jueves 26 de abril, en el I.S.F.D n\u00b0 137, se realiz\u00f3 la disertaci\u00f3n del doctor Adonis Giorgi, organizado por la asociaci\u00f3n civil S.O.S H\u00c1BITAT. La tem\u00e1tica de la charla fue la capacidad de autodepuraci\u00f3n de los r\u00edos Reconquista y Luj\u00e1n. Giorgi comenz\u00f3 su disertaci\u00f3n haciendo alusi\u00f3n al r\u00edo global:\u2026","rel":"","context":"En \u00abEducaci\u00f3n\u00bb","block_context":{"text":"Educaci\u00f3n","link":"https:\/\/www.hoymercedes.com.ar\/principal\/category\/educacion\/"},"img":{"alt_text":"","src":"https:\/\/i0.wp.com\/www.hoymercedes.com.ar\/principal\/wp-content\/uploads\/2012\/04\/Adonis-Presentaci%C3%B3n-S.O.S-Habitad.jpg?resize=350%2C200","width":350,"height":200,"srcset":"https:\/\/i0.wp.com\/www.hoymercedes.com.ar\/principal\/wp-content\/uploads\/2012\/04\/Adonis-Presentaci%C3%B3n-S.O.S-Habitad.jpg?resize=350%2C200 1x, https:\/\/i0.wp.com\/www.hoymercedes.com.ar\/principal\/wp-content\/uploads\/2012\/04\/Adonis-Presentaci%C3%B3n-S.O.S-Habitad.jpg?resize=525%2C300 1.5x"},"classes":[]}],"_links":{"self":[{"href":"https:\/\/www.hoymercedes.com.ar\/principal\/wp-json\/wp\/v2\/posts\/80212","targetHints":{"allow":["GET"]}}],"collection":[{"href":"https:\/\/www.hoymercedes.com.ar\/principal\/wp-json\/wp\/v2\/posts"}],"about":[{"href":"https:\/\/www.hoymercedes.com.ar\/principal\/wp-json\/wp\/v2\/types\/post"}],"author":[{"embeddable":true,"href":"https:\/\/www.hoymercedes.com.ar\/principal\/wp-json\/wp\/v2\/users\/1"}],"replies":[{"embeddable":true,"href":"https:\/\/www.hoymercedes.com.ar\/principal\/wp-json\/wp\/v2\/comments?post=80212"}],"version-history":[{"count":0,"href":"https:\/\/www.hoymercedes.com.ar\/principal\/wp-json\/wp\/v2\/posts\/80212\/revisions"}],"wp:featuredmedia":[{"embeddable":true,"href":"https:\/\/www.hoymercedes.com.ar\/principal\/wp-json\/wp\/v2\/media\/75198"}],"wp:attachment":[{"href":"https:\/\/www.hoymercedes.com.ar\/principal\/wp-json\/wp\/v2\/media?parent=80212"}],"wp:term":[{"taxonomy":"category","embeddable":true,"href":"https:\/\/www.hoymercedes.com.ar\/principal\/wp-json\/wp\/v2\/categories?post=80212"},{"taxonomy":"post_tag","embeddable":true,"href":"https:\/\/www.hoymercedes.com.ar\/principal\/wp-json\/wp\/v2\/tags?post=80212"}],"curies":[{"name":"wp","href":"https:\/\/api.w.org\/{rel}","templated":true}]}}