{"id":80220,"date":"2018-08-23T09:26:15","date_gmt":"2018-08-23T12:26:15","guid":{"rendered":"http:\/\/www.hoymercedes.com.ar\/principal\/?p=80220"},"modified":"2018-08-23T09:26:15","modified_gmt":"2018-08-23T12:26:15","slug":"diputados-de-asuntos-municipales-reunidos-con-intendentes-ante-la-eliminacion-del-fondo-sojero","status":"publish","type":"post","link":"https:\/\/www.hoymercedes.com.ar\/principal\/2018\/08\/23\/diputados-de-asuntos-municipales-reunidos-con-intendentes-ante-la-eliminacion-del-fondo-sojero\/","title":{"rendered":"Diputados de Asuntos Municipales reunidos con Intendentes ante la eliminaci\u00f3n del Fondo Sojero"},"content":{"rendered":"<p><em><strong>La Comisi\u00f3n que integra el diputado mercedino Carlos Selva invit\u00f3 a jefes comunales de todo el pa\u00eds para plantear el rechazo al DNU. Los Intendentes solicitaron que se retrotraiga el Decreto del Ejecutivo Nacional.<\/strong><\/em><\/p>\n<p><img loading=\"lazy\" decoding=\"async\" data-attachment-id=\"80224\" data-permalink=\"https:\/\/www.hoymercedes.com.ar\/principal\/2018\/08\/23\/diputados-de-asuntos-municipales-reunidos-con-intendentes-ante-la-eliminacion-del-fondo-sojero\/23-selva-municipales-4\/#main\" data-orig-file=\"https:\/\/www.hoymercedes.com.ar\/principal\/wp-content\/uploads\/2018\/08\/23-selva-municipales-4.jpg\" data-orig-size=\"750,500\" data-comments-opened=\"0\" data-image-meta=\"{&quot;aperture&quot;:&quot;4&quot;,&quot;credit&quot;:&quot;FOTOGRAFIA-HCDN&quot;,&quot;camera&quot;:&quot;NIKON D750&quot;,&quot;caption&quot;:&quot;&quot;,&quot;created_timestamp&quot;:&quot;1534934466&quot;,&quot;copyright&quot;:&quot;FOTOGRAFIA_HCDN&quot;,&quot;focal_length&quot;:&quot;24&quot;,&quot;iso&quot;:&quot;2500&quot;,&quot;shutter_speed&quot;:&quot;0.01&quot;,&quot;title&quot;:&quot;&quot;,&quot;orientation&quot;:&quot;1&quot;}\" data-image-title=\"23 selva municipales 4\" data-image-description=\"\" data-image-caption=\"\" data-large-file=\"https:\/\/www.hoymercedes.com.ar\/principal\/wp-content\/uploads\/2018\/08\/23-selva-municipales-4.jpg\" class=\"aligncenter size-medium wp-image-80224\" src=\"https:\/\/www.hoymercedes.com.ar\/principal\/wp-content\/uploads\/2018\/08\/23-selva-municipales-4-630x420.jpg\" alt=\"\" width=\"630\" height=\"420\" srcset=\"https:\/\/www.hoymercedes.com.ar\/principal\/wp-content\/uploads\/2018\/08\/23-selva-municipales-4-630x420.jpg 630w, https:\/\/www.hoymercedes.com.ar\/principal\/wp-content\/uploads\/2018\/08\/23-selva-municipales-4-150x100.jpg 150w, https:\/\/www.hoymercedes.com.ar\/principal\/wp-content\/uploads\/2018\/08\/23-selva-municipales-4.jpg 750w\" sizes=\"auto, (max-width: 630px) 100vw, 630px\" \/><\/p>\n<p>Las comisiones de Obras P\u00fablicas y de Asuntos Municipales en la C\u00e1mara de Diputados de la Naci\u00f3n se reunieron junto a m\u00e1s de 50 intendentes de distintas provincias para analizar las consecuencias del Decreto de Necesidad y Urgencia 756\/18 de eliminaci\u00f3n del Fondo Federal Solidario de la soja.<\/p>\n<p>Presidida por el diputado bonaerense Eduardo Bucca, y que cuenta con el Diputado Carlos Selva entre sus integrantes y vice presidentes se reuni\u00f3 este mi\u00e9rcoles con Jefe Comunales, al igual que la Comisi\u00f3n cuyo titular es el entrerriano Juan Jos\u00e9 Bahillo.<\/p>\n<p>En el encuentro, sin qu\u00f3rum ni presencia de diputados del oficialismo, el titular de Asuntos Municipales, el Diputado Bucca, agradeci\u00f3 a los jefes comunales por asistir al Congreso a debatir e intercambiar ideas, con el fin de lograr retrotraer la decisi\u00f3n del Presidente de la Naci\u00f3n. A su lado, Carlos Selva asent\u00eda.<\/p>\n<p>\u201cEl Gobierno tom\u00f3 una decisi\u00f3n que va profundamente en contra del federalismo que pretendemos para nuestro pa\u00eds y de la autonom\u00eda que creemos que tienen que tener cada uno de los municipios del territorio nacional\u201d, consider\u00f3 el diputado justicialista Bucca. \u201cAl dejar de percibir estos recursos, los vecinos quedan desprotegidos y debemos trabajar para brindarles una mejor calidad de vida\u201d, a\u00f1adi\u00f3 Bucca.<\/p>\n<p><img loading=\"lazy\" decoding=\"async\" data-attachment-id=\"80221\" data-permalink=\"https:\/\/www.hoymercedes.com.ar\/principal\/2018\/08\/23\/diputados-de-asuntos-municipales-reunidos-con-intendentes-ante-la-eliminacion-del-fondo-sojero\/23-selva-municipales-1\/#main\" data-orig-file=\"https:\/\/www.hoymercedes.com.ar\/principal\/wp-content\/uploads\/2018\/08\/23-selva-municipales-1.jpg\" data-orig-size=\"750,500\" data-comments-opened=\"0\" data-image-meta=\"{&quot;aperture&quot;:&quot;0&quot;,&quot;credit&quot;:&quot;&quot;,&quot;camera&quot;:&quot;&quot;,&quot;caption&quot;:&quot;&quot;,&quot;created_timestamp&quot;:&quot;0&quot;,&quot;copyright&quot;:&quot;&quot;,&quot;focal_length&quot;:&quot;0&quot;,&quot;iso&quot;:&quot;0&quot;,&quot;shutter_speed&quot;:&quot;0&quot;,&quot;title&quot;:&quot;&quot;,&quot;orientation&quot;:&quot;0&quot;}\" data-image-title=\"23 selva municipales 1\" data-image-description=\"\" data-image-caption=\"\" data-large-file=\"https:\/\/www.hoymercedes.com.ar\/principal\/wp-content\/uploads\/2018\/08\/23-selva-municipales-1.jpg\" class=\"aligncenter size-medium wp-image-80221\" src=\"https:\/\/www.hoymercedes.com.ar\/principal\/wp-content\/uploads\/2018\/08\/23-selva-municipales-1-630x420.jpg\" alt=\"\" width=\"630\" height=\"420\" srcset=\"https:\/\/www.hoymercedes.com.ar\/principal\/wp-content\/uploads\/2018\/08\/23-selva-municipales-1-630x420.jpg 630w, https:\/\/www.hoymercedes.com.ar\/principal\/wp-content\/uploads\/2018\/08\/23-selva-municipales-1-150x100.jpg 150w, https:\/\/www.hoymercedes.com.ar\/principal\/wp-content\/uploads\/2018\/08\/23-selva-municipales-1.jpg 750w\" sizes=\"auto, (max-width: 630px) 100vw, 630px\" \/><\/p>\n<p>En el mismo sentido, el diputado Juan Jos\u00e9 Bahillo, presidente de Obras P\u00fablicas, afirm\u00f3 que la eliminaci\u00f3n del Fondo Federal Solidario \u201ces una medida incoherente del Gobierno, que est\u00e1 m\u00e1s preocupado por cumplirle al FMI que por lo que le pasa a la sociedad\u201d. En tanto, subray\u00f3 que los recursos del Fondo son una \u201cherramienta b\u00e1sica que permite contener a la sociedad y darle calidad de vida a nuestros vecinos, ya que no es un ahorro y debemos revertir una demanda tan sensible para los municipios\u201d.<\/p>\n<p>Pablo Kosiner, presidente del bloque Justicialista, sostuvo que la eliminaci\u00f3n del Fondo Federal Solidario \u201crepercute directamente en la calidad de vida y en la fuente de trabajo de miles de argentinos\u201d, al tiempo que agreg\u00f3: \u201cSi el Gobierno no revierte la decisi\u00f3n, se generar\u00e1 una profunda crisis social que afectar\u00e1 el derecho p\u00fablico intrafederal\u201d.<\/p>\n<p>Estuvieron presentes los intendentes\u00a0Sa\u00fal Echeveste,\u00a0Ariel Rojas,\u00a0Oscar Zanoli,\u00a0Federico Ortiz,\u00a0Ricardo Delfino\u00a0(La Pampa);\u00a0Juan Manuel Garc\u00eda,\u00a0Jos\u00e9 Luis Garc\u00eda,\u00a0Juan Carlos Plozer,\u00a0Ignacio Rostan,\u00a0Roberto Dom\u00ednguez,\u00a0Ram\u00f3n Pe\u00f1a,\u00a0Jos\u00e9 Panzardi,\u00a0Francisco Winnik,\u00a0Alberto Encina,\u00a0Claudia Gronda,\u00a0Diego Lavia,\u00a0Rafael Carrara,\u00a0Jorge Rodr\u00edguez,\u00a0Isaac Veloso,\u00a0Patricia Lezcano,\u00a0Antonio Rodas,\u00a0Atlanto Honcharuk\u00a0(Chaco);\u00a0Adri\u00e1n Mendieta\u00a0(Jujuy);\u00a0Mario Cuenca,\u00a0Gustavo Sol\u00eds,\u00a0Carlos L\u00f3pez,\u00a0Federico Zacca,\u00a0Fernando Romeri,\u00a0Efrain Orosco,\u00a0Marcelo Mois\u00e9s\u00a0(Salta);\u00a0Ram\u00f3n Barrera,\u00a0Jos\u00e9 Lauritto,\u00a0Esteban Mart\u00edn Piaggio,\u00a0Carlos Oscar Curuchet,\u00a0Leonardo Cergneux,\u00a0Jorge Holzman\u00a0y\u00a0Leonardo Silva\u00a0(Entre R\u00edos).<\/p>\n<p>Tambi\u00e9n los Jefe Comunales: Javier Noguera,\u00a0Dar\u00edo Monteros,\u00a0Jes\u00fas Herrera,\u00a0Jorge Yapura Astorga,\u00a0Leopoldo Rodr\u00edguez,\u00a0Carlos Najar,\u00a0Sergio Venegas(Tucum\u00e1n);\u00a0Fabi\u00e1n Aballay\u00a0(San Juan);\u00a0Cristian P\u00e9rez,\u00a0Rodolfo Flores\u00a0(La Rioja);\u00a0Lorenzo Schmidt\u00a0(Formosa);\u00a0Armando Seco Santamarina,\u00a0Guillermo Ferreyra\u00a0(Catamarca);\u00a0Viviana Campos,\u00a0Alberto Herrera\u00a0(Santiago del Estero);\u00a0Claudio Queno\u00a0(Tierra del Fuego); y\u00a0Marcos Pisano,\u00a0Ver\u00f3nica Magario,\u00a0Gustavo Men\u00e9ndez,\u00a0Javier Osuna\u00a0(Buenos Aires).<\/p>\n<p>Fuente: Prensa Diputados y ANDigital<\/p>\n<p><img loading=\"lazy\" decoding=\"async\" data-attachment-id=\"80223\" data-permalink=\"https:\/\/www.hoymercedes.com.ar\/principal\/2018\/08\/23\/diputados-de-asuntos-municipales-reunidos-con-intendentes-ante-la-eliminacion-del-fondo-sojero\/23-selva-municipales-3\/#main\" data-orig-file=\"https:\/\/www.hoymercedes.com.ar\/principal\/wp-content\/uploads\/2018\/08\/23-selva-municipales-3.jpg\" data-orig-size=\"750,500\" data-comments-opened=\"0\" data-image-meta=\"{&quot;aperture&quot;:&quot;4&quot;,&quot;credit&quot;:&quot;FOTOGRAFIA-HCDN&quot;,&quot;camera&quot;:&quot;NIKON D750&quot;,&quot;caption&quot;:&quot;&quot;,&quot;created_timestamp&quot;:&quot;1534933682&quot;,&quot;copyright&quot;:&quot;FOTOGRAFIA_HCDN&quot;,&quot;focal_length&quot;:&quot;48&quot;,&quot;iso&quot;:&quot;2500&quot;,&quot;shutter_speed&quot;:&quot;0.01&quot;,&quot;title&quot;:&quot;&quot;,&quot;orientation&quot;:&quot;1&quot;}\" data-image-title=\"23 selva municipales 3\" data-image-description=\"\" data-image-caption=\"\" data-large-file=\"https:\/\/www.hoymercedes.com.ar\/principal\/wp-content\/uploads\/2018\/08\/23-selva-municipales-3.jpg\" class=\"aligncenter size-medium wp-image-80223\" src=\"https:\/\/www.hoymercedes.com.ar\/principal\/wp-content\/uploads\/2018\/08\/23-selva-municipales-3-630x420.jpg\" alt=\"\" width=\"630\" height=\"420\" srcset=\"https:\/\/www.hoymercedes.com.ar\/principal\/wp-content\/uploads\/2018\/08\/23-selva-municipales-3-630x420.jpg 630w, https:\/\/www.hoymercedes.com.ar\/principal\/wp-content\/uploads\/2018\/08\/23-selva-municipales-3-150x100.jpg 150w, https:\/\/www.hoymercedes.com.ar\/principal\/wp-content\/uploads\/2018\/08\/23-selva-municipales-3.jpg 750w\" sizes=\"auto, (max-width: 630px) 100vw, 630px\" \/><\/p>\n","protected":false},"excerpt":{"rendered":"<p>La Comisi\u00f3n que integra el diputado mercedino Carlos Selva invit\u00f3 a jefes comunales de todo el pa\u00eds para plantear el &#8230; <a title=\"Diputados de Asuntos Municipales reunidos con Intendentes ante la eliminaci\u00f3n del Fondo Sojero\" class=\"read-more\" href=\"https:\/\/www.hoymercedes.com.ar\/principal\/2018\/08\/23\/diputados-de-asuntos-municipales-reunidos-con-intendentes-ante-la-eliminacion-del-fondo-sojero\/\" aria-label=\"Leer m\u00e1s sobre Diputados de Asuntos Municipales reunidos con Intendentes ante la eliminaci\u00f3n del Fondo Sojero\">Leer m\u00e1s<\/a><\/p>\n","protected":false},"author":1,"featured_media":80223,"comment_status":"closed","ping_status":"open","sticky":false,"template":"","format":"standard","meta":{"_monsterinsights_skip_tracking":false,"_monsterinsights_sitenote_active":false,"_monsterinsights_sitenote_note":"","_monsterinsights_sitenote_category":0,"jetpack_post_was_ever_published":false,"_jetpack_newsletter_access":"","_jetpack_dont_email_post_to_subs":false,"_jetpack_newsletter_tier_id":0,"_jetpack_memberships_contains_paywalled_content":false,"_jetpack_memberships_contains_paid_content":false,"footnotes":"","jetpack_publicize_message":"","jetpack_publicize_feature_enabled":true,"jetpack_social_post_already_shared":true,"jetpack_social_options":{"image_generator_settings":{"template":"highway","default_image_id":0,"font":"","enabled":false},"version":2},"_wpas_customize_per_network":false},"categories":[5210],"tags":[39,9654,161,13630,10113],"class_list":["post-80220","post","type-post","status-publish","format-standard","has-post-thumbnail","hentry","category-politica-nacional","tag-carlos-selva","tag-congreso-nacional","tag-diputados","tag-fondo-sojero","tag-politica-nacional","generate-columns","tablet-grid-50","mobile-grid-100","grid-parent","grid-50"],"jetpack_publicize_connections":[],"jetpack_featured_media_url":"https:\/\/www.hoymercedes.com.ar\/principal\/wp-content\/uploads\/2018\/08\/23-selva-municipales-3.jpg","wps_subtitle":"El mi\u00e9rcoles en el Congreso","jetpack_sharing_enabled":true,"jetpack-related-posts":[{"id":105577,"url":"https:\/\/www.hoymercedes.com.ar\/principal\/2020\/01\/23\/selva-junto-a-intendentes-de-corrientes\/","url_meta":{"origin":80220,"position":0},"title":"Selva junto a Intendentes de Corrientes","author":"hoymercedes","date":"23 enero, 2020","format":false,"excerpt":"El presidente de la C\u00e1mara de Diputados, Sergio Massa, junto a su par Carlos Selva, recibi\u00f3 este martes a jefes comunales de la provincia de Corrientes, con los que comparti\u00f3 inquietudes respecto a la situaci\u00f3n actual que atraviesan en sus municipios. Durante el almuerzo, los intendentes destacaron \u00abla necesidad de\u2026","rel":"","context":"En \u00abPol\u00edtica Nacional\u00bb","block_context":{"text":"Pol\u00edtica Nacional","link":"https:\/\/www.hoymercedes.com.ar\/principal\/category\/politica-nacional\/"},"img":{"alt_text":"","src":"https:\/\/i0.wp.com\/www.hoymercedes.com.ar\/principal\/wp-content\/uploads\/2020\/01\/23-selva-1.jpg?resize=350%2C200&ssl=1","width":350,"height":200,"srcset":"https:\/\/i0.wp.com\/www.hoymercedes.com.ar\/principal\/wp-content\/uploads\/2020\/01\/23-selva-1.jpg?resize=350%2C200&ssl=1 1x, https:\/\/i0.wp.com\/www.hoymercedes.com.ar\/principal\/wp-content\/uploads\/2020\/01\/23-selva-1.jpg?resize=525%2C300&ssl=1 1.5x, https:\/\/i0.wp.com\/www.hoymercedes.com.ar\/principal\/wp-content\/uploads\/2020\/01\/23-selva-1.jpg?resize=700%2C400&ssl=1 2x"},"classes":[]},{"id":75333,"url":"https:\/\/www.hoymercedes.com.ar\/principal\/2018\/05\/03\/carlos-selva-dimos-un-primer-paso-para-encontrar-una-solucion\/","url_meta":{"origin":80220,"position":1},"title":"Carlos Selva: \u201cDimos un primer paso para encontrar una soluci\u00f3n\u201d","author":"hoymercedes","date":"3 mayo, 2018","format":false,"excerpt":"El diputado Carlos Selva, vicepresidente de la Comisi\u00f3n de Asuntos Municipales, valor\u00f3 la reuni\u00f3n mantenida con intendentes bonaerenses. Reclaman por el impacto de las tarifas de servicios p\u00fablicos en sus distritos.\u00a0 Con cr\u00edticas a la gobernadora bonaerense, Mar\u00eda Eugenia Vidal, y al presidente Mauricio Macri, intendentes peronistas, kirchneristas y massistas\u2026","rel":"","context":"En \u00abPol\u00edtica Nacional\u00bb","block_context":{"text":"Pol\u00edtica Nacional","link":"https:\/\/www.hoymercedes.com.ar\/principal\/category\/politica-nacional\/"},"img":{"alt_text":"","src":"https:\/\/i0.wp.com\/www.hoymercedes.com.ar\/principal\/wp-content\/uploads\/2018\/05\/03-Selva-municipios_CVS.jpg?resize=350%2C200&ssl=1","width":350,"height":200,"srcset":"https:\/\/i0.wp.com\/www.hoymercedes.com.ar\/principal\/wp-content\/uploads\/2018\/05\/03-Selva-municipios_CVS.jpg?resize=350%2C200&ssl=1 1x, https:\/\/i0.wp.com\/www.hoymercedes.com.ar\/principal\/wp-content\/uploads\/2018\/05\/03-Selva-municipios_CVS.jpg?resize=525%2C300&ssl=1 1.5x, https:\/\/i0.wp.com\/www.hoymercedes.com.ar\/principal\/wp-content\/uploads\/2018\/05\/03-Selva-municipios_CVS.jpg?resize=700%2C400&ssl=1 2x"},"classes":[]},{"id":100569,"url":"https:\/\/www.hoymercedes.com.ar\/principal\/2019\/09\/28\/selva-fortalecer-los-municipios-va-a-fortalecer-el-gobierno-de-todos-los-argentinos\/","url_meta":{"origin":80220,"position":2},"title":"Selva: \u201cFortalecer los municipios va a fortalecer el Gobierno de todos los argentinos\u201d","author":"hoymercedes","date":"28 septiembre, 2019","format":false,"excerpt":"Este mi\u00e9rcoles el diputado nacional Carlos Selva, junto al intendente de Hurlingham \u201cJuanchi\u201d Zabaleta y los diputados nacionales Pablo Carro, Mirta Tundis, Gustavo Bevilacqua y Rosa Mu\u00f1oz, y el ex Diputado Walter Aguilar, recibi\u00f3 a varios jefes comunales del Departamento de Rio Cuarto, ubicado en la provincia de C\u00f3rdoba. Selva\u2026","rel":"","context":"En \u00abPol\u00edtica Nacional\u00bb","block_context":{"text":"Pol\u00edtica Nacional","link":"https:\/\/www.hoymercedes.com.ar\/principal\/category\/politica-nacional\/"},"img":{"alt_text":"","src":"https:\/\/i0.wp.com\/www.hoymercedes.com.ar\/principal\/wp-content\/uploads\/2019\/09\/28-carlos-selva.jpg?resize=350%2C200&ssl=1","width":350,"height":200,"srcset":"https:\/\/i0.wp.com\/www.hoymercedes.com.ar\/principal\/wp-content\/uploads\/2019\/09\/28-carlos-selva.jpg?resize=350%2C200&ssl=1 1x, https:\/\/i0.wp.com\/www.hoymercedes.com.ar\/principal\/wp-content\/uploads\/2019\/09\/28-carlos-selva.jpg?resize=525%2C300&ssl=1 1.5x, https:\/\/i0.wp.com\/www.hoymercedes.com.ar\/principal\/wp-content\/uploads\/2019\/09\/28-carlos-selva.jpg?resize=700%2C400&ssl=1 2x"},"classes":[]},{"id":73768,"url":"https:\/\/www.hoymercedes.com.ar\/principal\/2018\/03\/23\/selva-es-el-vicepresidente-de-la-comision-de-asuntos-municipales-en-diputados\/","url_meta":{"origin":80220,"position":3},"title":"Selva es el vicepresidente de la Comisi\u00f3n de Asuntos Municipales en Diputados","author":"hoymercedes","date":"23 marzo, 2018","format":false,"excerpt":"El Diputado Nacional\u00a0Carlos Selva fue electo vicepresidente de la Comisi\u00f3n de Asuntos Municipales de la C\u00e1mara de Diputados en el marco de la\u00a0reuni\u00f3n constitutiva de dicha comisi\u00f3n. \u201cHay problem\u00e1ticas serias\u201d, reconoci\u00f3 el legislador. \u201cEs un orgullo poder aportar a la visibilizaci\u00f3n de las problem\u00e1ticas y realidades de los municipios\u201d, dijo\u2026","rel":"","context":"En \u00abPol\u00edtica Nacional\u00bb","block_context":{"text":"Pol\u00edtica Nacional","link":"https:\/\/www.hoymercedes.com.ar\/principal\/category\/politica-nacional\/"},"img":{"alt_text":"","src":"https:\/\/i0.wp.com\/www.hoymercedes.com.ar\/principal\/wp-content\/uploads\/2018\/03\/23-Selva-comision.jpg?resize=350%2C200&ssl=1","width":350,"height":200,"srcset":"https:\/\/i0.wp.com\/www.hoymercedes.com.ar\/principal\/wp-content\/uploads\/2018\/03\/23-Selva-comision.jpg?resize=350%2C200&ssl=1 1x, https:\/\/i0.wp.com\/www.hoymercedes.com.ar\/principal\/wp-content\/uploads\/2018\/03\/23-Selva-comision.jpg?resize=525%2C300&ssl=1 1.5x, https:\/\/i0.wp.com\/www.hoymercedes.com.ar\/principal\/wp-content\/uploads\/2018\/03\/23-Selva-comision.jpg?resize=700%2C400&ssl=1 2x"},"classes":[]},{"id":103002,"url":"https:\/\/www.hoymercedes.com.ar\/principal\/2019\/11\/26\/selva-el-camino-de-la-argentina-es-con-crecimiento\/","url_meta":{"origin":80220,"position":4},"title":"Selva: \u201cEl camino de la Argentina es con crecimiento\u201d","author":"hoymercedes","date":"26 noviembre, 2019","format":false,"excerpt":"El viernes el diputado nacional Carlos Selva particip\u00f3 activamente del primer Encuentro de Integraci\u00f3n y Desarrollo Regional del departamento de R\u00edo Cuarto, en la provincia de C\u00f3rdoba. Fue organizado por los intendentes de Achiras, Adella Maria, Bulnes, Chaj\u00e1n, Elena, Holmberg, Las Acequias, Las Abacas, Malena, Sampacho y San Bacilio, y\u2026","rel":"","context":"En \u00abPol\u00edtica Nacional\u00bb","block_context":{"text":"Pol\u00edtica Nacional","link":"https:\/\/www.hoymercedes.com.ar\/principal\/category\/politica-nacional\/"},"img":{"alt_text":"","src":"https:\/\/i0.wp.com\/www.hoymercedes.com.ar\/principal\/wp-content\/uploads\/2019\/11\/26-selvaa.jpg?resize=350%2C200&ssl=1","width":350,"height":200,"srcset":"https:\/\/i0.wp.com\/www.hoymercedes.com.ar\/principal\/wp-content\/uploads\/2019\/11\/26-selvaa.jpg?resize=350%2C200&ssl=1 1x, https:\/\/i0.wp.com\/www.hoymercedes.com.ar\/principal\/wp-content\/uploads\/2019\/11\/26-selvaa.jpg?resize=525%2C300&ssl=1 1.5x, https:\/\/i0.wp.com\/www.hoymercedes.com.ar\/principal\/wp-content\/uploads\/2019\/11\/26-selvaa.jpg?resize=700%2C400&ssl=1 2x"},"classes":[]},{"id":125233,"url":"https:\/\/www.hoymercedes.com.ar\/principal\/2021\/02\/23\/selva-destaca-compromiso-del-gobierno-con-la-clase-trabajadora\/","url_meta":{"origin":80220,"position":5},"title":"Selva destaca \u201ccompromiso\u201d del gobierno con la clase trabajadora","author":"hoymercedes","date":"23 febrero, 2021","format":false,"excerpt":"\u201cNuestro Presidente Alberto Fern\u00e1ndez incluy\u00f3 por decreto en el temario de sesiones extraordinarias, el proyecto de ley de Sergio Massa que busca cambiar el piso para el impuesto a las ganancias\u201d, destac\u00f3 el diputado nacional Carlos Selva, del Frente de Todos. \u201cEste alivio fiscal marca el fuerte compromiso del Gobierno\u2026","rel":"","context":"En \u00abPol\u00edtica Nacional\u00bb","block_context":{"text":"Pol\u00edtica Nacional","link":"https:\/\/www.hoymercedes.com.ar\/principal\/category\/politica-nacional\/"},"img":{"alt_text":"","src":"https:\/\/i0.wp.com\/www.hoymercedes.com.ar\/principal\/wp-content\/uploads\/2020\/11\/18-selva-sesion-1.jpg?resize=350%2C200&ssl=1","width":350,"height":200,"srcset":"https:\/\/i0.wp.com\/www.hoymercedes.com.ar\/principal\/wp-content\/uploads\/2020\/11\/18-selva-sesion-1.jpg?resize=350%2C200&ssl=1 1x, https:\/\/i0.wp.com\/www.hoymercedes.com.ar\/principal\/wp-content\/uploads\/2020\/11\/18-selva-sesion-1.jpg?resize=525%2C300&ssl=1 1.5x, https:\/\/i0.wp.com\/www.hoymercedes.com.ar\/principal\/wp-content\/uploads\/2020\/11\/18-selva-sesion-1.jpg?resize=700%2C400&ssl=1 2x"},"classes":[]}],"_links":{"self":[{"href":"https:\/\/www.hoymercedes.com.ar\/principal\/wp-json\/wp\/v2\/posts\/80220","targetHints":{"allow":["GET"]}}],"collection":[{"href":"https:\/\/www.hoymercedes.com.ar\/principal\/wp-json\/wp\/v2\/posts"}],"about":[{"href":"https:\/\/www.hoymercedes.com.ar\/principal\/wp-json\/wp\/v2\/types\/post"}],"author":[{"embeddable":true,"href":"https:\/\/www.hoymercedes.com.ar\/principal\/wp-json\/wp\/v2\/users\/1"}],"replies":[{"embeddable":true,"href":"https:\/\/www.hoymercedes.com.ar\/principal\/wp-json\/wp\/v2\/comments?post=80220"}],"version-history":[{"count":0,"href":"https:\/\/www.hoymercedes.com.ar\/principal\/wp-json\/wp\/v2\/posts\/80220\/revisions"}],"wp:featuredmedia":[{"embeddable":true,"href":"https:\/\/www.hoymercedes.com.ar\/principal\/wp-json\/wp\/v2\/media\/80223"}],"wp:attachment":[{"href":"https:\/\/www.hoymercedes.com.ar\/principal\/wp-json\/wp\/v2\/media?parent=80220"}],"wp:term":[{"taxonomy":"category","embeddable":true,"href":"https:\/\/www.hoymercedes.com.ar\/principal\/wp-json\/wp\/v2\/categories?post=80220"},{"taxonomy":"post_tag","embeddable":true,"href":"https:\/\/www.hoymercedes.com.ar\/principal\/wp-json\/wp\/v2\/tags?post=80220"}],"curies":[{"name":"wp","href":"https:\/\/api.w.org\/{rel}","templated":true}]}}