{"id":80226,"date":"2018-08-23T12:36:13","date_gmt":"2018-08-23T15:36:13","guid":{"rendered":"http:\/\/www.hoymercedes.com.ar\/principal\/?p=80226"},"modified":"2018-08-23T10:02:07","modified_gmt":"2018-08-23T13:02:07","slug":"el-area-de-salud-mental-del-dubarry-expone-en-el-museo-de-arte","status":"publish","type":"post","link":"https:\/\/www.hoymercedes.com.ar\/principal\/2018\/08\/23\/el-area-de-salud-mental-del-dubarry-expone-en-el-museo-de-arte\/","title":{"rendered":"El \u00e1rea de Salud Mental del Dubarry expone en el Museo de Arte"},"content":{"rendered":"<p>Hasta el d\u00eda viernes alumnos de la extensi\u00f3n de la Primaria de Adultos 702 y pacientes del \u00e1rea de Salud Mental del Hospital Blas L. Dubarry exponen en el Museo de Arte Municipalidad de Mercedes los trabajos de artes pl\u00e1sticas realizados en el taller art\u00edstico que complementa las clases del nivel primario.<\/p>\n<p><img loading=\"lazy\" decoding=\"async\" data-attachment-id=\"80229\" data-permalink=\"https:\/\/www.hoymercedes.com.ar\/principal\/2018\/08\/23\/el-area-de-salud-mental-del-dubarry-expone-en-el-museo-de-arte\/23-salud-mental-3\/#main\" data-orig-file=\"https:\/\/www.hoymercedes.com.ar\/principal\/wp-content\/uploads\/2018\/08\/23-salud-mental-3.jpg\" data-orig-size=\"750,500\" data-comments-opened=\"0\" data-image-meta=\"{&quot;aperture&quot;:&quot;2&quot;,&quot;credit&quot;:&quot;&quot;,&quot;camera&quot;:&quot;Moto G (5S) Plus&quot;,&quot;caption&quot;:&quot;&quot;,&quot;created_timestamp&quot;:&quot;1534934265&quot;,&quot;copyright&quot;:&quot;&quot;,&quot;focal_length&quot;:&quot;3.59&quot;,&quot;iso&quot;:&quot;172&quot;,&quot;shutter_speed&quot;:&quot;0.01&quot;,&quot;title&quot;:&quot;&quot;,&quot;orientation&quot;:&quot;1&quot;}\" data-image-title=\"23 salud mental 3\" data-image-description=\"\" data-image-caption=\"\" data-large-file=\"https:\/\/www.hoymercedes.com.ar\/principal\/wp-content\/uploads\/2018\/08\/23-salud-mental-3.jpg\" class=\"aligncenter size-medium wp-image-80229\" src=\"https:\/\/www.hoymercedes.com.ar\/principal\/wp-content\/uploads\/2018\/08\/23-salud-mental-3-630x420.jpg\" alt=\"\" width=\"630\" height=\"420\" srcset=\"https:\/\/www.hoymercedes.com.ar\/principal\/wp-content\/uploads\/2018\/08\/23-salud-mental-3-630x420.jpg 630w, https:\/\/www.hoymercedes.com.ar\/principal\/wp-content\/uploads\/2018\/08\/23-salud-mental-3-150x100.jpg 150w, https:\/\/www.hoymercedes.com.ar\/principal\/wp-content\/uploads\/2018\/08\/23-salud-mental-3.jpg 750w\" sizes=\"auto, (max-width: 630px) 100vw, 630px\" \/><\/p>\n<p>El mi\u00e9rcoles se llev\u00f3 adelante la inauguraci\u00f3n oficial con la presencia de los estudiantes artistas que en el taller de arte hicieron diferentes trabajos con la coordinaci\u00f3n de la profesora Marina L\u00f3pez. A lo largo de la sala B del MAMM pueden verse los trazos iniciales de los estudiantes que adem\u00e1s con pacientes del Centro de D\u00eda del \u00e1rea de Salud Mental del nosocomio local.<\/p>\n<p>El jefe del \u00e1rea de Salud Mental Dr. Andr\u00e9s Cartelli, junto al Director de la Escuela Primaria N\u00b0 702 Oscar Villa y las docentes Marcela Tob\u00edas \u2013 a cargo de la extensi\u00f3n de la primaria en el Dubarry \u2013 y Marina L\u00f3pez, explicaron en qu\u00e9 consiste el proyecto que une la educaci\u00f3n formal, el arte y el tratamiento ambulatorio, o no, de los pacientes del \u00e1rea.<\/p>\n<p>\u201cLa sala de Salud Mental y Centro de D\u00eda del Hospital cuenta con un taller de arte que se hace semanalmente en la sala. Ac\u00e1 est\u00e1n los estudiantes y pacientes exponiendo los trabajos que hicieron en el taller. El Hospital de D\u00eda y la sala es un \u00e1rea que la gente en general no conoce. Hacer visible este trabajo para nosotros es importante. Desde el \u00e1rea de Salud Mental estamos dando un aporte a la sociedad \u00a0y hay un movimiento m\u00e1s fluido de lo que antes era. Que nos hayan abierto las puertas del Museo para hacerlo visible es emocionante e importante para transmitir este mensaje\u201d, explic\u00f3 el Dr. Cartelli.<\/p>\n<p><img loading=\"lazy\" decoding=\"async\" data-attachment-id=\"80227\" data-permalink=\"https:\/\/www.hoymercedes.com.ar\/principal\/2018\/08\/23\/el-area-de-salud-mental-del-dubarry-expone-en-el-museo-de-arte\/23-salud-mental-1\/#main\" data-orig-file=\"https:\/\/www.hoymercedes.com.ar\/principal\/wp-content\/uploads\/2018\/08\/23-salud-mental-1.jpg\" data-orig-size=\"750,500\" data-comments-opened=\"0\" data-image-meta=\"{&quot;aperture&quot;:&quot;2&quot;,&quot;credit&quot;:&quot;&quot;,&quot;camera&quot;:&quot;Moto G (5S) Plus&quot;,&quot;caption&quot;:&quot;&quot;,&quot;created_timestamp&quot;:&quot;1534936225&quot;,&quot;copyright&quot;:&quot;&quot;,&quot;focal_length&quot;:&quot;3.59&quot;,&quot;iso&quot;:&quot;233&quot;,&quot;shutter_speed&quot;:&quot;0.033333333333333&quot;,&quot;title&quot;:&quot;&quot;,&quot;orientation&quot;:&quot;1&quot;}\" data-image-title=\"23 salud mental 1\" data-image-description=\"\" data-image-caption=\"\" data-large-file=\"https:\/\/www.hoymercedes.com.ar\/principal\/wp-content\/uploads\/2018\/08\/23-salud-mental-1.jpg\" class=\"aligncenter size-medium wp-image-80227\" src=\"https:\/\/www.hoymercedes.com.ar\/principal\/wp-content\/uploads\/2018\/08\/23-salud-mental-1-630x420.jpg\" alt=\"\" width=\"630\" height=\"420\" srcset=\"https:\/\/www.hoymercedes.com.ar\/principal\/wp-content\/uploads\/2018\/08\/23-salud-mental-1-630x420.jpg 630w, https:\/\/www.hoymercedes.com.ar\/principal\/wp-content\/uploads\/2018\/08\/23-salud-mental-1-150x100.jpg 150w, https:\/\/www.hoymercedes.com.ar\/principal\/wp-content\/uploads\/2018\/08\/23-salud-mental-1.jpg 750w\" sizes=\"auto, (max-width: 630px) 100vw, 630px\" \/><\/p>\n<p>A su lado, la docente a cargo de la extensi\u00f3n educativa cont\u00f3 a\u00f1os anteriores el taller era de m\u00fasica y este a\u00f1o se centraron en el arte pl\u00e1stico. \u201cAl taller y a la escuela no solo los que est\u00e1n internados participan. Muchos que est\u00e1n mejor y est\u00e1n externados, vienen a la escuela a estudiar y participan del taller. Encontraron un lugar de pertenencia y un espacio para comunicarse por m\u00e1s que no tengan obligaci\u00f3n de ir\u201d, agreg\u00f3 la maestra Tob\u00edas.<\/p>\n<p>\u201cLa idea era que los estudiantes y pacientes expresen a trav\u00e9s de la pintura lo que tal vez no puedan expresar con sus palabras. A m\u00ed no me gusta interferir en el trabajo de cada alumno para no cambiarles el mensaje. As\u00ed que ellos jugaron mucho con el color y las formas\u201d, agreg\u00f3 la profesora de Arte.<\/p>\n<p>\u201cEs emocionante la tarea que hacemos porque rompemos cadenas con la educaci\u00f3n y con una educaci\u00f3n a trav\u00e9s del arte. Va m\u00e1s all\u00e1 de la lectura y la escritura, en un espacio donde se apuesta a la inclusi\u00f3n social\u201d, agreg\u00f3 el director de la escuela.<\/p>\n<p>La muestra puede visitarse en el horario del Museo de Arte (MAMM) hasta el d\u00eda viernes inclusive.<\/p>\n<p><img loading=\"lazy\" decoding=\"async\" data-attachment-id=\"80228\" data-permalink=\"https:\/\/www.hoymercedes.com.ar\/principal\/2018\/08\/23\/el-area-de-salud-mental-del-dubarry-expone-en-el-museo-de-arte\/23-salud-mental-2\/#main\" data-orig-file=\"https:\/\/www.hoymercedes.com.ar\/principal\/wp-content\/uploads\/2018\/08\/23-salud-mental-2.jpg\" data-orig-size=\"750,500\" data-comments-opened=\"0\" data-image-meta=\"{&quot;aperture&quot;:&quot;2&quot;,&quot;credit&quot;:&quot;&quot;,&quot;camera&quot;:&quot;Moto G (5S) Plus&quot;,&quot;caption&quot;:&quot;&quot;,&quot;created_timestamp&quot;:&quot;1534935265&quot;,&quot;copyright&quot;:&quot;&quot;,&quot;focal_length&quot;:&quot;3.59&quot;,&quot;iso&quot;:&quot;359&quot;,&quot;shutter_speed&quot;:&quot;0.03030303030303&quot;,&quot;title&quot;:&quot;&quot;,&quot;orientation&quot;:&quot;1&quot;}\" data-image-title=\"23 salud mental 2\" data-image-description=\"\" data-image-caption=\"\" data-large-file=\"https:\/\/www.hoymercedes.com.ar\/principal\/wp-content\/uploads\/2018\/08\/23-salud-mental-2.jpg\" class=\"aligncenter size-medium wp-image-80228\" src=\"https:\/\/www.hoymercedes.com.ar\/principal\/wp-content\/uploads\/2018\/08\/23-salud-mental-2-630x420.jpg\" alt=\"\" width=\"630\" height=\"420\" srcset=\"https:\/\/www.hoymercedes.com.ar\/principal\/wp-content\/uploads\/2018\/08\/23-salud-mental-2-630x420.jpg 630w, https:\/\/www.hoymercedes.com.ar\/principal\/wp-content\/uploads\/2018\/08\/23-salud-mental-2-150x100.jpg 150w, https:\/\/www.hoymercedes.com.ar\/principal\/wp-content\/uploads\/2018\/08\/23-salud-mental-2.jpg 750w\" sizes=\"auto, (max-width: 630px) 100vw, 630px\" \/><\/p>\n","protected":false},"excerpt":{"rendered":"<p>Hasta el d\u00eda viernes alumnos de la extensi\u00f3n de la Primaria de Adultos 702 y pacientes del \u00e1rea de Salud &#8230; <a title=\"El \u00e1rea de Salud Mental del Dubarry expone en el Museo de Arte\" class=\"read-more\" href=\"https:\/\/www.hoymercedes.com.ar\/principal\/2018\/08\/23\/el-area-de-salud-mental-del-dubarry-expone-en-el-museo-de-arte\/\" aria-label=\"Leer m\u00e1s sobre El \u00e1rea de Salud Mental del Dubarry expone en el Museo de Arte\">Leer m\u00e1s<\/a><\/p>\n","protected":false},"author":1,"featured_media":80228,"comment_status":"closed","ping_status":"open","sticky":false,"template":"","format":"standard","meta":{"_monsterinsights_skip_tracking":false,"_monsterinsights_sitenote_active":false,"_monsterinsights_sitenote_note":"","_monsterinsights_sitenote_category":0,"jetpack_post_was_ever_published":false,"_jetpack_newsletter_access":"","_jetpack_dont_email_post_to_subs":false,"_jetpack_newsletter_tier_id":0,"_jetpack_memberships_contains_paywalled_content":false,"_jetpack_memberships_contains_paid_content":false,"footnotes":"","jetpack_publicize_message":"","jetpack_publicize_feature_enabled":true,"jetpack_social_post_already_shared":true,"jetpack_social_options":{"image_generator_settings":{"template":"highway","default_image_id":0,"font":"","enabled":false},"version":2},"_wpas_customize_per_network":false},"categories":[9791],"tags":[47,624,8674,10,134,5896],"class_list":["post-80226","post","type-post","status-publish","format-standard","has-post-thumbnail","hentry","category-salud","tag-educacion-2","tag-hospital-blas-l-dubarry","tag-mamm","tag-mercedes","tag-salud","tag-salud-mental","generate-columns","tablet-grid-50","mobile-grid-100","grid-parent","grid-50"],"jetpack_publicize_connections":[],"jetpack_featured_media_url":"https:\/\/www.hoymercedes.com.ar\/principal\/wp-content\/uploads\/2018\/08\/23-salud-mental-2.jpg","wps_subtitle":"Educaci\u00f3n en artes pl\u00e1sticas","jetpack_sharing_enabled":true,"_links":{"self":[{"href":"https:\/\/www.hoymercedes.com.ar\/principal\/wp-json\/wp\/v2\/posts\/80226","targetHints":{"allow":["GET"]}}],"collection":[{"href":"https:\/\/www.hoymercedes.com.ar\/principal\/wp-json\/wp\/v2\/posts"}],"about":[{"href":"https:\/\/www.hoymercedes.com.ar\/principal\/wp-json\/wp\/v2\/types\/post"}],"author":[{"embeddable":true,"href":"https:\/\/www.hoymercedes.com.ar\/principal\/wp-json\/wp\/v2\/users\/1"}],"replies":[{"embeddable":true,"href":"https:\/\/www.hoymercedes.com.ar\/principal\/wp-json\/wp\/v2\/comments?post=80226"}],"version-history":[{"count":0,"href":"https:\/\/www.hoymercedes.com.ar\/principal\/wp-json\/wp\/v2\/posts\/80226\/revisions"}],"wp:featuredmedia":[{"embeddable":true,"href":"https:\/\/www.hoymercedes.com.ar\/principal\/wp-json\/wp\/v2\/media\/80228"}],"wp:attachment":[{"href":"https:\/\/www.hoymercedes.com.ar\/principal\/wp-json\/wp\/v2\/media?parent=80226"}],"wp:term":[{"taxonomy":"category","embeddable":true,"href":"https:\/\/www.hoymercedes.com.ar\/principal\/wp-json\/wp\/v2\/categories?post=80226"},{"taxonomy":"post_tag","embeddable":true,"href":"https:\/\/www.hoymercedes.com.ar\/principal\/wp-json\/wp\/v2\/tags?post=80226"}],"curies":[{"name":"wp","href":"https:\/\/api.w.org\/{rel}","templated":true}]}}