{"id":8023,"date":"2011-10-06T14:55:42","date_gmt":"2011-10-06T14:55:42","guid":{"rendered":"http:\/\/www.hoymercedes.com.ar\/principal\/?p=8023"},"modified":"2011-10-06T14:55:42","modified_gmt":"2011-10-06T14:55:42","slug":"secretaria-de-deportes-y-frente-mercedino-en-la-semana-mundial-del-corazon","status":"publish","type":"post","link":"https:\/\/www.hoymercedes.com.ar\/principal\/2011\/10\/06\/secretaria-de-deportes-y-frente-mercedino-en-la-semana-mundial-del-corazon\/","title":{"rendered":"Secretar\u00eda de Deportes y Frente Mercedino en la semana mundial del coraz\u00f3n"},"content":{"rendered":"<p><a href=\"https:\/\/www.hoymercedes.com.ar\/principal\/wp-content\/uploads\/2011\/10\/Jornada-Salud-FMP1.jpg\"><img loading=\"lazy\" decoding=\"async\" data-attachment-id=\"8025\" data-permalink=\"https:\/\/www.hoymercedes.com.ar\/principal\/2011\/10\/06\/secretaria-de-deportes-y-frente-mercedino-en-la-semana-mundial-del-corazon\/jornada-salud-fmp-2\/#main\" data-orig-file=\"https:\/\/www.hoymercedes.com.ar\/principal\/wp-content\/uploads\/2011\/10\/Jornada-Salud-FMP1.jpg\" data-orig-size=\"612,406\" data-comments-opened=\"1\" data-image-meta=\"{&quot;aperture&quot;:&quot;5&quot;,&quot;credit&quot;:&quot;Moreira Mario Hugo    FOTOGRAFIA&quot;,&quot;camera&quot;:&quot;NIKON D300&quot;,&quot;caption&quot;:&quot;&quot;,&quot;created_timestamp&quot;:&quot;1317568875&quot;,&quot;copyright&quot;:&quot;AW Fotografia   Moreira Mario Hugo&quot;,&quot;focal_length&quot;:&quot;18&quot;,&quot;iso&quot;:&quot;200&quot;,&quot;shutter_speed&quot;:&quot;0.0015625&quot;,&quot;title&quot;:&quot;&quot;}\" data-image-title=\"Jornada-Salud-FMP\" data-image-description=\"\" data-image-caption=\"\" data-large-file=\"https:\/\/www.hoymercedes.com.ar\/principal\/wp-content\/uploads\/2011\/10\/Jornada-Salud-FMP1.jpg\" class=\"aligncenter size-full wp-image-8025\" title=\"Jornada-Salud-FMP\" src=\"https:\/\/www.hoymercedes.com.ar\/principal\/wp-content\/uploads\/2011\/10\/Jornada-Salud-FMP1.jpg\" alt=\"\" width=\"612\" height=\"406\" \/><\/a><\/p>\n<p>El domingo 2 de octubre, con una importante cantidad de personas (mas de 300) se conmemoro como en muchas ciudades y Provincias del Pais, LA SEMANA DEL CORAZON , con el apoyo de la Secretaria de Deportes de la Naci\u00f3n y bajo la organizaci\u00f3n de las comisiones de Educaci\u00f3n, Salud y Educaci\u00f3n F\u00edsica y Deportes del Frente Mercedino para la Victoria en las instalaciones del Club Estudiantes, se paso una tarde a puro movimiento.<\/p>\n<p>A partir de las 14 hs fueron llegando las familias y los primeros en disfrutar de las propuestas pedag\u00f3gicas fueron los ni\u00f1os , que se animaron a trepar la palestra, caminar sobre Ski y deslizarse adentro de t\u00faneles para luego realizar una caminata aer\u00f3bica por las inmediaciones del club finaliz\u00e1ndola con un desplazamiento al trotecito, y una buena hidrataci\u00f3n con una botella de agua mineral para cada uno , a continuacion fueron los abuelos y abuelas los que se le animaron a la caminata realizando un recorrido de 20 minutos que fue recompensado en la llegada con agua mineral y una manzana.<\/p>\n<p>Simult\u00e1neamente en el sector de Educacion, Sergio, Leticia, Graciela, Carolina , llevaban a cabo con los mas peque\u00f1os una propuesta Educativa ESCUCHA EL RITMO DE TU CORAZ\u00d3N, acompa\u00f1ada con un taller de percusion conducido por Cecilia, Baba, Simon, Matias Roberto y Jose,<\/p>\n<p>En otro sector del Club,la comisi\u00f3n de Salud en esta oportinidad bajo la coordinacion de Laura Revora, realizo con los presentes controles de presion arterial y de masa muscular.<\/p>\n<p>Siendo las 15.30 hs el Sr Pablo Luna, Presidente del Club Estudiantes , felicito y agradeci\u00f3 la presencia de la masiva concurrencia, expresando que lo pon\u00eda muy feliz ver a el club un domingo con tanta gente y disfrutando en familia.<\/p>\n<p>Luego llego el momento para los ni\u00f1os de 9 a 13 a\u00f1os que realizaron juegos deportivos de hockey ,v\u00f3ley ,futbol y basquet con los profesores del Club Estudiantes Lucas, Evangelina ,Guillermo y Franco.<\/p>\n<p>A las 16 hs comenz\u00f3 la ultima caminata organizada de 30 minutos,con los jovenes y adultos actividad donde participo el candidato a intendente por el FRENTE MERCEDINO PARA LA VICTORIA JUAN USTARROZ , acompa\u00f1ado por candidatos a concejales y familias en general, la llegada estuvo recompensada tambien con agua mineral y barras de cereal.<\/p>\n<p>Cerrando ya la tarde la Profesora de Educacion Fisica Daniela Crivelli con el carisma que la caracteriza, nos deleito con una clase de aerobic donde participaron desde ni\u00f1os de 3 a\u00f1os hasta los abuelos de 70 a\u00f1os.<\/p>\n<p>Como mensaje final los profes de la comision de Educacion Fisica y Deportes del Frente Mercedino Mariana, Daiana, Issac, Pablo, Mirta, Ricardo ,Daniela y Fabian Invitaron al publico presente y a todos los que se quieran sumarse, a dejar como un hito en Mercedes ,el de festejar todos los a\u00f1os la SEMANA MUNDIAL DEL CORAZON, como modo de ir tomando conciencia de lo importante que es realizar como minimo todos los dias ,30 minutos de actividad fisica ,generando un habito de vida saludable.<\/p>\n","protected":false},"excerpt":{"rendered":"<p>El domingo 2 de octubre, con una importante cantidad de personas (mas de 300) se conmemoro como en muchas ciudades &#8230; <a title=\"Secretar\u00eda de Deportes y Frente Mercedino en la semana mundial del coraz\u00f3n\" class=\"read-more\" href=\"https:\/\/www.hoymercedes.com.ar\/principal\/2011\/10\/06\/secretaria-de-deportes-y-frente-mercedino-en-la-semana-mundial-del-corazon\/\" aria-label=\"Leer m\u00e1s sobre Secretar\u00eda de Deportes y Frente Mercedino en la semana mundial del coraz\u00f3n\">Leer m\u00e1s<\/a><\/p>\n","protected":false},"author":1,"featured_media":0,"comment_status":"open","ping_status":"open","sticky":false,"template":"","format":"standard","meta":{"_monsterinsights_skip_tracking":false,"_monsterinsights_sitenote_active":false,"_monsterinsights_sitenote_note":"","_monsterinsights_sitenote_category":0,"jetpack_post_was_ever_published":false,"_jetpack_newsletter_access":"","_jetpack_dont_email_post_to_subs":false,"_jetpack_newsletter_tier_id":0,"_jetpack_memberships_contains_paywalled_content":false,"_jetpack_memberships_contains_paid_content":false,"footnotes":"","jetpack_publicize_message":"","jetpack_publicize_feature_enabled":true,"jetpack_social_post_already_shared":false,"jetpack_social_options":{"image_generator_settings":{"template":"highway","default_image_id":0,"font":"","enabled":false},"version":2},"_wpas_customize_per_network":false},"categories":[5],"tags":[1419],"class_list":["post-8023","post","type-post","status-publish","format-standard","hentry","category-politica","tag-secretaria-de-deportes-y-frente-mercedino-en-la-semana-mundial-del-corazon","generate-columns","tablet-grid-50","mobile-grid-100","grid-parent","grid-50"],"jetpack_publicize_connections":[],"jetpack_featured_media_url":"","wps_subtitle":"","jetpack_sharing_enabled":true,"_links":{"self":[{"href":"https:\/\/www.hoymercedes.com.ar\/principal\/wp-json\/wp\/v2\/posts\/8023","targetHints":{"allow":["GET"]}}],"collection":[{"href":"https:\/\/www.hoymercedes.com.ar\/principal\/wp-json\/wp\/v2\/posts"}],"about":[{"href":"https:\/\/www.hoymercedes.com.ar\/principal\/wp-json\/wp\/v2\/types\/post"}],"author":[{"embeddable":true,"href":"https:\/\/www.hoymercedes.com.ar\/principal\/wp-json\/wp\/v2\/users\/1"}],"replies":[{"embeddable":true,"href":"https:\/\/www.hoymercedes.com.ar\/principal\/wp-json\/wp\/v2\/comments?post=8023"}],"version-history":[{"count":0,"href":"https:\/\/www.hoymercedes.com.ar\/principal\/wp-json\/wp\/v2\/posts\/8023\/revisions"}],"wp:attachment":[{"href":"https:\/\/www.hoymercedes.com.ar\/principal\/wp-json\/wp\/v2\/media?parent=8023"}],"wp:term":[{"taxonomy":"category","embeddable":true,"href":"https:\/\/www.hoymercedes.com.ar\/principal\/wp-json\/wp\/v2\/categories?post=8023"},{"taxonomy":"post_tag","embeddable":true,"href":"https:\/\/www.hoymercedes.com.ar\/principal\/wp-json\/wp\/v2\/tags?post=8023"}],"curies":[{"name":"wp","href":"https:\/\/api.w.org\/{rel}","templated":true}]}}