{"id":80234,"date":"2018-08-23T19:33:34","date_gmt":"2018-08-23T22:33:34","guid":{"rendered":"http:\/\/www.hoymercedes.com.ar\/principal\/?p=80234"},"modified":"2018-08-23T19:33:34","modified_gmt":"2018-08-23T22:33:34","slug":"avanza-la-obra-municipal-en-20-y-23-y-se-solicita-precaucion-al-transitar","status":"publish","type":"post","link":"https:\/\/www.hoymercedes.com.ar\/principal\/2018\/08\/23\/avanza-la-obra-municipal-en-20-y-23-y-se-solicita-precaucion-al-transitar\/","title":{"rendered":"Avanza la obra municipal en 20 y 23 y se solicita precauci\u00f3n al transitar"},"content":{"rendered":"<p><img loading=\"lazy\" decoding=\"async\" data-attachment-id=\"80235\" data-permalink=\"https:\/\/www.hoymercedes.com.ar\/principal\/2018\/08\/23\/avanza-la-obra-municipal-en-20-y-23-y-se-solicita-precaucion-al-transitar\/obra20-23\/#main\" data-orig-file=\"https:\/\/www.hoymercedes.com.ar\/principal\/wp-content\/uploads\/2018\/08\/obra20.23.jpg\" data-orig-size=\"980,654\" data-comments-opened=\"0\" data-image-meta=\"{&quot;aperture&quot;:&quot;0&quot;,&quot;credit&quot;:&quot;&quot;,&quot;camera&quot;:&quot;&quot;,&quot;caption&quot;:&quot;&quot;,&quot;created_timestamp&quot;:&quot;0&quot;,&quot;copyright&quot;:&quot;&quot;,&quot;focal_length&quot;:&quot;0&quot;,&quot;iso&quot;:&quot;0&quot;,&quot;shutter_speed&quot;:&quot;0&quot;,&quot;title&quot;:&quot;&quot;,&quot;orientation&quot;:&quot;0&quot;}\" data-image-title=\"obra20.23\" data-image-description=\"\" data-image-caption=\"\" data-large-file=\"https:\/\/www.hoymercedes.com.ar\/principal\/wp-content\/uploads\/2018\/08\/obra20.23.jpg\" class=\"aligncenter size-medium wp-image-80235\" src=\"https:\/\/www.hoymercedes.com.ar\/principal\/wp-content\/uploads\/2018\/08\/obra20.23-630x420.jpg\" alt=\"\" width=\"630\" height=\"420\" srcset=\"https:\/\/www.hoymercedes.com.ar\/principal\/wp-content\/uploads\/2018\/08\/obra20.23-630x420.jpg 630w, https:\/\/www.hoymercedes.com.ar\/principal\/wp-content\/uploads\/2018\/08\/obra20.23-150x100.jpg 150w, https:\/\/www.hoymercedes.com.ar\/principal\/wp-content\/uploads\/2018\/08\/obra20.23.jpg 980w\" sizes=\"auto, (max-width: 630px) 100vw, 630px\" \/><\/p>\n<p>El intendente de nuestra ciudad, el Dr. Juan Ignacio Ustarroz, recorri\u00f3 la importante obra que se est\u00e1 realizando en la intersecci\u00f3n de las calles 23 y 20. All\u00ed, se est\u00e1n efectuando trabajos de reparaci\u00f3n a fondo de la v\u00eda p\u00fablica en un sector que desde hace tiempo as\u00ed lo requer\u00eda. Hace una semana se viene ejecutando la rotura y el desmonte, y ya se comenz\u00f3 con el trabajo de rellenado de la cinta asf\u00e1ltica. Esta obra demandar\u00e1 al menos 15 d\u00edas m\u00e1s. \u201cLa idea de esta obra es que esta zona no se inunde m\u00e1s, y por consecuencia los baches no se vuelvan a generar, ya que la continua humedad y agua, socavaba el asfalto\u201d asegur\u00f3 el primer mandatario, el Dr. Ustarroz.<\/p>\n<p>Era un viejo pedido de los vecinos y comerciantes.<\/p>\n<p>Conjuntamente, el jefe comunal expres\u00f3 \u201cesta obra se enmarca dentro del \u201cPlan Integral de Pavimentaci\u00f3n y Bacheo\u201d que viene ejecutando planificadamente la Comuna\u201d y remarc\u00f3 \u201cla idea principal es llevar soluciones a todos los vecinos de nuestra ciudad\u201d.<\/p>\n<p><strong>Zona problem\u00e1tica<\/strong><\/p>\n<p>\u201cAqu\u00ed hab\u00eda serios problemas de cloacas y pluviales, por ese motivo se tuvo que levantar todo el asfalto. El trabajo demandar\u00e1 15 d\u00edas de trabajo, ya que hay que desmontar toda la esquina\u201d.<\/p>\n<p>Adem\u00e1s, el Dr. Ustarroz, afirm\u00f3 \u201ceste es un trabajo de gran magnitud, como los que estamos haciendo en toda la ciudad\u201d y asever\u00f3 \u201cestas obras apuntan a que duren en el tiempo, no poner un parche, sino obras integrales\u201d.<\/p>\n<figure id=\"attachment_80236\" aria-describedby=\"caption-attachment-80236\" style=\"width: 620px\" class=\"wp-caption aligncenter\"><img loading=\"lazy\" decoding=\"async\" data-attachment-id=\"80236\" data-permalink=\"https:\/\/www.hoymercedes.com.ar\/principal\/2018\/08\/23\/avanza-la-obra-municipal-en-20-y-23-y-se-solicita-precaucion-al-transitar\/23-201\/#main\" data-orig-file=\"https:\/\/www.hoymercedes.com.ar\/principal\/wp-content\/uploads\/2018\/08\/23.201.jpg\" data-orig-size=\"980,654\" data-comments-opened=\"0\" data-image-meta=\"{&quot;aperture&quot;:&quot;0&quot;,&quot;credit&quot;:&quot;&quot;,&quot;camera&quot;:&quot;&quot;,&quot;caption&quot;:&quot;&quot;,&quot;created_timestamp&quot;:&quot;0&quot;,&quot;copyright&quot;:&quot;&quot;,&quot;focal_length&quot;:&quot;0&quot;,&quot;iso&quot;:&quot;0&quot;,&quot;shutter_speed&quot;:&quot;0&quot;,&quot;title&quot;:&quot;&quot;,&quot;orientation&quot;:&quot;0&quot;}\" data-image-title=\"23.201\" data-image-description=\"\" data-image-caption=\"&lt;p&gt;Obra con fondos municipales&lt;\/p&gt;\n\" data-large-file=\"https:\/\/www.hoymercedes.com.ar\/principal\/wp-content\/uploads\/2018\/08\/23.201.jpg\" class=\"size-medium wp-image-80236\" src=\"https:\/\/www.hoymercedes.com.ar\/principal\/wp-content\/uploads\/2018\/08\/23.201-630x420.jpg\" alt=\"\" width=\"630\" height=\"420\" srcset=\"https:\/\/www.hoymercedes.com.ar\/principal\/wp-content\/uploads\/2018\/08\/23.201-630x420.jpg 630w, https:\/\/www.hoymercedes.com.ar\/principal\/wp-content\/uploads\/2018\/08\/23.201-150x100.jpg 150w, https:\/\/www.hoymercedes.com.ar\/principal\/wp-content\/uploads\/2018\/08\/23.201.jpg 980w\" sizes=\"auto, (max-width: 630px) 100vw, 630px\" \/><figcaption id=\"caption-attachment-80236\" class=\"wp-caption-text\">Obra con fondos municipales<\/figcaption><\/figure>\n<p><strong>Preparaci\u00f3n<\/strong><\/p>\n<p>Las obras se est\u00e1n ejecutando en avenidas y calles transversales, actuando en aquellos principales puntos de rotura y peligrosidad. Es por eso que desde hace varios d\u00edas los vecinos observaban en algunas calles perforaciones que fueron parte de los trabajos previos para luego generar la rotura del concreto, la preparaci\u00f3n del suelo, reparaciones subterr\u00e1neas cuando requer\u00eda y luego el volcado de hormig\u00f3n.<\/p>\n<p><strong>Obras y salud<\/strong><\/p>\n<p>En nuestra ciudad se han pavimentado m\u00e1s de 50 cuadras y colocado piedras en m\u00e1s de 120 calles en el \u00faltimo mes. Adem\u00e1s de tosca, zanjeo y limpieza urbana, sabiendo que es una necesidad importante el cuidado de caminos y accesos.<\/p>\n<p>De esta manera, el jefe comunal, sostuvo \u201cestos trabajos los podemos llevar a cabo gracias a contar con una econom\u00eda saneada y al buen manejo de los fondos municipales\u201d y destac\u00f3 \u201cdebido a ello, pudimos concretar un nuevo llamado a licitaci\u00f3n para realizar una importante obra en el barrio G\u00fcemes, la construcci\u00f3n de un espacio de atenci\u00f3n primaria a la salud\u201d.<\/p>\n<p>\u201cEsta obra demandar\u00e1 $3.226.315,35 de fondos propios, los cuales apuntan al mejoramiento de la atenci\u00f3n m\u00e9dica de los vecinos de Mercedes\u201d destac\u00f3 el Dr. Ustarroz.<\/p>\n<p>Calles en obra<\/p>\n<p>\u00b7\u00a0\u00a0\u00a0\u00a0\u00a0\u00a0\u00a0\u00a0 40 y 113 parcial mano a calle 29 y parcial mano a ruta 41<\/p>\n<p>\u00b7\u00a0\u00a0\u00a0\u00a0\u00a0\u00a0\u00a0\u00a0 5 entre 22 y 24 corte total<\/p>\n<p>\u00b7\u00a0\u00a0\u00a0\u00a0\u00a0\u00a0\u00a0\u00a0 1 esquina 28 parcial mano a calle 2<\/p>\n<p>\u00b7\u00a0\u00a0\u00a0\u00a0\u00a0\u00a0\u00a0\u00a0 1 y 16 parcial mano a calle 30<\/p>\n<p>\u00b7\u00a0\u00a0\u00a0\u00a0\u00a0\u00a0\u00a0\u00a0 1 y 20 parcial mano a calle 30 y enfrente parcial mano a calle 2<\/p>\n<p>\u00b7\u00a0\u00a0\u00a0\u00a0\u00a0\u00a0\u00a0\u00a0 1 entre 22 y 22 bis parcial mano a calle 30<\/p>\n<p>\u00b7\u00a0\u00a0\u00a0\u00a0\u00a0\u00a0\u00a0\u00a0 101 entre 22 y 24 total mano a calle 30<\/p>\n<p>\u00b7\u00a0\u00a0\u00a0\u00a0\u00a0\u00a0\u00a0\u00a0 1 y 26, parcial mano a calle 2<\/p>\n<p>\u00b7\u00a0\u00a0\u00a0\u00a0\u00a0\u00a0\u00a0\u00a0 5 entre 22 y 24 total mano a calle 2<\/p>\n<p>\u00b7\u00a0\u00a0\u00a0\u00a0\u00a0\u00a0\u00a0\u00a0 5 y 18 parcial mano a calle 2 y total mano a calle 1<\/p>\n<p>\u00b7\u00a0\u00a0\u00a0\u00a0\u00a0\u00a0\u00a0\u00a0 20 entre 11 y 13 parcial<\/p>\n<p>\u00b7\u00a0\u00a0\u00a0\u00a0\u00a0\u00a0\u00a0\u00a0 40 entre 11 y 13 parcial mano a ruta 41<\/p>\n<p>\u00b7\u00a0\u00a0\u00a0\u00a0\u00a0\u00a0\u00a0\u00a0 40 entre 21 y 23 una entrada sola de la estaci\u00f3n de tren<\/p>\n<p>\u00b7\u00a0\u00a0\u00a0\u00a0\u00a0\u00a0\u00a0\u00a0 17 entre 32 y 34 parcial mano a calle 40<\/p>\n<p>\u00b7\u00a0\u00a0\u00a0\u00a0\u00a0\u00a0\u00a0\u00a0 19 entre 34 y 36 total mano a calle 2<\/p>\n<p>\u00b7\u00a0\u00a0\u00a0\u00a0\u00a0\u00a0\u00a0\u00a0 38 entre 11 y 13 parcial mano a calle 1<\/p>\n<p>\u00b7\u00a0\u00a0\u00a0\u00a0\u00a0\u00a0\u00a0\u00a0 21 y 32 parcial mano a calle 30<\/p>\n<p>&nbsp;<\/p>\n<p>&nbsp;<\/p>\n<p>Info: Municipio<\/p>\n","protected":false},"excerpt":{"rendered":"<p>El intendente de nuestra ciudad, el Dr. Juan Ignacio Ustarroz, recorri\u00f3 la importante obra que se est\u00e1 realizando en la &#8230; <a title=\"Avanza la obra municipal en 20 y 23 y se solicita precauci\u00f3n al transitar\" class=\"read-more\" href=\"https:\/\/www.hoymercedes.com.ar\/principal\/2018\/08\/23\/avanza-la-obra-municipal-en-20-y-23-y-se-solicita-precaucion-al-transitar\/\" aria-label=\"Leer m\u00e1s sobre Avanza la obra municipal en 20 y 23 y se solicita precauci\u00f3n al transitar\">Leer m\u00e1s<\/a><\/p>\n","protected":false},"author":1,"featured_media":80235,"comment_status":"closed","ping_status":"open","sticky":false,"template":"","format":"standard","meta":{"_monsterinsights_skip_tracking":false,"_monsterinsights_sitenote_active":false,"_monsterinsights_sitenote_note":"","_monsterinsights_sitenote_category":0,"jetpack_post_was_ever_published":false,"_jetpack_newsletter_access":"","_jetpack_dont_email_post_to_subs":false,"_jetpack_newsletter_tier_id":0,"_jetpack_memberships_contains_paywalled_content":false,"_jetpack_memberships_contains_paid_content":false,"footnotes":"","jetpack_publicize_message":"","jetpack_publicize_feature_enabled":true,"jetpack_social_post_already_shared":true,"jetpack_social_options":{"image_generator_settings":{"template":"highway","default_image_id":0,"font":"","enabled":false},"version":2},"_wpas_customize_per_network":false},"categories":[30],"tags":[13371,424],"class_list":["post-80234","post","type-post","status-publish","format-standard","has-post-thumbnail","hentry","category-municipio","tag-obra-publica-mercedes","tag-ustarroz","generate-columns","tablet-grid-50","mobile-grid-100","grid-parent","grid-50"],"jetpack_publicize_connections":[],"jetpack_featured_media_url":"https:\/\/www.hoymercedes.com.ar\/principal\/wp-content\/uploads\/2018\/08\/obra20.23.jpg","wps_subtitle":"Con fondos municipales","jetpack_sharing_enabled":true,"jetpack-related-posts":[{"id":134779,"url":"https:\/\/www.hoymercedes.com.ar\/principal\/2021\/08\/05\/ustarroz-firmo-el-inicio-de-obra-del-edificio-de-zoonosis-y-bromatologia\/","url_meta":{"origin":80234,"position":0},"title":"Ustarroz firm\u00f3 el inicio de obra del edificio de Zoonosis y Bromatolog\u00eda","author":"hoymercedes","date":"5 agosto, 2021","format":false,"excerpt":"Hace unas semanas el intendente Ustarroz junto al secretario de salud, N\u00e9stor Pisapia, dieron a conocer el importante proyecto que derivar\u00eda en la construcci\u00f3n de un Centro de Zoonosis en la ciudad. Este anuncio ya es una realidad tras la firma del contrato para iniciar en las pr\u00f3ximas jornadas la\u2026","rel":"","context":"En \u00abSociedad\u00bb","block_context":{"text":"Sociedad","link":"https:\/\/www.hoymercedes.com.ar\/principal\/category\/sociedad\/"},"img":{"alt_text":"","src":"https:\/\/i0.wp.com\/www.hoymercedes.com.ar\/principal\/wp-content\/uploads\/2021\/08\/DSC01099.jpg?resize=350%2C200&ssl=1","width":350,"height":200,"srcset":"https:\/\/i0.wp.com\/www.hoymercedes.com.ar\/principal\/wp-content\/uploads\/2021\/08\/DSC01099.jpg?resize=350%2C200&ssl=1 1x, https:\/\/i0.wp.com\/www.hoymercedes.com.ar\/principal\/wp-content\/uploads\/2021\/08\/DSC01099.jpg?resize=525%2C300&ssl=1 1.5x, https:\/\/i0.wp.com\/www.hoymercedes.com.ar\/principal\/wp-content\/uploads\/2021\/08\/DSC01099.jpg?resize=700%2C400&ssl=1 2x, https:\/\/i0.wp.com\/www.hoymercedes.com.ar\/principal\/wp-content\/uploads\/2021\/08\/DSC01099.jpg?resize=1050%2C600&ssl=1 3x"},"classes":[]},{"id":175841,"url":"https:\/\/www.hoymercedes.com.ar\/principal\/2024\/05\/21\/ustarroz-anuncio-se-iniciara-la-obra-provincial-de-la-red-de-agua-en-agote\/","url_meta":{"origin":80234,"position":1},"title":"Ustarroz anunci\u00f3 se iniciar\u00e1 la obra provincial de la red de agua en Agote","author":"hoymercedes","date":"21 mayo, 2024","format":false,"excerpt":"El jefe comunal Dr. Juan Ustarroz se reuni\u00f3 con representantes e la empresa y funcionarios provinciales en la Secretar\u00eda de obra municipal. Se trata de la planificaci\u00f3n para el inicio de la concreci\u00f3n de la red de agua en la localidad de Agote. De esta manera, funcionarios de la DIPAC\u2026","rel":"","context":"En \u00abMunicipio\u00bb","block_context":{"text":"Municipio","link":"https:\/\/www.hoymercedes.com.ar\/principal\/category\/municipio\/"},"img":{"alt_text":"Ustarroz anunci\u00f3 se iniciar\u00e1 la obra provincial de la red de agua en Agote","src":"https:\/\/i0.wp.com\/www.hoymercedes.com.ar\/principal\/wp-content\/uploads\/2024\/05\/Obra-de-agua-en-Agote.jpg?resize=350%2C200&ssl=1","width":350,"height":200,"srcset":"https:\/\/i0.wp.com\/www.hoymercedes.com.ar\/principal\/wp-content\/uploads\/2024\/05\/Obra-de-agua-en-Agote.jpg?resize=350%2C200&ssl=1 1x, https:\/\/i0.wp.com\/www.hoymercedes.com.ar\/principal\/wp-content\/uploads\/2024\/05\/Obra-de-agua-en-Agote.jpg?resize=525%2C300&ssl=1 1.5x, https:\/\/i0.wp.com\/www.hoymercedes.com.ar\/principal\/wp-content\/uploads\/2024\/05\/Obra-de-agua-en-Agote.jpg?resize=700%2C400&ssl=1 2x, https:\/\/i0.wp.com\/www.hoymercedes.com.ar\/principal\/wp-content\/uploads\/2024\/05\/Obra-de-agua-en-Agote.jpg?resize=1050%2C600&ssl=1 3x"},"classes":[]},{"id":117958,"url":"https:\/\/www.hoymercedes.com.ar\/principal\/2020\/10\/05\/municipio-licita-obra-cloacal-para-beneficial-mas-de-1500-familias\/","url_meta":{"origin":80234,"position":2},"title":"Municipio licita obra cloacal para beneficial m\u00e1s de 1500 familias","author":"hoymercedes","date":"5 octubre, 2020","format":false,"excerpt":"El Municipio de Mercedes lanza una licitaci\u00f3n por unos 70 millones de pesos para obras cloacales en la ciudad. Esta inversi\u00f3n, por parte del Estado Nacional, de una magnitud inusitada y sin precedentes, conllevar\u00e1 mejoras y progreso, insertando a la red cloacal a m\u00e1s de 1.500 familias. Ustarroz agradeci\u00f3 el\u2026","rel":"","context":"En \u00abSociedad\u00bb","block_context":{"text":"Sociedad","link":"https:\/\/www.hoymercedes.com.ar\/principal\/category\/sociedad\/"},"img":{"alt_text":"","src":"https:\/\/i0.wp.com\/www.hoymercedes.com.ar\/principal\/wp-content\/uploads\/2020\/10\/DePedro-Ustarroz-Katopodis.jpg?resize=350%2C200&ssl=1","width":350,"height":200,"srcset":"https:\/\/i0.wp.com\/www.hoymercedes.com.ar\/principal\/wp-content\/uploads\/2020\/10\/DePedro-Ustarroz-Katopodis.jpg?resize=350%2C200&ssl=1 1x, https:\/\/i0.wp.com\/www.hoymercedes.com.ar\/principal\/wp-content\/uploads\/2020\/10\/DePedro-Ustarroz-Katopodis.jpg?resize=525%2C300&ssl=1 1.5x, https:\/\/i0.wp.com\/www.hoymercedes.com.ar\/principal\/wp-content\/uploads\/2020\/10\/DePedro-Ustarroz-Katopodis.jpg?resize=700%2C400&ssl=1 2x"},"classes":[]},{"id":83660,"url":"https:\/\/www.hoymercedes.com.ar\/principal\/2018\/11\/06\/ustarroz-encabezo-apertura-de-ofertas-para-obra-de-avenida-2\/","url_meta":{"origin":80234,"position":3},"title":"Ustarroz encabez\u00f3 apertura de ofertas para obra de Avenida 2","author":"hoymercedes","date":"6 noviembre, 2018","format":false,"excerpt":"\u00a0 Con fondos propios y gran cantidad de oferentes, el Municipio de Mercedes realiz\u00f3 la apertura de ofertas para la repavimentaci\u00f3n de la avenida 2, obra que realizar\u00e1 con recursos propios. Encabezada por el intendente Ustarroz, la reuni\u00f3n cont\u00f3 con participaci\u00f3n de instituciones, vecinos, representante de trabajadores, entidades intermedias y\u2026","rel":"","context":"En \u00abMunicipio\u00bb","block_context":{"text":"Municipio","link":"https:\/\/www.hoymercedes.com.ar\/principal\/category\/municipio\/"},"img":{"alt_text":"","src":"https:\/\/i0.wp.com\/www.hoymercedes.com.ar\/principal\/wp-content\/uploads\/2018\/11\/avenida2-obra-1.jpg?resize=350%2C200&ssl=1","width":350,"height":200,"srcset":"https:\/\/i0.wp.com\/www.hoymercedes.com.ar\/principal\/wp-content\/uploads\/2018\/11\/avenida2-obra-1.jpg?resize=350%2C200&ssl=1 1x, https:\/\/i0.wp.com\/www.hoymercedes.com.ar\/principal\/wp-content\/uploads\/2018\/11\/avenida2-obra-1.jpg?resize=525%2C300&ssl=1 1.5x, https:\/\/i0.wp.com\/www.hoymercedes.com.ar\/principal\/wp-content\/uploads\/2018\/11\/avenida2-obra-1.jpg?resize=700%2C400&ssl=1 2x"},"classes":[]},{"id":114772,"url":"https:\/\/www.hoymercedes.com.ar\/principal\/2020\/08\/07\/realizan-obra-hidrica-en-barrio-la-amistad\/","url_meta":{"origin":80234,"position":4},"title":"Realizan obra h\u00eddrica en Barrio La Amistad","author":"hoymercedes","date":"7 agosto, 2020","format":false,"excerpt":"El Municipio de Mercedes realiza una importante obra h\u00eddrica en barrio La Amistad. Mejorar\u00e1 la circulaci\u00f3n pluvial. En la zona se prev\u00e9n posteriores obras de pavimento. \u201cEsta obra beneficia al barrio la amistad en particular, pero a su vez, tambi\u00e9n lo hace a toda la ciudad, porque cuando Mercedes crece\u2026","rel":"","context":"En \u00abMunicipio\u00bb","block_context":{"text":"Municipio","link":"https:\/\/www.hoymercedes.com.ar\/principal\/category\/municipio\/"},"img":{"alt_text":"","src":"https:\/\/i0.wp.com\/www.hoymercedes.com.ar\/principal\/wp-content\/uploads\/2020\/08\/DSC05812.jpg?resize=350%2C200&ssl=1","width":350,"height":200,"srcset":"https:\/\/i0.wp.com\/www.hoymercedes.com.ar\/principal\/wp-content\/uploads\/2020\/08\/DSC05812.jpg?resize=350%2C200&ssl=1 1x, https:\/\/i0.wp.com\/www.hoymercedes.com.ar\/principal\/wp-content\/uploads\/2020\/08\/DSC05812.jpg?resize=525%2C300&ssl=1 1.5x, https:\/\/i0.wp.com\/www.hoymercedes.com.ar\/principal\/wp-content\/uploads\/2020\/08\/DSC05812.jpg?resize=700%2C400&ssl=1 2x"},"classes":[]},{"id":110618,"url":"https:\/\/www.hoymercedes.com.ar\/principal\/2020\/05\/13\/inician-etapa-final-de-avenida-2-con-apoyo-del-estado-nacional\/","url_meta":{"origin":80234,"position":5},"title":"Inician etapa final de Avenida 2 con apoyo del Estado Nacional","author":"hoymercedes","date":"13 mayo, 2020","format":false,"excerpt":"Mientras no cesan las medidas de prevenci\u00f3n por el coronavirus la obra m\u00e1s grande de la ciudad ingres\u00f3 en su etapa final. Se inici\u00f3 el \u201cdesmonte\u201d del cruce de Av.17 y Av.2. El intendente Ustarroz recorri\u00f3 la obra y agradeci\u00f3 al Estado Nacional el apoyo recientemente arribado. A principio de\u2026","rel":"","context":"En \u00abMunicipio\u00bb","block_context":{"text":"Municipio","link":"https:\/\/www.hoymercedes.com.ar\/principal\/category\/municipio\/"},"img":{"alt_text":"","src":"https:\/\/i0.wp.com\/www.hoymercedes.com.ar\/principal\/wp-content\/uploads\/2020\/05\/Avenida220200513_104603.jpg?resize=350%2C200&ssl=1","width":350,"height":200,"srcset":"https:\/\/i0.wp.com\/www.hoymercedes.com.ar\/principal\/wp-content\/uploads\/2020\/05\/Avenida220200513_104603.jpg?resize=350%2C200&ssl=1 1x, https:\/\/i0.wp.com\/www.hoymercedes.com.ar\/principal\/wp-content\/uploads\/2020\/05\/Avenida220200513_104603.jpg?resize=525%2C300&ssl=1 1.5x, https:\/\/i0.wp.com\/www.hoymercedes.com.ar\/principal\/wp-content\/uploads\/2020\/05\/Avenida220200513_104603.jpg?resize=700%2C400&ssl=1 2x"},"classes":[]}],"_links":{"self":[{"href":"https:\/\/www.hoymercedes.com.ar\/principal\/wp-json\/wp\/v2\/posts\/80234","targetHints":{"allow":["GET"]}}],"collection":[{"href":"https:\/\/www.hoymercedes.com.ar\/principal\/wp-json\/wp\/v2\/posts"}],"about":[{"href":"https:\/\/www.hoymercedes.com.ar\/principal\/wp-json\/wp\/v2\/types\/post"}],"author":[{"embeddable":true,"href":"https:\/\/www.hoymercedes.com.ar\/principal\/wp-json\/wp\/v2\/users\/1"}],"replies":[{"embeddable":true,"href":"https:\/\/www.hoymercedes.com.ar\/principal\/wp-json\/wp\/v2\/comments?post=80234"}],"version-history":[{"count":0,"href":"https:\/\/www.hoymercedes.com.ar\/principal\/wp-json\/wp\/v2\/posts\/80234\/revisions"}],"wp:featuredmedia":[{"embeddable":true,"href":"https:\/\/www.hoymercedes.com.ar\/principal\/wp-json\/wp\/v2\/media\/80235"}],"wp:attachment":[{"href":"https:\/\/www.hoymercedes.com.ar\/principal\/wp-json\/wp\/v2\/media?parent=80234"}],"wp:term":[{"taxonomy":"category","embeddable":true,"href":"https:\/\/www.hoymercedes.com.ar\/principal\/wp-json\/wp\/v2\/categories?post=80234"},{"taxonomy":"post_tag","embeddable":true,"href":"https:\/\/www.hoymercedes.com.ar\/principal\/wp-json\/wp\/v2\/tags?post=80234"}],"curies":[{"name":"wp","href":"https:\/\/api.w.org\/{rel}","templated":true}]}}