{"id":80250,"date":"2018-08-24T09:46:43","date_gmt":"2018-08-24T12:46:43","guid":{"rendered":"http:\/\/www.hoymercedes.com.ar\/principal\/?p=80250"},"modified":"2018-08-24T09:43:41","modified_gmt":"2018-08-24T12:43:41","slug":"encuentro-coral-este-sabado-en-el-teatro-municipal","status":"publish","type":"post","link":"https:\/\/www.hoymercedes.com.ar\/principal\/2018\/08\/24\/encuentro-coral-este-sabado-en-el-teatro-municipal\/","title":{"rendered":"Encuentro coral este s\u00e1bado en el teatro municipal"},"content":{"rendered":"<p><em><strong>Lo organiza El Coro Municipal junto a la Direcci\u00f3n de Cultura. Participan los coros de 25 de Mayo y San Fernando. La entrada es libre y gratuita<\/strong><\/em><\/p>\n<p><img loading=\"lazy\" decoding=\"async\" data-attachment-id=\"80251\" data-permalink=\"https:\/\/www.hoymercedes.com.ar\/principal\/2018\/08\/24\/encuentro-coral-este-sabado-en-el-teatro-municipal\/24-coralmercedes456\/#main\" data-orig-file=\"https:\/\/www.hoymercedes.com.ar\/principal\/wp-content\/uploads\/2018\/08\/24-coralmercedes456.jpg\" data-orig-size=\"700,465\" data-comments-opened=\"0\" data-image-meta=\"{&quot;aperture&quot;:&quot;0&quot;,&quot;credit&quot;:&quot;&quot;,&quot;camera&quot;:&quot;&quot;,&quot;caption&quot;:&quot;&quot;,&quot;created_timestamp&quot;:&quot;0&quot;,&quot;copyright&quot;:&quot;&quot;,&quot;focal_length&quot;:&quot;0&quot;,&quot;iso&quot;:&quot;0&quot;,&quot;shutter_speed&quot;:&quot;0&quot;,&quot;title&quot;:&quot;&quot;,&quot;orientation&quot;:&quot;0&quot;}\" data-image-title=\"24 coralmercedes456\" data-image-description=\"\" data-image-caption=\"\" data-large-file=\"https:\/\/www.hoymercedes.com.ar\/principal\/wp-content\/uploads\/2018\/08\/24-coralmercedes456.jpg\" class=\"aligncenter size-medium wp-image-80251\" src=\"https:\/\/www.hoymercedes.com.ar\/principal\/wp-content\/uploads\/2018\/08\/24-coralmercedes456-630x419.jpg\" alt=\"\" width=\"630\" height=\"419\" srcset=\"https:\/\/www.hoymercedes.com.ar\/principal\/wp-content\/uploads\/2018\/08\/24-coralmercedes456-630x419.jpg 630w, https:\/\/www.hoymercedes.com.ar\/principal\/wp-content\/uploads\/2018\/08\/24-coralmercedes456-150x100.jpg 150w, https:\/\/www.hoymercedes.com.ar\/principal\/wp-content\/uploads\/2018\/08\/24-coralmercedes456.jpg 700w\" sizes=\"auto, (max-width: 630px) 100vw, 630px\" \/><\/p>\n<p>El pr\u00f3ximo s\u00e1bado 25 de agosto se llevar\u00e1 a cabo el ya cl\u00e1sico encuentro coral que organiza todos los a\u00f1os nuestra ciudad para favorecer y desarrollar nuevos lazos art\u00edsticos.<\/p>\n<p>Este a\u00f1o, el Coro Municipal \u201cCiudad de Mercedes\u201d que dirige Claudio Moyano, ha invitado especialmente a \u201cCoral 25\u201d, de la ciudad de 25 de Mayo, dirigido por Silvia Blanco y a la \u201cAgrupaci\u00f3n Coral Enarmon\u00eda\u201d, de San Fernando, cuyo Director es Pablo Lazbal.<\/p>\n<p>El coro de nuestra ciudad cuenta, actualmente, con m\u00e1s de treinta coreutas de distintas edades, que todas las semanas realizan sus ensayos en el C.C. Dr. Julio C. Gioscio bajo las \u00f3rdenes del ya mencionado Director Claudio Moyano.<\/p>\n<p>Juntos, interpretan obras obras de distintos g\u00e9neros que va desde la m\u00fasica cl\u00e1sica, pasando por el Nigro Spirituals, hasta llegar a un repertorio m\u00e1s popular del cancionero latinoamericano y argentino.<\/p>\n<p>Todo este trabajo podr\u00e1 verse en la sala mayor del ex Teatro Argentino, con entrada libre y gratuita, en s\u00e1bado a las 21 horas<\/p>\n<p>Fuente: Prensa Mercedes<\/p>\n","protected":false},"excerpt":{"rendered":"<p>Lo organiza El Coro Municipal junto a la Direcci\u00f3n de Cultura. Participan los coros de 25 de Mayo y San &#8230; <a title=\"Encuentro coral este s\u00e1bado en el teatro municipal\" class=\"read-more\" href=\"https:\/\/www.hoymercedes.com.ar\/principal\/2018\/08\/24\/encuentro-coral-este-sabado-en-el-teatro-municipal\/\" aria-label=\"Leer m\u00e1s sobre Encuentro coral este s\u00e1bado en el teatro municipal\">Leer m\u00e1s<\/a><\/p>\n","protected":false},"author":1,"featured_media":80251,"comment_status":"closed","ping_status":"open","sticky":false,"template":"","format":"standard","meta":{"_monsterinsights_skip_tracking":false,"_monsterinsights_sitenote_active":false,"_monsterinsights_sitenote_note":"","_monsterinsights_sitenote_category":0,"jetpack_post_was_ever_published":false,"_jetpack_newsletter_access":"","_jetpack_dont_email_post_to_subs":false,"_jetpack_newsletter_tier_id":0,"_jetpack_memberships_contains_paywalled_content":false,"_jetpack_memberships_contains_paid_content":false,"footnotes":"","jetpack_publicize_message":"","jetpack_publicize_feature_enabled":true,"jetpack_social_post_already_shared":true,"jetpack_social_options":{"image_generator_settings":{"template":"highway","default_image_id":0,"font":"","enabled":false},"version":2},"_wpas_customize_per_network":false},"categories":[104],"tags":[453,7805,10269,10],"class_list":["post-80250","post","type-post","status-publish","format-standard","has-post-thumbnail","hentry","category-cultura","tag-coro-municipal","tag-cultura","tag-encuentro-coral","tag-mercedes","generate-columns","tablet-grid-50","mobile-grid-100","grid-parent","grid-50"],"jetpack_publicize_connections":[],"jetpack_featured_media_url":"https:\/\/www.hoymercedes.com.ar\/principal\/wp-content\/uploads\/2018\/08\/24-coralmercedes456.jpg","wps_subtitle":"Con entrada libre y gratuita","jetpack_sharing_enabled":true,"jetpack-related-posts":[{"id":152291,"url":"https:\/\/www.hoymercedes.com.ar\/principal\/2022\/08\/25\/importante-encuentro-coral-en-el-teatro-argentino-julio-c-gioscio\/","url_meta":{"origin":80250,"position":0},"title":"Importante Encuentro Coral en el Teatro Argentino Julio C. Gioscio","author":"hoymercedes","date":"25 agosto, 2022","format":false,"excerpt":"El s\u00e1bado 27 de agosto a las 19:30,\u00a0 en el Teatro Argentino J. C. Gioscio se realizar\u00e1 un Encuentro Coral con la participaci\u00f3n de tres agrupaciones: Ensayo Coral de Avellaneda, el Coro Polif\u00f3nico Municipal y de C\u00e1mara Municipal de la ciudad de Mercedes.","rel":"","context":"En \u00abCultura\u00bb","block_context":{"text":"Cultura","link":"https:\/\/www.hoymercedes.com.ar\/principal\/category\/cultura\/"},"img":{"alt_text":"","src":"https:\/\/i0.wp.com\/www.hoymercedes.com.ar\/principal\/wp-content\/uploads\/2022\/08\/coro.jpg?resize=350%2C200&ssl=1","width":350,"height":200,"srcset":"https:\/\/i0.wp.com\/www.hoymercedes.com.ar\/principal\/wp-content\/uploads\/2022\/08\/coro.jpg?resize=350%2C200&ssl=1 1x, https:\/\/i0.wp.com\/www.hoymercedes.com.ar\/principal\/wp-content\/uploads\/2022\/08\/coro.jpg?resize=525%2C300&ssl=1 1.5x, https:\/\/i0.wp.com\/www.hoymercedes.com.ar\/principal\/wp-content\/uploads\/2022\/08\/coro.jpg?resize=700%2C400&ssl=1 2x"},"classes":[]},{"id":162109,"url":"https:\/\/www.hoymercedes.com.ar\/principal\/2023\/05\/13\/sabado-coros-en-la-parroquia-san-patricio\/","url_meta":{"origin":80250,"position":1},"title":"S\u00e1bado: Coros en la Parroquia San Patricio","author":"hoymercedes","date":"13 mayo, 2023","format":false,"excerpt":"Este s\u00e1bado 13 de mayo a las 20:00 horas se llevar\u00e1 adelante el gran Concierto Coral que se realizar\u00e1 en la Iglesia San Patricio. El mismo contar\u00e1 con las actuaciones del Coro Provisorio a cargo del Director Sergio Feferovich y del Coro municipal de C\u00e1mara Ars Pulchra dirigido por Marianela\u2026","rel":"","context":"En \u00abCultura\u00bb","block_context":{"text":"Cultura","link":"https:\/\/www.hoymercedes.com.ar\/principal\/category\/cultura\/"},"img":{"alt_text":"","src":"https:\/\/i0.wp.com\/www.hoymercedes.com.ar\/principal\/wp-content\/uploads\/2023\/05\/FB_IMG_1683976661644.jpg?resize=350%2C200&ssl=1","width":350,"height":200,"srcset":"https:\/\/i0.wp.com\/www.hoymercedes.com.ar\/principal\/wp-content\/uploads\/2023\/05\/FB_IMG_1683976661644.jpg?resize=350%2C200&ssl=1 1x, https:\/\/i0.wp.com\/www.hoymercedes.com.ar\/principal\/wp-content\/uploads\/2023\/05\/FB_IMG_1683976661644.jpg?resize=525%2C300&ssl=1 1.5x, https:\/\/i0.wp.com\/www.hoymercedes.com.ar\/principal\/wp-content\/uploads\/2023\/05\/FB_IMG_1683976661644.jpg?resize=700%2C400&ssl=1 2x, https:\/\/i0.wp.com\/www.hoymercedes.com.ar\/principal\/wp-content\/uploads\/2023\/05\/FB_IMG_1683976661644.jpg?resize=1050%2C600&ssl=1 3x"},"classes":[]},{"id":180058,"url":"https:\/\/www.hoymercedes.com.ar\/principal\/2024\/10\/29\/coro-municipal-festejo-sus-10-anos\/","url_meta":{"origin":80250,"position":2},"title":"Coro Municipal festej\u00f3 sus 10 a\u00f1os","author":"hoymercedes","date":"29 octubre, 2024","format":false,"excerpt":"Info municipal - El s\u00e1bado ante un Catedral Bas\u00edlica replete se present\u00f3 el Coro Municipal de C\u00e1mara \"Ars Pulchra\" y la Camerata Acad\u00e9mica del Teatro Argentino de La Plata celebrando el d\u00e9cimo aniversario de la constituci\u00f3n del Coro local. La ac\u00fastica y arquitectura del hist\u00f3rico edificio de nuestra ciudad brind\u00f3\u2026","rel":"","context":"En \u00abSociedad\u00bb","block_context":{"text":"Sociedad","link":"https:\/\/www.hoymercedes.com.ar\/principal\/category\/sociedad\/"},"img":{"alt_text":"","src":"https:\/\/i0.wp.com\/www.hoymercedes.com.ar\/principal\/wp-content\/uploads\/2024\/10\/SJA_4751.jpg?resize=350%2C200&ssl=1","width":350,"height":200,"srcset":"https:\/\/i0.wp.com\/www.hoymercedes.com.ar\/principal\/wp-content\/uploads\/2024\/10\/SJA_4751.jpg?resize=350%2C200&ssl=1 1x, https:\/\/i0.wp.com\/www.hoymercedes.com.ar\/principal\/wp-content\/uploads\/2024\/10\/SJA_4751.jpg?resize=525%2C300&ssl=1 1.5x, https:\/\/i0.wp.com\/www.hoymercedes.com.ar\/principal\/wp-content\/uploads\/2024\/10\/SJA_4751.jpg?resize=700%2C400&ssl=1 2x"},"classes":[]},{"id":57498,"url":"https:\/\/www.hoymercedes.com.ar\/principal\/2016\/11\/26\/encuentro-coral-con-entrada-libre-y-gratuita\/","url_meta":{"origin":80250,"position":3},"title":"Encuentro Coral con entrada libre y gratuita","author":"hoymercedes","date":"26 noviembre, 2016","format":false,"excerpt":"Este lunes 28 de noviembre, desde la hora 19:30 se llevar\u00e1 un encuentro coral abierto a la comunidad con entrada libre y gratuita. El mismo ser\u00e1 en el Centro Cultural Teatro Argentino Int. Julio C. Gioscio. Los coros participantes son: Coro Municipal de C\u00e1mara \"Ernesto Storani\" (Luj\u00e1n).\u00a0Dir. Santiago Rosso.\u00a0Entrenador vocal:\u2026","rel":"","context":"En \u00abCultura\u00bb","block_context":{"text":"Cultura","link":"https:\/\/www.hoymercedes.com.ar\/principal\/category\/cultura\/"},"img":{"alt_text":"","src":"https:\/\/i0.wp.com\/www.hoymercedes.com.ar\/principal\/wp-content\/uploads\/2016\/11\/26-encuentro-coral.jpg?resize=350%2C200&ssl=1","width":350,"height":200,"srcset":"https:\/\/i0.wp.com\/www.hoymercedes.com.ar\/principal\/wp-content\/uploads\/2016\/11\/26-encuentro-coral.jpg?resize=350%2C200&ssl=1 1x, https:\/\/i0.wp.com\/www.hoymercedes.com.ar\/principal\/wp-content\/uploads\/2016\/11\/26-encuentro-coral.jpg?resize=525%2C300&ssl=1 1.5x"},"classes":[]},{"id":153035,"url":"https:\/\/www.hoymercedes.com.ar\/principal\/2022\/09\/16\/el-ensamble-ars-pulchra-se-presentara-en-el-ciclo-de-pro-arte-mercedes\/","url_meta":{"origin":80250,"position":4},"title":"El Ensamble Ars Pulchra se presentar\u00e1 en el ciclo de\u00a0  Pro Arte Mercedes\u00a0","author":"hoymercedes","date":"16 septiembre, 2022","format":false,"excerpt":"Por Susana Spano\u00a0- El s\u00e1bado 17 de septiembre,\u00a0 a las 20:00,\u00a0 en el Ciclo Pro Arte Mercedes \u2013 Centro de Egresados del Colegio Nacional Florentino Ameghino \u2013 se presenta, con la direcci\u00f3n de la profesora\u00a0 Marianela Schenone, el Ensamble \u201cArs Pulchra\u201d.\u00a0","rel":"","context":"En \u00abCultura\u00bb","block_context":{"text":"Cultura","link":"https:\/\/www.hoymercedes.com.ar\/principal\/category\/cultura\/"},"img":{"alt_text":"","src":"https:\/\/i0.wp.com\/www.hoymercedes.com.ar\/principal\/wp-content\/uploads\/2022\/09\/coro-marianela.jpeg?resize=350%2C200&ssl=1","width":350,"height":200,"srcset":"https:\/\/i0.wp.com\/www.hoymercedes.com.ar\/principal\/wp-content\/uploads\/2022\/09\/coro-marianela.jpeg?resize=350%2C200&ssl=1 1x, https:\/\/i0.wp.com\/www.hoymercedes.com.ar\/principal\/wp-content\/uploads\/2022\/09\/coro-marianela.jpeg?resize=525%2C300&ssl=1 1.5x, https:\/\/i0.wp.com\/www.hoymercedes.com.ar\/principal\/wp-content\/uploads\/2022\/09\/coro-marianela.jpeg?resize=700%2C400&ssl=1 2x"},"classes":[]},{"id":36505,"url":"https:\/\/www.hoymercedes.com.ar\/principal\/2014\/09\/29\/se-realizo-encuentro-provincial-de-coros-en-teatro-argentino\/","url_meta":{"origin":80250,"position":5},"title":"Se realiz\u00f3 \u00abEncuentro provincial de Coros\u00bb en Teatro Argentino","author":"hoymercedes","date":"29 septiembre, 2014","format":false,"excerpt":"Con un gran encuentro de coros finaliz\u00f3 la \"Semana de Mercedes\". Fue en el Teatro Argentino. Se trat\u00f3 del \"Encuentro Provincial de Coros del que participaron desde localidades como Lobos, Bragado y 25 de Mayo. Con la sala pr\u00e1cticamente llena, los primeros en compartir sus interpretaciones sobre el escenario mayor\u2026","rel":"","context":"En \u00abCultura\u00bb","block_context":{"text":"Cultura","link":"https:\/\/www.hoymercedes.com.ar\/principal\/category\/cultura\/"},"img":{"alt_text":"encuentro.coros.mercedes","src":"https:\/\/i0.wp.com\/www.hoymercedes.com.ar\/principal\/wp-content\/uploads\/2014\/09\/encuentro.coros_.mercedes.jpg?resize=350%2C200","width":350,"height":200,"srcset":"https:\/\/i0.wp.com\/www.hoymercedes.com.ar\/principal\/wp-content\/uploads\/2014\/09\/encuentro.coros_.mercedes.jpg?resize=350%2C200 1x, https:\/\/i0.wp.com\/www.hoymercedes.com.ar\/principal\/wp-content\/uploads\/2014\/09\/encuentro.coros_.mercedes.jpg?resize=525%2C300 1.5x"},"classes":[]}],"_links":{"self":[{"href":"https:\/\/www.hoymercedes.com.ar\/principal\/wp-json\/wp\/v2\/posts\/80250","targetHints":{"allow":["GET"]}}],"collection":[{"href":"https:\/\/www.hoymercedes.com.ar\/principal\/wp-json\/wp\/v2\/posts"}],"about":[{"href":"https:\/\/www.hoymercedes.com.ar\/principal\/wp-json\/wp\/v2\/types\/post"}],"author":[{"embeddable":true,"href":"https:\/\/www.hoymercedes.com.ar\/principal\/wp-json\/wp\/v2\/users\/1"}],"replies":[{"embeddable":true,"href":"https:\/\/www.hoymercedes.com.ar\/principal\/wp-json\/wp\/v2\/comments?post=80250"}],"version-history":[{"count":0,"href":"https:\/\/www.hoymercedes.com.ar\/principal\/wp-json\/wp\/v2\/posts\/80250\/revisions"}],"wp:featuredmedia":[{"embeddable":true,"href":"https:\/\/www.hoymercedes.com.ar\/principal\/wp-json\/wp\/v2\/media\/80251"}],"wp:attachment":[{"href":"https:\/\/www.hoymercedes.com.ar\/principal\/wp-json\/wp\/v2\/media?parent=80250"}],"wp:term":[{"taxonomy":"category","embeddable":true,"href":"https:\/\/www.hoymercedes.com.ar\/principal\/wp-json\/wp\/v2\/categories?post=80250"},{"taxonomy":"post_tag","embeddable":true,"href":"https:\/\/www.hoymercedes.com.ar\/principal\/wp-json\/wp\/v2\/tags?post=80250"}],"curies":[{"name":"wp","href":"https:\/\/api.w.org\/{rel}","templated":true}]}}