{"id":80254,"date":"2018-08-24T13:01:00","date_gmt":"2018-08-24T16:01:00","guid":{"rendered":"http:\/\/www.hoymercedes.com.ar\/principal\/?p=80254"},"modified":"2018-08-24T13:01:00","modified_gmt":"2018-08-24T16:01:00","slug":"cambiemos-propone-adherir-a-la-creacion-de-un-fondo-para-victimas-de-siniestros-viales","status":"publish","type":"post","link":"https:\/\/www.hoymercedes.com.ar\/principal\/2018\/08\/24\/cambiemos-propone-adherir-a-la-creacion-de-un-fondo-para-victimas-de-siniestros-viales\/","title":{"rendered":"Cambiemos propone adherir a la creaci\u00f3n de un fondo para v\u00edctimas de siniestros viales"},"content":{"rendered":"<p>El proyecto se suma a la idea nacional para constituir un fondo en todo el pa\u00eds. Ser\u00e1 tomado de las indicaciones de cobertura de empresas aseguradoras, que se realicen en Centros de salud p\u00fablica.<\/p>\n<p><img loading=\"lazy\" decoding=\"async\" data-attachment-id=\"76542\" data-permalink=\"https:\/\/www.hoymercedes.com.ar\/principal\/2018\/05\/29\/mesa-ejecutora-de-cambiemos-un-hecho-bochornoso-con-un-unico-responsable-politico\/29-frente-cambiemos\/#main\" data-orig-file=\"https:\/\/www.hoymercedes.com.ar\/principal\/wp-content\/uploads\/2018\/05\/29-frente-cambiemos.jpg\" data-orig-size=\"750,500\" data-comments-opened=\"0\" data-image-meta=\"{&quot;aperture&quot;:&quot;3.5&quot;,&quot;credit&quot;:&quot;&quot;,&quot;camera&quot;:&quot;NIKON D3100&quot;,&quot;caption&quot;:&quot;&quot;,&quot;created_timestamp&quot;:&quot;1527539086&quot;,&quot;copyright&quot;:&quot;&quot;,&quot;focal_length&quot;:&quot;22&quot;,&quot;iso&quot;:&quot;720&quot;,&quot;shutter_speed&quot;:&quot;0.016666666666667&quot;,&quot;title&quot;:&quot;&quot;,&quot;orientation&quot;:&quot;1&quot;}\" data-image-title=\"29 frente cambiemos\" data-image-description=\"\" data-image-caption=\"\" data-large-file=\"https:\/\/www.hoymercedes.com.ar\/principal\/wp-content\/uploads\/2018\/05\/29-frente-cambiemos.jpg\" class=\"aligncenter size-medium wp-image-76542\" src=\"https:\/\/www.hoymercedes.com.ar\/principal\/wp-content\/uploads\/2018\/05\/29-frente-cambiemos-630x420.jpg\" alt=\"\" width=\"630\" height=\"420\" srcset=\"https:\/\/www.hoymercedes.com.ar\/principal\/wp-content\/uploads\/2018\/05\/29-frente-cambiemos-630x420.jpg 630w, https:\/\/www.hoymercedes.com.ar\/principal\/wp-content\/uploads\/2018\/05\/29-frente-cambiemos-150x100.jpg 150w, https:\/\/www.hoymercedes.com.ar\/principal\/wp-content\/uploads\/2018\/05\/29-frente-cambiemos.jpg 750w\" sizes=\"auto, (max-width: 630px) 100vw, 630px\" \/><\/p>\n<p>Para la pr\u00f3xima sesi\u00f3n del Concejo Deliberante, el bloque del Frente Cambiemos de Mercedes, propone adherir a la presentaci\u00f3n en la C\u00e1mara de Diputados de la Provincia de Buenos Aires de un Proyecto de Ley que permita el Recupero de Fondos Invertidos en Salud para la Atenci\u00f3n de Pacientes V\u00edctimas de Accidentes Viales.<\/p>\n<p>El mencionado proyecto procura activar los mecanismos necesarios a los fines de recuperar la inversi\u00f3n en salud que, a trav\u00e9s de los hospitales p\u00fablicos y los efectores de salud, el Estado Bonaerense realiza en la atenci\u00f3n a las v\u00edctimas de accidentes viales, que por mandato constitucional son asistidos en los mencionados nosocomios, resultando ello legalmente viable.<\/p>\n<p>\u00abLa atenci\u00f3n en los hospitales implica una serie de inversiones quir\u00fargicas, de farmacia, insumos, honorarios m\u00e9dicos, pr\u00f3tesis, y\/o cualquier otra erogaci\u00f3n que implique el cuidado de pacientes\u00bb, expresan los considerandos del .proyecto provincial.<\/p>\n<p>El mencionado proyecto de ley considera esencial la creaci\u00f3n de una figura que, en el presente, estar\u00eda en cabeza de la Autoridad de Aplicaci\u00f3n, para que arbitre los medios de manera extrajudicial (y eventualmente judicial) necesarios para la pronta recuperaci\u00f3n de lo invertido en salud por la Provincia, en aquellos pacientes de accidentes viales que no poseen obra social.<\/p>\n<p>El Sistema que propone dicho proyecto, es reclamar a entes privados que, de acuerdo a la normativa vigente, tienen la obligaci\u00f3n de responder, volviendo lo recaudado a los Hospitales en forma inmediata, conforme lo establece la legislaci\u00f3n provincial.<\/p>\n<p>&nbsp;<\/p>\n<p>&nbsp;<\/p>\n","protected":false},"excerpt":{"rendered":"<p>El proyecto se suma a la idea nacional para constituir un fondo en todo el pa\u00eds. Ser\u00e1 tomado de las &#8230; <a title=\"Cambiemos propone adherir a la creaci\u00f3n de un fondo para v\u00edctimas de siniestros viales\" class=\"read-more\" href=\"https:\/\/www.hoymercedes.com.ar\/principal\/2018\/08\/24\/cambiemos-propone-adherir-a-la-creacion-de-un-fondo-para-victimas-de-siniestros-viales\/\" aria-label=\"Leer m\u00e1s sobre Cambiemos propone adherir a la creaci\u00f3n de un fondo para v\u00edctimas de siniestros viales\">Leer m\u00e1s<\/a><\/p>\n","protected":false},"author":1,"featured_media":76542,"comment_status":"closed","ping_status":"open","sticky":false,"template":"","format":"standard","meta":{"_monsterinsights_skip_tracking":false,"_monsterinsights_sitenote_active":false,"_monsterinsights_sitenote_note":"","_monsterinsights_sitenote_category":0,"jetpack_post_was_ever_published":false,"_jetpack_newsletter_access":"","_jetpack_dont_email_post_to_subs":false,"_jetpack_newsletter_tier_id":0,"_jetpack_memberships_contains_paywalled_content":false,"_jetpack_memberships_contains_paid_content":false,"footnotes":"","jetpack_publicize_message":"","jetpack_publicize_feature_enabled":true,"jetpack_social_post_already_shared":true,"jetpack_social_options":{"image_generator_settings":{"template":"highway","default_image_id":0,"font":"","enabled":false},"version":2},"_wpas_customize_per_network":false},"categories":[5],"tags":[7492,15,10,5319,8955],"class_list":["post-80254","post","type-post","status-publish","format-standard","has-post-thumbnail","hentry","category-politica","tag-frente-cambiemos","tag-hcd","tag-mercedes","tag-politica-2","tag-proyecto-de-ordenanza","generate-columns","tablet-grid-50","mobile-grid-100","grid-parent","grid-50"],"jetpack_publicize_connections":[],"jetpack_featured_media_url":"https:\/\/www.hoymercedes.com.ar\/principal\/wp-content\/uploads\/2018\/05\/29-frente-cambiemos.jpg","wps_subtitle":"Sum\u00e1ndose a la propuesta provincial","jetpack_sharing_enabled":true,"_links":{"self":[{"href":"https:\/\/www.hoymercedes.com.ar\/principal\/wp-json\/wp\/v2\/posts\/80254","targetHints":{"allow":["GET"]}}],"collection":[{"href":"https:\/\/www.hoymercedes.com.ar\/principal\/wp-json\/wp\/v2\/posts"}],"about":[{"href":"https:\/\/www.hoymercedes.com.ar\/principal\/wp-json\/wp\/v2\/types\/post"}],"author":[{"embeddable":true,"href":"https:\/\/www.hoymercedes.com.ar\/principal\/wp-json\/wp\/v2\/users\/1"}],"replies":[{"embeddable":true,"href":"https:\/\/www.hoymercedes.com.ar\/principal\/wp-json\/wp\/v2\/comments?post=80254"}],"version-history":[{"count":0,"href":"https:\/\/www.hoymercedes.com.ar\/principal\/wp-json\/wp\/v2\/posts\/80254\/revisions"}],"wp:featuredmedia":[{"embeddable":true,"href":"https:\/\/www.hoymercedes.com.ar\/principal\/wp-json\/wp\/v2\/media\/76542"}],"wp:attachment":[{"href":"https:\/\/www.hoymercedes.com.ar\/principal\/wp-json\/wp\/v2\/media?parent=80254"}],"wp:term":[{"taxonomy":"category","embeddable":true,"href":"https:\/\/www.hoymercedes.com.ar\/principal\/wp-json\/wp\/v2\/categories?post=80254"},{"taxonomy":"post_tag","embeddable":true,"href":"https:\/\/www.hoymercedes.com.ar\/principal\/wp-json\/wp\/v2\/tags?post=80254"}],"curies":[{"name":"wp","href":"https:\/\/api.w.org\/{rel}","templated":true}]}}