{"id":80256,"date":"2018-08-24T14:30:42","date_gmt":"2018-08-24T17:30:42","guid":{"rendered":"http:\/\/www.hoymercedes.com.ar\/principal\/?p=80256"},"modified":"2018-08-24T13:07:46","modified_gmt":"2018-08-24T16:07:46","slug":"vocal-mercedes-en-el-centro-de-egresados-del-colegio-nacional","status":"publish","type":"post","link":"https:\/\/www.hoymercedes.com.ar\/principal\/2018\/08\/24\/vocal-mercedes-en-el-centro-de-egresados-del-colegio-nacional\/","title":{"rendered":"Vocal Mercedes en el Centro de Egresados  del Colegio Nacional"},"content":{"rendered":"<p>El Centro de Egresados del Colegio Nacional presenta a <a href=\"https:\/\/www.hoymercedes.com.ar\/principal\/2018\/06\/27\/antologia-nuevo-disco-para-vocal-mercedes\/\" target=\"_blank\" rel=\"noopener\">Vocal Mercedes<\/a> integrado por Juan Jos\u00e9 Ricci, Pablo Quintana, Rodrigo Herrera y Fernando L\u00f3pez Courtade.<\/p>\n<p>Este grupo, que ha sido designado desde sus or\u00edgenes como el principal referente art\u00edstico de la ciudad ha participado en numerosos festivales del pa\u00eds. Interpretar\u00e1n temas populares del folclore nacional.<\/p>\n<p>El espect\u00e1culo tendr\u00e1 lugar el s\u00e1bado 25 de agosto a las 20.30, en el auditorio del Colegio Nacional calle 17 entre 30 y 32.<\/p>\n<p>Para mayor informaci\u00f3n dirigirse a J\u00f3ser Casa y Dise\u00f1o Galer\u00eda Metro, J\u00f3ser Boutique Calle 27 entre 18 y 20, Talabarter\u00eda Las Mar\u00edas, y librer\u00eda Tiempos de papel Calle 30 y 19 o en el colegio antes de la funci\u00f3n.<\/p>\n<p><img loading=\"lazy\" decoding=\"async\" data-attachment-id=\"80257\" data-permalink=\"https:\/\/www.hoymercedes.com.ar\/principal\/2018\/08\/24\/vocal-mercedes-en-el-centro-de-egresados-del-colegio-nacional\/20171226_203018-1\/#main\" data-orig-file=\"https:\/\/www.hoymercedes.com.ar\/principal\/wp-content\/uploads\/2018\/08\/20171226_203018-1-e1535126813779.jpg\" data-orig-size=\"750,422\" data-comments-opened=\"0\" data-image-meta=\"{&quot;aperture&quot;:&quot;2.2&quot;,&quot;credit&quot;:&quot;&quot;,&quot;camera&quot;:&quot;SM-G531M&quot;,&quot;caption&quot;:&quot;&quot;,&quot;created_timestamp&quot;:&quot;1514320217&quot;,&quot;copyright&quot;:&quot;&quot;,&quot;focal_length&quot;:&quot;1.9199981689453&quot;,&quot;iso&quot;:&quot;800&quot;,&quot;shutter_speed&quot;:&quot;0.125&quot;,&quot;title&quot;:&quot;&quot;,&quot;orientation&quot;:&quot;1&quot;}\" data-image-title=\"20171226_203018 (1)\" data-image-description=\"\" data-image-caption=\"\" data-large-file=\"https:\/\/www.hoymercedes.com.ar\/principal\/wp-content\/uploads\/2018\/08\/20171226_203018-1-1024x576.jpg\" class=\"aligncenter size-medium wp-image-80257\" src=\"https:\/\/www.hoymercedes.com.ar\/principal\/wp-content\/uploads\/2018\/08\/20171226_203018-1-630x354.jpg\" alt=\"\" width=\"630\" height=\"354\" \/><\/p>\n","protected":false},"excerpt":{"rendered":"<p>El Centro de Egresados del Colegio Nacional presenta a Vocal Mercedes integrado por Juan Jos\u00e9 Ricci, Pablo Quintana, Rodrigo Herrera &#8230; <a title=\"Vocal Mercedes en el Centro de Egresados  del Colegio Nacional\" class=\"read-more\" href=\"https:\/\/www.hoymercedes.com.ar\/principal\/2018\/08\/24\/vocal-mercedes-en-el-centro-de-egresados-del-colegio-nacional\/\" aria-label=\"Leer m\u00e1s sobre Vocal Mercedes en el Centro de Egresados  del Colegio Nacional\">Leer m\u00e1s<\/a><\/p>\n","protected":false},"author":1,"featured_media":80257,"comment_status":"closed","ping_status":"open","sticky":false,"template":"","format":"standard","meta":{"_monsterinsights_skip_tracking":false,"_monsterinsights_sitenote_active":false,"_monsterinsights_sitenote_note":"","_monsterinsights_sitenote_category":0,"jetpack_post_was_ever_published":false,"_jetpack_newsletter_access":"","_jetpack_dont_email_post_to_subs":false,"_jetpack_newsletter_tier_id":0,"_jetpack_memberships_contains_paywalled_content":false,"_jetpack_memberships_contains_paid_content":false,"footnotes":"","jetpack_publicize_message":"","jetpack_publicize_feature_enabled":true,"jetpack_social_post_already_shared":true,"jetpack_social_options":{"image_generator_settings":{"template":"highway","default_image_id":0,"font":"","enabled":false},"version":2},"_wpas_customize_per_network":false},"categories":[104],"tags":[8689,13070,7805,10,2120],"class_list":["post-80256","post","type-post","status-publish","format-standard","has-post-thumbnail","hentry","category-cultura","tag-centro-de-egresados-del-colegio-nacional","tag-ciclo-proarte","tag-cultura","tag-mercedes","tag-vocal-mercedes","generate-columns","tablet-grid-50","mobile-grid-100","grid-parent","grid-50"],"jetpack_publicize_connections":[],"jetpack_featured_media_url":"https:\/\/www.hoymercedes.com.ar\/principal\/wp-content\/uploads\/2018\/08\/20171226_203018-1-e1535126813779.jpg","wps_subtitle":"Este s\u00e1bado 25","jetpack_sharing_enabled":true,"jetpack-related-posts":[{"id":103273,"url":"https:\/\/www.hoymercedes.com.ar\/principal\/2019\/12\/02\/soledad-de-la-rosa-en-quinteto-sigla\/","url_meta":{"origin":80256,"position":0},"title":"Soledad de La Rosa en Quinteto Sigla","author":"hoymercedes","date":"2 diciembre, 2019","format":false,"excerpt":"El Centro de Egresados del Colegio Nacional presenta\u00a0 al quinteto SIGLA integrado por cinco reconocidos int\u00e9rpretes ,cantantes e instrumentistas. La famosa soprano Soledad de la Rosa (guitarra ),\u00a0 Laura Delogu (soprano y percusi\u00f3n) Iv\u00e1n Koropka( contratenor y percusi\u00f3n)Andr\u00e9 Gamarra(tenor y flauta) Guillermo Gutkin(bajo y guitarra). Interpretar\u00e1n Negro Spirituals y La\u2026","rel":"","context":"En \u00abCultura\u00bb","block_context":{"text":"Cultura","link":"https:\/\/www.hoymercedes.com.ar\/principal\/category\/cultura\/"},"img":{"alt_text":"","src":"https:\/\/i0.wp.com\/www.hoymercedes.com.ar\/principal\/wp-content\/uploads\/2019\/12\/Monteverdi-y-su-eraIContact.jpg?resize=350%2C200&ssl=1","width":350,"height":200,"srcset":"https:\/\/i0.wp.com\/www.hoymercedes.com.ar\/principal\/wp-content\/uploads\/2019\/12\/Monteverdi-y-su-eraIContact.jpg?resize=350%2C200&ssl=1 1x, https:\/\/i0.wp.com\/www.hoymercedes.com.ar\/principal\/wp-content\/uploads\/2019\/12\/Monteverdi-y-su-eraIContact.jpg?resize=525%2C300&ssl=1 1.5x, https:\/\/i0.wp.com\/www.hoymercedes.com.ar\/principal\/wp-content\/uploads\/2019\/12\/Monteverdi-y-su-eraIContact.jpg?resize=700%2C400&ssl=1 2x"},"classes":[]},{"id":141163,"url":"https:\/\/www.hoymercedes.com.ar\/principal\/2021\/12\/07\/el-centro-de-egresados-del-colegio-nacional-invita-a-su-cena-de-fin-de-ano\/","url_meta":{"origin":80256,"position":1},"title":"El Centro de Egresados del Colegio Nacional invita a su cena de fin de a\u00f1o","author":"hoymercedes","date":"7 diciembre, 2021","format":false,"excerpt":"Despu\u00e9s de concluir el exitoso ciclo virtual que program\u00f3 para este a\u00f1os Pro Arte Mercedes - Centro de Egresados del Colegio Nacional \u201cFlorentino Ameghino\u201d \u2013 la Comisi\u00f3n Directiva invita a compartir su tradicional Cena de Fin de A\u00f1o para el pr\u00f3ximo 12 de diciembre, a las 21:00, en Casa An\u00fas,\u2026","rel":"","context":"En \u00abCultura\u00bb","block_context":{"text":"Cultura","link":"https:\/\/www.hoymercedes.com.ar\/principal\/category\/cultura\/"},"img":{"alt_text":"","src":"https:\/\/i0.wp.com\/www.hoymercedes.com.ar\/principal\/wp-content\/uploads\/2021\/12\/respuela.jpeg?resize=350%2C200&ssl=1","width":350,"height":200,"srcset":"https:\/\/i0.wp.com\/www.hoymercedes.com.ar\/principal\/wp-content\/uploads\/2021\/12\/respuela.jpeg?resize=350%2C200&ssl=1 1x, https:\/\/i0.wp.com\/www.hoymercedes.com.ar\/principal\/wp-content\/uploads\/2021\/12\/respuela.jpeg?resize=525%2C300&ssl=1 1.5x, https:\/\/i0.wp.com\/www.hoymercedes.com.ar\/principal\/wp-content\/uploads\/2021\/12\/respuela.jpeg?resize=700%2C400&ssl=1 2x"},"classes":[]},{"id":101425,"url":"https:\/\/www.hoymercedes.com.ar\/principal\/2019\/10\/17\/concierto-de-la-orquesta-tipica-sans-souci\/","url_meta":{"origin":80256,"position":2},"title":"Concierto  de la orquesta t\u00edpica \u201cSans Souci\u201d","author":"hoymercedes","date":"17 octubre, 2019","format":false,"excerpt":"El Centro De Egresados del Colegio Nacional presenta a la orquesta t\u00edpica \"Sans Souci\", el concierto tendr\u00e1 lugar el s\u00e1bado 19 de octubre a las 20.30 hs, en el auditorio del Colegio Nacional calle 17 entre 30 y 32. El Centro De Egresados del Colegio Nacional \u201cFlorentino Ameghino\u201d, presenta a\u2026","rel":"","context":"En \u00abCultura\u00bb","block_context":{"text":"Cultura","link":"https:\/\/www.hoymercedes.com.ar\/principal\/category\/cultura\/"},"img":{"alt_text":"","src":"https:\/\/i0.wp.com\/www.hoymercedes.com.ar\/principal\/wp-content\/uploads\/2019\/10\/17-orquesta-x531.png?resize=350%2C200&ssl=1","width":350,"height":200,"srcset":"https:\/\/i0.wp.com\/www.hoymercedes.com.ar\/principal\/wp-content\/uploads\/2019\/10\/17-orquesta-x531.png?resize=350%2C200&ssl=1 1x, https:\/\/i0.wp.com\/www.hoymercedes.com.ar\/principal\/wp-content\/uploads\/2019\/10\/17-orquesta-x531.png?resize=525%2C300&ssl=1 1.5x, https:\/\/i0.wp.com\/www.hoymercedes.com.ar\/principal\/wp-content\/uploads\/2019\/10\/17-orquesta-x531.png?resize=700%2C400&ssl=1 2x"},"classes":[]},{"id":69905,"url":"https:\/\/www.hoymercedes.com.ar\/principal\/2017\/11\/22\/el-cuarteto-gianneo-actuara-en-el-colegio-nacional\/","url_meta":{"origin":80256,"position":3},"title":"El Cuarteto Gianneo actuar\u00e1 en el Colegio Nacional","author":"hoymercedes","date":"22 noviembre, 2017","format":false,"excerpt":"En el marco del ciclo musical Pro Arte Mercedes que lleva adelante el Centro de Egresados del Colegio Nacional \"Florentino Ameghino\" actuar\u00e1 el s\u00e1bado 25 de noviembre el Cuarteto Gianneo que integran Luis Roggero, Sebasti\u00e1n Masci, Julio Dominguez y Mat\u00edas Villafa\u00f1e. Desde las 20,30 horas, las entradas anticipadas se encuentran\u2026","rel":"","context":"En \u00abCultura\u00bb","block_context":{"text":"Cultura","link":"https:\/\/www.hoymercedes.com.ar\/principal\/category\/cultura\/"},"img":{"alt_text":"","src":"https:\/\/i0.wp.com\/www.hoymercedes.com.ar\/principal\/wp-content\/uploads\/2017\/11\/22-cuarteto-gianneo.jpg?resize=350%2C200&ssl=1","width":350,"height":200,"srcset":"https:\/\/i0.wp.com\/www.hoymercedes.com.ar\/principal\/wp-content\/uploads\/2017\/11\/22-cuarteto-gianneo.jpg?resize=350%2C200&ssl=1 1x, https:\/\/i0.wp.com\/www.hoymercedes.com.ar\/principal\/wp-content\/uploads\/2017\/11\/22-cuarteto-gianneo.jpg?resize=525%2C300&ssl=1 1.5x, https:\/\/i0.wp.com\/www.hoymercedes.com.ar\/principal\/wp-content\/uploads\/2017\/11\/22-cuarteto-gianneo.jpg?resize=700%2C400&ssl=1 2x"},"classes":[]},{"id":89851,"url":"https:\/\/www.hoymercedes.com.ar\/principal\/2019\/03\/21\/duo-de-violin-y-piano-hacen-tango-en-el-nacional\/","url_meta":{"origin":80256,"position":4},"title":"D\u00fao de viol\u00edn y piano hacen tango en el Nacional","author":"hoymercedes","date":"21 marzo, 2019","format":false,"excerpt":"El s\u00e1bado 23 de marzo 20:30 horas, el Centro de Egresados del Colegio Nacional iniciar una nueva temporada del ciclo musical ProArte Mercedes. En el auditorio del colegio de avenida 17 har\u00e1n tango el d\u00fao compuesto por Rafael G\u00edntoli y Oscar De El\u00eda acompa\u00f1ados de la pareja de baile de\u2026","rel":"","context":"En \u00abCultura\u00bb","block_context":{"text":"Cultura","link":"https:\/\/www.hoymercedes.com.ar\/principal\/category\/cultura\/"},"img":{"alt_text":"","src":"https:\/\/i0.wp.com\/www.hoymercedes.com.ar\/principal\/wp-content\/uploads\/2019\/03\/21-gintoli-elia.jpg?resize=350%2C200&ssl=1","width":350,"height":200,"srcset":"https:\/\/i0.wp.com\/www.hoymercedes.com.ar\/principal\/wp-content\/uploads\/2019\/03\/21-gintoli-elia.jpg?resize=350%2C200&ssl=1 1x, https:\/\/i0.wp.com\/www.hoymercedes.com.ar\/principal\/wp-content\/uploads\/2019\/03\/21-gintoli-elia.jpg?resize=525%2C300&ssl=1 1.5x, https:\/\/i0.wp.com\/www.hoymercedes.com.ar\/principal\/wp-content\/uploads\/2019\/03\/21-gintoli-elia.jpg?resize=700%2C400&ssl=1 2x"},"classes":[]},{"id":36335,"url":"https:\/\/www.hoymercedes.com.ar\/principal\/2014\/09\/23\/homenaje-a-piazzolla-en-centro-de-egresados-del-colegio-nacional\/","url_meta":{"origin":80256,"position":5},"title":"Homenaje a Piazzolla en Centro de Egresados del Colegio Nacional","author":"hoymercedes","date":"23 septiembre, 2014","format":false,"excerpt":"El CECN presenta al Quinteto Tango, formado por el bandoneonista mercedino \u00a0Pedro Martini\u00a0acompa\u00f1ado de piano, viol\u00edn, contrabajo y voz. Este grupo, que constituye la orquesta estable del Caf\u00e9 Homero Manzi, de la casa Sabor\u00a0 a Tango y de la Fundaci\u00f3n \u00c9poca , ha hecho varias \u00a0giras por Am\u00e9rica y \u00a0se\u2026","rel":"","context":"En \u00abDeportes\u00bb","block_context":{"text":"Deportes","link":"https:\/\/www.hoymercedes.com.ar\/principal\/category\/deportes\/"},"img":{"alt_text":"piazzolla","src":"https:\/\/i0.wp.com\/www.hoymercedes.com.ar\/principal\/wp-content\/uploads\/2014\/09\/piazzolla.jpg?resize=350%2C200","width":350,"height":200,"srcset":"https:\/\/i0.wp.com\/www.hoymercedes.com.ar\/principal\/wp-content\/uploads\/2014\/09\/piazzolla.jpg?resize=350%2C200 1x, https:\/\/i0.wp.com\/www.hoymercedes.com.ar\/principal\/wp-content\/uploads\/2014\/09\/piazzolla.jpg?resize=525%2C300 1.5x"},"classes":[]}],"_links":{"self":[{"href":"https:\/\/www.hoymercedes.com.ar\/principal\/wp-json\/wp\/v2\/posts\/80256","targetHints":{"allow":["GET"]}}],"collection":[{"href":"https:\/\/www.hoymercedes.com.ar\/principal\/wp-json\/wp\/v2\/posts"}],"about":[{"href":"https:\/\/www.hoymercedes.com.ar\/principal\/wp-json\/wp\/v2\/types\/post"}],"author":[{"embeddable":true,"href":"https:\/\/www.hoymercedes.com.ar\/principal\/wp-json\/wp\/v2\/users\/1"}],"replies":[{"embeddable":true,"href":"https:\/\/www.hoymercedes.com.ar\/principal\/wp-json\/wp\/v2\/comments?post=80256"}],"version-history":[{"count":0,"href":"https:\/\/www.hoymercedes.com.ar\/principal\/wp-json\/wp\/v2\/posts\/80256\/revisions"}],"wp:featuredmedia":[{"embeddable":true,"href":"https:\/\/www.hoymercedes.com.ar\/principal\/wp-json\/wp\/v2\/media\/80257"}],"wp:attachment":[{"href":"https:\/\/www.hoymercedes.com.ar\/principal\/wp-json\/wp\/v2\/media?parent=80256"}],"wp:term":[{"taxonomy":"category","embeddable":true,"href":"https:\/\/www.hoymercedes.com.ar\/principal\/wp-json\/wp\/v2\/categories?post=80256"},{"taxonomy":"post_tag","embeddable":true,"href":"https:\/\/www.hoymercedes.com.ar\/principal\/wp-json\/wp\/v2\/tags?post=80256"}],"curies":[{"name":"wp","href":"https:\/\/api.w.org\/{rel}","templated":true}]}}