{"id":80325,"date":"2018-08-27T06:41:08","date_gmt":"2018-08-27T09:41:08","guid":{"rendered":"http:\/\/www.hoymercedes.com.ar\/principal\/?p=80325"},"modified":"2018-08-27T16:23:58","modified_gmt":"2018-08-27T19:23:58","slug":"mercedes-quilmes-y-atletico-marcos-paz-confirman-ateneo-y-velez-sufren","status":"publish","type":"post","link":"https:\/\/www.hoymercedes.com.ar\/principal\/2018\/08\/27\/mercedes-quilmes-y-atletico-marcos-paz-confirman-ateneo-y-velez-sufren\/","title":{"rendered":"Mercedes, Quilmes y Atl\u00e9tico Marcos Paz confirman, Ateneo y V\u00e9lez sufren"},"content":{"rendered":"<p>Se jug\u00f3 la ante\u00faltima fecha del torneo Apertura de la Liga Mercedina que dej\u00f3 pocas confirmaciones en cuanto a las posiciones en las que finalizar\u00e1n los equipos de cara a la Liguilla que comenzar\u00e1 en diez d\u00edas. Mercedes, con su victoria ante Ateneo, se asegur\u00f3 el primer puesto de la Zona A y jugar directo los cuartos de final, mientras que Comunicaciones y Pe\u00f1a Xeneize, con sus derrotas, ya quedaron eliminados, adem\u00e1s de que Atl\u00e9tico Marcos Paz ya clasific\u00f3 quinto. En la Zona B, con su victoria, Quilmes ya confirm\u00f3 que clasificar\u00e1 en el quinto lugar, ya que V\u00e9lez no lo podr\u00e1 alcanzar y a Barrio San Mart\u00edn, no lo superar\u00e1.<\/p>\n<p>Luego, si bien s\u00f3lo quedan cuatro equipos para dos lugares, el resto todav\u00eda tiene que ver en la \u00faltima jornada sus posibilidades de clasificar directo a cuartos o bien, a qu\u00e9 puesto m\u00e1s alto podr\u00e1n acceder.<\/p>\n<p>En la Zona A, Col\u00f3n venci\u00f3 a Estudiantes y le sac\u00f3 una leve ventaja al pincha para ir directo a cuartos. S\u00f3lo el pincha lo puede superar, ya que si empatan en puntos, por goles entre s\u00ed pasan los mercedinos. Con un punto, los de Luj\u00e1n no dependen de nadie, o con que Estudiantes no gane.<\/p>\n<p>En cuanto a la puja entre Estudiantes y Pabell\u00f3n (que ya no puede acceder a cuartos), empataron en la fecha 9 y ahora volver\u00e1n a medirse, por lo que un empate deja tercero a los mercedinos y s\u00f3lo la victoria le sirve a SAPA. Atl\u00e9tico Marcos Paz s\u00f3lo podr\u00e1 empatar a su archival, pero en los partidos entre s\u00ed, gana Pabell\u00f3n.<\/p>\n<p>Luego, la pelea queda por el \u00faltimo puesto de clasificaci\u00f3n. Holanda venci\u00f3 1 a 0 a Comunicaciones y lo dej\u00f3 sin chances y la derrota de Ateneo ante Mercedes, le dio vida al naranja. S\u00f3lo le sirve ganar al cuadro del barrio Obrero y que los de la Liga de Padres pierdan. En los partidos entre s\u00ed, Holanda gana el global 4 a 2, por lo que si empatan en puntos, pasa.<\/p>\n<p>En la Zona B la pelea por los cuartos de final est\u00e1 muy apretada. Trocha derrot\u00f3 a El Front\u00f3n y Costa Brava dio la sorpresa ante AMEFIP y eso, sumado a la goleada de Juventud a Uni\u00f3n, dej\u00f3 a los cuatro separados en s\u00f3lo dos puntos y con los dos equipos mercedinos por jugar entre s\u00ed. Particularmente, los de Giles y los de Suipacha tienen que medirse ante Uni\u00f3n y Defensores respectivamente, los dos equipos m\u00e1s d\u00e9biles del torneo, y todo hace pensar que obtendr\u00e1n los tres puntos y se ir\u00e1n directo a cuartos, mientras que los mercedinos pelear\u00e1n por el tercer clasificado. La ventaja por ahora es de Trocha, que derrot\u00f3 en la ida a AMEFIP 3 a 2.<\/p>\n<p>Luego, s\u00f3lo resta saber el futuro de V\u00e9lez y Palometas. Ambos deben un encuentro, que se jugar\u00e1 en la semana. El granate est\u00e1 obligado a ganar los dos partidos y que los del Molino los pierdan. S\u00f3lo en ese caso clasificar\u00e1 Palometas, ya que en la ida fue 1 a 1 y este fin de semana, gan\u00f3 2 a 1 a la V. S\u00ed los de Ballesteros empatan uno, dejar\u00e1n sin chances a su rival.<\/p>\n<p>S\u00edntesis<\/p>\n<p><strong>Palometas 2:<\/strong>\u00a0Jos\u00e9 Ventura, Emanuel Guti\u00e9rrez, Eduardo Libares, David Bertera, Nicol\u00e1s Aranda, Gustavo Medone, Mart\u00edn Pastor, Lautaro Alfonso, Alan Torrilla, Juan Rolandelli y Facundo Pinto.\u00a0<strong>DT:<\/strong>\u00a0Mariano Pueblas.\u00a0<strong>Suplentes:<\/strong>\u00a0Jonathan Guzm\u00e1n y Federico Flores Arce.<br \/>\n<strong>V\u00e9lez 1:\u00a0<\/strong>Mat\u00edas Ram\u00edrez, Alvaro D\u00edaz, Miguel Maldonado, Lucas Alfonso, Maximiliano Lettieri, Santiago Gonz\u00e1lez, Federico Alderete, Rodolfo Aquino, Facundo Ballesteros, Dante D\u00edaz y Nicol\u00e1s Ram\u00edrez.\u00a0<strong>DT:<\/strong>\u00a0Ernesto Ballesteros.<br \/>\n<strong>Goles en el PT:<\/strong>\u00a0A los 13\u2019 Alderete para V\u00e9lez y a los 17\u2019 Facundo Pinto para Palometas.<br \/>\n<strong>Gol en el ST:<\/strong>\u00a0A los 34\u2019 Mart\u00edn Pastor para Palometas.<br \/>\n<strong>Cambios:<\/strong>\u00a0Tom\u00e1s Sosa por Facundo Pinto, Diego Figueredo por Alan Torilla y Miguel Lobos por Juan Rolandelli en Palometas. Juan G\u00f3mez por Maximiliano Lettieri y Lucas Coleta por Lucas Alfonso en V\u00e9lez.<br \/>\n<strong>Arbitro:<\/strong>\u00a0Pedro Ripamonti (Lobos).<\/p>\n<p><strong>Estudiantes 0:<\/strong>\u00a0Tom\u00e1s Borrasca, Bruno Maldonado, Jer\u00f3nimo Luna, Federico Bassi, Facundo Cardozo, Leandro Vignau, Paulo Lescano, Agust\u00edn Vivas, Nicol\u00e1s Far\u00edas, Angel Calder\u00f3n y Laureano Torres.<strong>\u00a0DT:<\/strong>\u00a0Manuel Gonz\u00e1lez.\u00a0<strong>Suplentes:<\/strong>Lucio Ojeda, Joaqu\u00edn Mosca y Agust\u00edn Luna.<br \/>\n<strong>Col\u00f3n 1:\u00a0<\/strong>Iv\u00e1n Noy, Franco Castro, Tob\u00edas Cuberas, Gonzalo Espinosa, Mat\u00edas Venialgo, Luciano L\u00f3pez, Federico Marrafeiro, Dami\u00e1n Gonz\u00e1lez, Antonio Espinosa, Jonathan Mart\u00ednez y Jerem\u00edas Rey.\u00a0<strong>DT:<\/strong>\u00a0Fernando Mainelli.\u00a0<strong>Suplentes:<\/strong>V\u00edctor Mendoza, Ramiro Fern\u00e1ndez e Ibarra.<br \/>\n<strong>Gol en el PT:<\/strong>\u00a0A los 44\u2019 Franco Castro para Col\u00f3n.<br \/>\n<strong>Cambios:<\/strong>\u00a0Pablo Giacoy por Facundo Cardozo, Ramiro V\u00e1zquez por Federico Bassi y Braian Rivera por Agust\u00edn Vivas en Estudiantes. Javier Monz\u00f3n por en Jerem\u00eda Rey, Jos\u00e9 Pereyra por Franco Castro y Ferrari por Antonio Espinosa en Col\u00f3n.<br \/>\n<strong>Arbitro:<\/strong>\u00a0Mart\u00edn Ferreira (Lobos).<br \/>\n<strong>Expulsado:<\/strong>\u00a0A los 45\u2019 del ST Dami\u00e1n Gonz\u00e1lez en Col\u00f3n.<\/p>\n<p><strong>AMEFIP San Mart\u00edn 0:<\/strong>\u00a0Nahuel Garr\u00e9, Patricio Calabria, Jonathan Torres, Juan Rementer\u00eda, Leonardo Santana, Cristian Salvatierra, Gustavo Miranda, Lucas Blanco, Marcos Camargo, Nicol\u00e1s Montenegro y Mauro Sigona.\u00a0<strong>DT:<\/strong>\u00a0Marcelo Rementer\u00eda y Jorge Camargo.\u00a0<strong>Suplentes:<\/strong>\u00a0Jorge Bartolomeo y Agust\u00edn Torres.<br \/>\n<strong>Costa Brava 2:\u00a0<\/strong>H\u00e9ctor Kuzli, Juli\u00e1n Olveira, Gabriel Rejala, Emanuel Noguera, Diego Gallardo, An\u00edbal Saucedo, Leandro Ferrero, Alexis Oexner, Dami\u00e1n Acu\u00f1a, Franco Mart\u00ednez e Iv\u00e1n Zambrano.\u00a0<strong>DT:<\/strong>\u00a0Maximiliano Scorini.\u00a0<strong>Suplentes:<\/strong>\u00a0Juan Baldovino y Luis Romero.<br \/>\n<strong>Goles en el ST:\u00a0<\/strong>A los 17\u2019 Franco Mart\u00ednez y los 41\u2019Dami\u00e1n Acu\u00f1a para Costa Brava.<br \/>\n<strong>Cambios:<\/strong>\u00a0Alexis Arias por Mauro Sigona, Axel Reyne por Gustavo Miranda y Diego Milo por Cristian Salvatierra en AMEFIP San Mart\u00edn. Oscar Orcajo por Iv\u00e1n Zambrano y Jonathan Fabrizio por Franco Mart\u00ednez\u00a0 en Costa Brava.<br \/>\n<strong>Arbitro:<\/strong>\u00a0Sergio Holze (Lobos).<\/p>\n<p><strong>El Front\u00f3n 0:<\/strong>\u00a0Santiago Curotto, Nicol\u00e1s Randazzo, Mateo Casas, Pablo D\u00edaz, Federico Grosso, Ezequiel T\u00e1mparo, Mat\u00edas Paolacci, Francisco Tallarico, Casado, Gabriel Barrientos y Francisco Lennard.\u00a0<strong>DT:<\/strong>\u00a0Marcelo Crosetti.\u00a0<strong>Suplentes:<\/strong>Gonz\u00e1lez, Prizzi y Gaynor.<br \/>\n<strong>Trocha 2:<\/strong>\u00a0Federico Grosso, Gonz\u00e1lez, Ignacio Brazuna, Ojeda, Daniel Mu\u00f1oz, Lucas Biasotti, Emanuel Vel\u00e1zquez, Solano Bonamino, Agust\u00edn Galassi, Marcelo Gonz\u00e1lez y Dar\u00edo Ginaschi.\u00a0<strong>DT:<\/strong>\u00a0Juan Ignacio Men\u00e9ndez.\u00a0<strong>Suplentes:<\/strong>\u00a0Leguizam\u00f3n, Jaime, Carrera y Malano.<br \/>\n<strong>Goles en el ST:<\/strong>\u00a0A los 17\u2019 Dar\u00edo Gianaschi y a los 28\u2019 Emanuel Vel\u00e1zquez para Trocha.<br \/>\n<strong>Cambios:\u00a0<\/strong>Dinardi por Lenard, G\u00f3mez por Barrientos en El Front\u00f3n. Rosales por Bonamino en Trocha.<br \/>\n<strong>Arbitro:<\/strong>\u00a0Mat\u00edas Ojeda (SADRA).<\/p>\n<p><strong>Ateneo 0:<\/strong>\u00a0Agust\u00edn Ramos, Joaqu\u00edn Mendiola, Nicol\u00e1s Nava, Santiago Chen, Manuel Bigongiari, Maximiliano Arzani, Juan Ponce, Lautaro Torre, Santiago Romagnoli, Angel Pucheta y Claudio Carrizo.\u00a0<strong>DT:<\/strong>\u00a0Mario Morales.\u00a0<strong>Suplente:<\/strong>\u00a0Tom\u00e1s Basualdo.<br \/>\n<strong>Club Mercedes 2:<\/strong>\u00a0Alejandro Calabria, Agust\u00edn Frustoli, Bautista Bidone, Sebasti\u00e1n Cabral, Nicol\u00e1s Contardi, Lucas Picone, Franco Gatti, Franco P\u00e9rez, Solano Espil, Agust\u00edn Juanicotena y Gast\u00f3n Godoy.\u00a0<strong>DT:<\/strong>\u00a0Walter D\u00edaz.\u00a0<strong>Suplente:<\/strong>\u00a0Juan Bidone.<br \/>\n<strong>Goles en el PT:<\/strong>\u00a0A los 15\u2019 Franco Gatti y a los 23\u2019 Lucas Picone para Club Mercedes.<br \/>\n<strong>Cambios:<\/strong>\u00a0Diego Gorosito por Manuel Bigongiari, Facundo Pocaresi por Claudio Carrizo en Ateneo. Juan Dematei por Agust\u00edn Juanicotena, Jerem\u00edas Souble por Sebasti\u00e1n Cabral y Francisco Silvestre por Franco P\u00e9rez en Club Mercedes.<br \/>\n<strong>Arbitro:<\/strong>\u00a0Germ\u00e1n Gauna (AAM).<br \/>\n<strong>Expulsado:<\/strong>\u00a0A los 4\u2019 del ST Bautista Bidone en Club Mercedes.<\/p>\n<p><strong>Quilmes 3:<\/strong>\u00a0Pablo Fontana, Mariano Carretero, Mat\u00edas Fern\u00e1ndez, Mauro Ramos, Gabriel Carrio, Gonzalo Ivaldi, Nelson Denis, Lucas Lofreda, Alejandro Cardozo, Luciano Apariente y Jorge Montenegro.\u00a0<strong>DT:<\/strong>\u00a0Lucas Montero.\u00a0<strong>Suplentes:<\/strong>\u00a0Luciano Farola, Nicol\u00e1s Cuello y Joaqu\u00edn Dabobe.<br \/>\n<strong>Defensores 0:<\/strong>\u00a0Diego Benedetti, Brandon Fern\u00e1ndez, Lucas Miranda, Angel Cisneros, Juan Vargas, Agust\u00edn Robledo, Cristian Barrera, Eric Saba, Daniel Paj\u00f3n y Gabriel Mu\u00f1oz.\u00a0<strong>DT:<\/strong>\u00a0Silvio Ag\u00fcero.\u00a0<strong>Suplente:<\/strong>\u00a0Esteban Demadeiro.<br \/>\n<strong>Goles en el PT:<\/strong>\u00a0A los 4\u2019 Mariano Carretero y a los 5\u2019 Luciano Apariente para Quilmes.<br \/>\n<strong>Gol en el ST:<\/strong>\u00a0A los 17\u2019 Alejandro Cardozo para Quilmes.<br \/>\n<strong>Cambios:<\/strong>\u00a0Lucas Nosetti por Jorge Montenegro, C\u00e9sar Douat por Gonzalo Ivaldi en Quilmes. Agust\u00edn Cherso por Gabriel Mu\u00f1oz, Lautaro Quintana por Juan Robledo y Hugo Ju\u00e1rez por Angel Cisneros en Defensores.<br \/>\n<strong>Arbitro:<\/strong>\u00a0Luis L\u00f3pez (AAM).<\/p>\n<p><strong>Holanda 1:<\/strong>\u00a0Pablo Monz\u00f3n, Maximiliano Mora, Rodrigo Colicigno, Braian Climi\u00f1o, H\u00e9ctor Gonz\u00e1lez, Claudio Sotelo, Santiago Vaca, Franco Irusta, Lucas Ch\u00e1vez, Wilson Alcaraz y Juli\u00e1n Vita.\u00a0<strong>DT:<\/strong>\u00a0Jos\u00e9 Medina.\u00a0<strong>Suplentes:<\/strong>\u00a0Braian Flores, Marcelo Banega y Jorge Olivera.<br \/>\n<strong>Comunicaciones 0:<\/strong>\u00a0David Br\u00edsoliz, Gast\u00f3n Borelli, Juan Torres, Jonathan Bartolomeo, Franco Torres, Tom\u00e1s P\u00e9rez, Maximiliano Guzm\u00e1n, Nicol\u00e1s Romero, Jonathan L\u00f3pez, Mart\u00edn Zuleta y Nicol\u00e1s Paniagua.\u00a0<strong>DT:<\/strong>\u00a0Julio Torres.\u00a0<strong>Suplentes:<\/strong>Isa\u00edas Negosi, Gonzalo Herrera y Laureano Celaye.<br \/>\n<strong>Gol en el PT:<\/strong>\u00a0A los 4\u2019 Lucas Ch\u00e1vez para Holanda.<br \/>\n<strong>Cambios:<\/strong>\u00a0R\u00faben Espinosa por Juli\u00e1n Vita, Nicol\u00e1s Mansilla por Lucas Ch\u00e1vez en Holanda. Joaqu\u00edn Torres por Nicol\u00e1s Romero, Mat\u00edas Colombos por\u00a0 Tom\u00e1s P\u00e9rez en Comunicaciones.<br \/>\n<strong>Arbitro:<\/strong>\u00a0Ernesto Callegari (SADRA).<\/p>\n<p><strong>El Tim\u00f3n 0.<br \/>\nPabell\u00f3n 0.<br \/>\nArbitro:<\/strong>\u00a0Santiago Cuenca (SARA).<br \/>\n<strong>Expulsado:<\/strong>\u00a0Juan Lagrecca en El Tim\u00f3n.<\/p>\n<p><strong>Atl\u00e9tico Marcos Paz 3:<\/strong>\u00a0Federico Amorena y Mariano Rivas 2.<br \/>\n<strong>Pe\u00f1a Diego Armando 0<\/strong>.<br \/>\n<strong>Arbitro:<\/strong>\u00a0Sa\u00fal Pagani (SADRA)<br \/>\n<strong>Expulsados:<\/strong>\u00a0Maximiliano Becerra y Rodrigo L\u00f3pez.<\/p>\n<p><strong>Juventud 8:<\/strong>\u00a0Mat\u00edas Correa 3, Nicol\u00e1s Minetti, Bladimir Gonz\u00e1lez, Luis Lawler 2 y Mauro Correa.<br \/>\n<strong>Uni\u00f3n 0<\/strong>.<br \/>\n<strong>Arbitro:<\/strong>\u00a0Eduardo Aguirre (AAM).<\/p>\n<p>&nbsp;<\/p>\n<p><strong><em>Mi\u00e9rcoles 29 de agosto, cancha Liga Mercedina<\/em><br \/>\n<\/strong>19:15 hs. Defensores Vs. V\u00e9lez Sarsfield<br \/>\n21:15 hs. Uni\u00f3n Vs. Palometas<strong><br \/>\n<\/strong><\/p>\n<p><strong>\u00daltima fecha<\/strong><br \/>\nCol\u00f3n vs. Holanda.<br \/>\nPabell\u00f3n vs. Estudiantes.<br \/>\nClub Mercedes vs. El Tim\u00f3n.<br \/>\nPe\u00f1a Diego Armando vs. Ateneo.<br \/>\nComunicaciones vs. Atl\u00e9tico Marcos Paz.<br \/>\nV\u00e9lez vs. Quilmes.<br \/>\nCosta Brava vs. Palometas.<br \/>\nTrocha vs. AMEFIP San Mart\u00edn.<br \/>\nUni\u00f3n vs. El Front\u00f3n.<br \/>\nDefensores vs. Juventud.<\/p>\n<p><img loading=\"lazy\" decoding=\"async\" data-attachment-id=\"80326\" data-permalink=\"https:\/\/www.hoymercedes.com.ar\/principal\/2018\/08\/27\/mercedes-quilmes-y-atletico-marcos-paz-confirman-ateneo-y-velez-sufren\/primera-152\/#main\" data-orig-file=\"https:\/\/www.hoymercedes.com.ar\/principal\/wp-content\/uploads\/2018\/08\/Primera-8.png\" data-orig-size=\"579,573\" data-comments-opened=\"0\" data-image-meta=\"{&quot;aperture&quot;:&quot;0&quot;,&quot;credit&quot;:&quot;&quot;,&quot;camera&quot;:&quot;&quot;,&quot;caption&quot;:&quot;&quot;,&quot;created_timestamp&quot;:&quot;0&quot;,&quot;copyright&quot;:&quot;&quot;,&quot;focal_length&quot;:&quot;0&quot;,&quot;iso&quot;:&quot;0&quot;,&quot;shutter_speed&quot;:&quot;0&quot;,&quot;title&quot;:&quot;&quot;,&quot;orientation&quot;:&quot;0&quot;}\" data-image-title=\"Primera\" data-image-description=\"\" data-image-caption=\"\" data-large-file=\"https:\/\/www.hoymercedes.com.ar\/principal\/wp-content\/uploads\/2018\/08\/Primera-8.png\" class=\"aligncenter size-full wp-image-80326\" src=\"https:\/\/www.hoymercedes.com.ar\/principal\/wp-content\/uploads\/2018\/08\/Primera-8.png\" alt=\"\" width=\"579\" height=\"573\" srcset=\"https:\/\/www.hoymercedes.com.ar\/principal\/wp-content\/uploads\/2018\/08\/Primera-8.png 579w, https:\/\/www.hoymercedes.com.ar\/principal\/wp-content\/uploads\/2018\/08\/Primera-8-150x148.png 150w\" sizes=\"auto, (max-width: 579px) 100vw, 579px\" \/> <img loading=\"lazy\" decoding=\"async\" data-attachment-id=\"80327\" data-permalink=\"https:\/\/www.hoymercedes.com.ar\/principal\/2018\/08\/27\/mercedes-quilmes-y-atletico-marcos-paz-confirman-ateneo-y-velez-sufren\/goleadores-primera-79\/#main\" data-orig-file=\"https:\/\/www.hoymercedes.com.ar\/principal\/wp-content\/uploads\/2018\/08\/Goleadores-Primera-6.png\" data-orig-size=\"307,617\" data-comments-opened=\"0\" data-image-meta=\"{&quot;aperture&quot;:&quot;0&quot;,&quot;credit&quot;:&quot;&quot;,&quot;camera&quot;:&quot;&quot;,&quot;caption&quot;:&quot;&quot;,&quot;created_timestamp&quot;:&quot;0&quot;,&quot;copyright&quot;:&quot;&quot;,&quot;focal_length&quot;:&quot;0&quot;,&quot;iso&quot;:&quot;0&quot;,&quot;shutter_speed&quot;:&quot;0&quot;,&quot;title&quot;:&quot;&quot;,&quot;orientation&quot;:&quot;0&quot;}\" data-image-title=\"Goleadores Primera\" data-image-description=\"\" data-image-caption=\"\" data-large-file=\"https:\/\/www.hoymercedes.com.ar\/principal\/wp-content\/uploads\/2018\/08\/Goleadores-Primera-6.png\" class=\"aligncenter size-medium wp-image-80327\" src=\"https:\/\/www.hoymercedes.com.ar\/principal\/wp-content\/uploads\/2018\/08\/Goleadores-Primera-6.png\" alt=\"\" width=\"307\" height=\"617\" srcset=\"https:\/\/www.hoymercedes.com.ar\/principal\/wp-content\/uploads\/2018\/08\/Goleadores-Primera-6.png 307w, https:\/\/www.hoymercedes.com.ar\/principal\/wp-content\/uploads\/2018\/08\/Goleadores-Primera-6-75x150.png 75w\" sizes=\"auto, (max-width: 307px) 100vw, 307px\" \/><\/p>\n","protected":false},"excerpt":{"rendered":"<p>Se jug\u00f3 la ante\u00faltima fecha del torneo Apertura de la Liga Mercedina que dej\u00f3 pocas confirmaciones en cuanto a las &#8230; <a title=\"Mercedes, Quilmes y Atl\u00e9tico Marcos Paz confirman, Ateneo y V\u00e9lez sufren\" class=\"read-more\" href=\"https:\/\/www.hoymercedes.com.ar\/principal\/2018\/08\/27\/mercedes-quilmes-y-atletico-marcos-paz-confirman-ateneo-y-velez-sufren\/\" aria-label=\"Leer m\u00e1s sobre Mercedes, Quilmes y Atl\u00e9tico Marcos Paz confirman, Ateneo y V\u00e9lez sufren\">Leer m\u00e1s<\/a><\/p>\n","protected":false},"author":1,"featured_media":80326,"comment_status":"closed","ping_status":"open","sticky":false,"template":"","format":"standard","meta":{"_monsterinsights_skip_tracking":false,"_monsterinsights_sitenote_active":false,"_monsterinsights_sitenote_note":"","_monsterinsights_sitenote_category":0,"jetpack_post_was_ever_published":false,"_jetpack_newsletter_access":"","_jetpack_dont_email_post_to_subs":false,"_jetpack_newsletter_tier_id":0,"_jetpack_memberships_contains_paywalled_content":false,"_jetpack_memberships_contains_paid_content":false,"footnotes":"","jetpack_publicize_message":"","jetpack_publicize_feature_enabled":true,"jetpack_social_post_already_shared":true,"jetpack_social_options":{"image_generator_settings":{"template":"highway","default_image_id":0,"font":"","enabled":false},"version":2},"_wpas_customize_per_network":false},"categories":[21],"tags":[11494,204,1003,1901,10,1413],"class_list":["post-80325","post","type-post","status-publish","format-standard","has-post-thumbnail","hentry","category-deportes","tag-atletico-marcos-paz","tag-deportes-2","tag-futbol","tag-liga-mercedina","tag-mercedes","tag-quilmes","generate-columns","tablet-grid-50","mobile-grid-100","grid-parent","grid-50"],"jetpack_publicize_connections":[],"jetpack_featured_media_url":"https:\/\/www.hoymercedes.com.ar\/principal\/wp-content\/uploads\/2018\/08\/Primera-8.png","wps_subtitle":"Liga Mercedina","jetpack_sharing_enabled":true,"_links":{"self":[{"href":"https:\/\/www.hoymercedes.com.ar\/principal\/wp-json\/wp\/v2\/posts\/80325","targetHints":{"allow":["GET"]}}],"collection":[{"href":"https:\/\/www.hoymercedes.com.ar\/principal\/wp-json\/wp\/v2\/posts"}],"about":[{"href":"https:\/\/www.hoymercedes.com.ar\/principal\/wp-json\/wp\/v2\/types\/post"}],"author":[{"embeddable":true,"href":"https:\/\/www.hoymercedes.com.ar\/principal\/wp-json\/wp\/v2\/users\/1"}],"replies":[{"embeddable":true,"href":"https:\/\/www.hoymercedes.com.ar\/principal\/wp-json\/wp\/v2\/comments?post=80325"}],"version-history":[{"count":0,"href":"https:\/\/www.hoymercedes.com.ar\/principal\/wp-json\/wp\/v2\/posts\/80325\/revisions"}],"wp:featuredmedia":[{"embeddable":true,"href":"https:\/\/www.hoymercedes.com.ar\/principal\/wp-json\/wp\/v2\/media\/80326"}],"wp:attachment":[{"href":"https:\/\/www.hoymercedes.com.ar\/principal\/wp-json\/wp\/v2\/media?parent=80325"}],"wp:term":[{"taxonomy":"category","embeddable":true,"href":"https:\/\/www.hoymercedes.com.ar\/principal\/wp-json\/wp\/v2\/categories?post=80325"},{"taxonomy":"post_tag","embeddable":true,"href":"https:\/\/www.hoymercedes.com.ar\/principal\/wp-json\/wp\/v2\/tags?post=80325"}],"curies":[{"name":"wp","href":"https:\/\/api.w.org\/{rel}","templated":true}]}}