{"id":80368,"date":"2018-08-26T16:25:44","date_gmt":"2018-08-26T19:25:44","guid":{"rendered":"http:\/\/www.hoymercedes.com.ar\/principal\/?p=80368"},"modified":"2018-08-27T16:30:16","modified_gmt":"2018-08-27T19:30:16","slug":"la-importancia-de-una-politica-ambiental-como-politica-de-estado","status":"publish","type":"post","link":"https:\/\/www.hoymercedes.com.ar\/principal\/2018\/08\/26\/la-importancia-de-una-politica-ambiental-como-politica-de-estado\/","title":{"rendered":"La importancia de una pol\u00edtica ambiental como pol\u00edtica de  Estado"},"content":{"rendered":"<p>Por Cristi\u00e1n Frers* &#8211; \u00a0La expansi\u00f3n, diversificaci\u00f3n y mayor impacto del ambientalismo social son aspectos de una agenda ambiental. Si bien esta cuesti\u00f3n \u00a0hoy en d\u00eda no es una prioridad, es innegable que tiene una fuerte presencia en el debate p\u00fablico y que constituye una preocupaci\u00f3n generalizada entre actores estatales y sociales. Unos y otros no acuerdan sobre qu\u00e9 deber\u00eda hacerse. Pero, tanto en el \u00e1mbito estatal como en el social, cada vez son m\u00e1s quienes entienden que la cuesti\u00f3n ambiental requiere \u00a0con urgencia ser objeto de una pol\u00edtica p\u00fablica.<\/p>\n<p>Esta es la propuesta que se ten\u00eda desde el PRO \u2013 CAMBIEMOS en relaci\u00f3n al Medio Ambiente en el 2015: \u201cTenemos proyectado duplicar la cantidad de \u00e1reas bajo jurisdicci\u00f3n de Parques Nacionales. La Argentina tiene un d\u00e9ficit muy grande en relaci\u00f3n con los compromisos que asumi\u00f3 en la Convenci\u00f3n de Biodiversidad.\u00a0\u00a0 En la \u00a0protecci\u00f3n de los bosques nativos, deber\u00eda ser de alta prioridad la correcta aplicaci\u00f3n de la Ley de Bosques. Las cuencas necesitan generar sistemas de gesti\u00f3n \u00a0\u00a0para una administraci\u00f3n ambiental y \u00a0comprometida socialmente. Para una fuerte pol\u00edtica de modernizaci\u00f3n en el sistema industrial, \u00a0en el control ambiental y\u00a0 monitoreo y\u00a0 un impulso de las industrias con sistemas de producci\u00f3n limpia.\u00a0 Se requiere tambi\u00e9n programas de ayuda t\u00e9cnica y l\u00edneas de cr\u00e9dito para que las industrias puedan afrontar el proceso\u00a0 e\u00f3lico. Su potencial supera cincuenta veces el consumo el\u00e9ctrico del pa\u00eds. El plan es producir un despegue del sector renovable en materia de empleo, inversiones y desarrollo industrial durante los pr\u00f3ximos cuatro a\u00f1os<strong>\u201d<\/strong>\u2026 \u00bfAlgo de esto se cumpli\u00f3<strong><em>?<\/em><\/strong><\/p>\n<p>Argentina es un pa\u00eds lleno de riquezas naturales. Desde las Cataratas del Iguaz\u00fa hasta los Glaciares patag\u00f3nicos se multiplican los atractivos naturales que cotidianamente son apreciados por centenares \u00a0de personas.<\/p>\n<p>Sin embargo, el impulso productivo de algunos sectores econ\u00f3micos hace que sea necesario darle una protecci\u00f3n a todos los temas que involucren al medio ambiente: bosques, glaciares, residuos, energ\u00eda, \u00a0flora y fauna, que son s\u00f3lo algunos de los puntos que deber\u00edan ser regulados.<\/p>\n<p>El problema radica menos en la ausencia de normas ambientales que en la falta de implementaci\u00f3n y cumplimiento de las reglas existentes.<\/p>\n<p>El proceso de ordenamiento ambiental deben tener en cuenta los aspectos pol\u00edticos, f\u00edsicos, sociales, tecnol\u00f3gicos, culturales, econ\u00f3micos, jur\u00eddicos y ecol\u00f3gicos de la realidad local, regional y nacional, debiendo asegurar el uso adecuado de sus recursos.<\/p>\n<p>Una pol\u00edtica de Estado requiere \u00a0coherencia, lo cual supone la subordinaci\u00f3n de las diversas pol\u00edticas en juego a una concepci\u00f3n estrat\u00e9gica estatal. La pol\u00edtica del ecosistema se encuentra lejos de mostrar ese atributo, y resulta necesario contar con una agencia ejecutiva nacional, capaz de elaborar una estrategia de largo plazo y de sostener una pol\u00edtica del entorno nacional que cumpla con los objetivos declarados.<\/p>\n<p>La naturaleza necesita de pol\u00edticas, iniciativas y programas que abarquen los desaf\u00edos que hoy enfrenta el pa\u00eds, pero aqu\u00ed pasa a ser un tema m\u00e1s dentro de una larga lista de promesas. Es una decisi\u00f3n de toda la dirigencia renunciar a los problemas de fondo. Es hora de que todos \u00a0lo incluyamos en nuestra agenda.<\/p>\n<p>Existe ausencia de pol\u00edticas sustentables que traten \u00a0los problemas actuales; s\u00f3lo se emparcha y de esta manera no se \u00a0avanza. El problema no son las leyes en s\u00ed sino cumplirlas. En muchos casos \u00a0son imposibles aplicarlas, o nadie las\u00a0 controla.<\/p>\n<p>Los seres humanos debemos \u00a0preocuparnos por el desarrollo sustentable. Tenemos derecho a una vida saludable y productiva en armon\u00eda con la naturaleza. De otra forma solamente \u00a0sobreviviremos.<\/p>\n<p>&nbsp;<\/p>\n<p>*Cristi\u00e1n Frers \u2013 T\u00e9cnico Superior en Gesti\u00f3n Ambiental y T\u00e9cnico Superior en Comunicaci\u00f3n Social (Periodista).<\/p>\n<p>&nbsp;<\/p>\n","protected":false},"excerpt":{"rendered":"<p>Por Cristi\u00e1n Frers* &#8211; \u00a0La expansi\u00f3n, diversificaci\u00f3n y mayor impacto del ambientalismo social son aspectos de una agenda ambiental. Si &#8230; <a title=\"La importancia de una pol\u00edtica ambiental como pol\u00edtica de  Estado\" class=\"read-more\" href=\"https:\/\/www.hoymercedes.com.ar\/principal\/2018\/08\/26\/la-importancia-de-una-politica-ambiental-como-politica-de-estado\/\" aria-label=\"Leer m\u00e1s sobre La importancia de una pol\u00edtica ambiental como pol\u00edtica de  Estado\">Leer m\u00e1s<\/a><\/p>\n","protected":false},"author":1,"featured_media":80369,"comment_status":"closed","ping_status":"open","sticky":false,"template":"","format":"standard","meta":{"_monsterinsights_skip_tracking":false,"_monsterinsights_sitenote_active":false,"_monsterinsights_sitenote_note":"","_monsterinsights_sitenote_category":0,"jetpack_post_was_ever_published":false,"_jetpack_newsletter_access":"","_jetpack_dont_email_post_to_subs":false,"_jetpack_newsletter_tier_id":0,"_jetpack_memberships_contains_paywalled_content":false,"_jetpack_memberships_contains_paid_content":false,"footnotes":"","jetpack_publicize_message":"La importancia de una pol\u00edtica ambiental como pol\u00edtica de  Estado","jetpack_publicize_feature_enabled":true,"jetpack_social_post_already_shared":true,"jetpack_social_options":{"image_generator_settings":{"template":"highway","default_image_id":0,"font":"","enabled":false},"version":2},"_wpas_customize_per_network":false},"categories":[1],"tags":[43,8748],"class_list":["post-80368","post","type-post","status-publish","format-standard","has-post-thumbnail","hentry","category-opinion","tag-medio-ambiente","tag-opinion","generate-columns","tablet-grid-50","mobile-grid-100","grid-parent","grid-50"],"jetpack_publicize_connections":[],"jetpack_featured_media_url":"https:\/\/www.hoymercedes.com.ar\/principal\/wp-content\/uploads\/2018\/08\/26-ambiente.png","wps_subtitle":"","jetpack_sharing_enabled":true,"_links":{"self":[{"href":"https:\/\/www.hoymercedes.com.ar\/principal\/wp-json\/wp\/v2\/posts\/80368","targetHints":{"allow":["GET"]}}],"collection":[{"href":"https:\/\/www.hoymercedes.com.ar\/principal\/wp-json\/wp\/v2\/posts"}],"about":[{"href":"https:\/\/www.hoymercedes.com.ar\/principal\/wp-json\/wp\/v2\/types\/post"}],"author":[{"embeddable":true,"href":"https:\/\/www.hoymercedes.com.ar\/principal\/wp-json\/wp\/v2\/users\/1"}],"replies":[{"embeddable":true,"href":"https:\/\/www.hoymercedes.com.ar\/principal\/wp-json\/wp\/v2\/comments?post=80368"}],"version-history":[{"count":0,"href":"https:\/\/www.hoymercedes.com.ar\/principal\/wp-json\/wp\/v2\/posts\/80368\/revisions"}],"wp:featuredmedia":[{"embeddable":true,"href":"https:\/\/www.hoymercedes.com.ar\/principal\/wp-json\/wp\/v2\/media\/80369"}],"wp:attachment":[{"href":"https:\/\/www.hoymercedes.com.ar\/principal\/wp-json\/wp\/v2\/media?parent=80368"}],"wp:term":[{"taxonomy":"category","embeddable":true,"href":"https:\/\/www.hoymercedes.com.ar\/principal\/wp-json\/wp\/v2\/categories?post=80368"},{"taxonomy":"post_tag","embeddable":true,"href":"https:\/\/www.hoymercedes.com.ar\/principal\/wp-json\/wp\/v2\/tags?post=80368"}],"curies":[{"name":"wp","href":"https:\/\/api.w.org\/{rel}","templated":true}]}}