{"id":80382,"date":"2018-08-30T16:52:30","date_gmt":"2018-08-30T19:52:30","guid":{"rendered":"http:\/\/www.hoymercedes.com.ar\/principal\/?p=80382"},"modified":"2018-08-28T08:36:29","modified_gmt":"2018-08-28T11:36:29","slug":"buenos-resultados-para-quilmes-en-chivilcoy","status":"publish","type":"post","link":"https:\/\/www.hoymercedes.com.ar\/principal\/2018\/08\/30\/buenos-resultados-para-quilmes-en-chivilcoy\/","title":{"rendered":"Buenos resultados para Quilmes en Chivilcoy"},"content":{"rendered":"<p>Se disput\u00f3 este fin de semana la quinta fecha de la Liga Chivilcoyana de Voley, en la que Quilmes viene liderando en la mayor\u00eda de las divisionales.<\/p>\n<p><img loading=\"lazy\" decoding=\"async\" data-attachment-id=\"80383\" data-permalink=\"https:\/\/www.hoymercedes.com.ar\/principal\/2018\/08\/30\/buenos-resultados-para-quilmes-en-chivilcoy\/quilmes-voley-chivilcoy\/#main\" data-orig-file=\"https:\/\/www.hoymercedes.com.ar\/principal\/wp-content\/uploads\/2018\/08\/Quilmes-Voley-Chivilcoy.jpg\" data-orig-size=\"800,600\" data-comments-opened=\"0\" data-image-meta=\"{&quot;aperture&quot;:&quot;0&quot;,&quot;credit&quot;:&quot;&quot;,&quot;camera&quot;:&quot;&quot;,&quot;caption&quot;:&quot;&quot;,&quot;created_timestamp&quot;:&quot;0&quot;,&quot;copyright&quot;:&quot;&quot;,&quot;focal_length&quot;:&quot;0&quot;,&quot;iso&quot;:&quot;0&quot;,&quot;shutter_speed&quot;:&quot;0&quot;,&quot;title&quot;:&quot;&quot;,&quot;orientation&quot;:&quot;0&quot;}\" data-image-title=\"Quilmes Voley Chivilcoy\" data-image-description=\"\" data-image-caption=\"\" data-large-file=\"https:\/\/www.hoymercedes.com.ar\/principal\/wp-content\/uploads\/2018\/08\/Quilmes-Voley-Chivilcoy.jpg\" class=\"aligncenter size-medium wp-image-80383\" src=\"https:\/\/www.hoymercedes.com.ar\/principal\/wp-content\/uploads\/2018\/08\/Quilmes-Voley-Chivilcoy-630x473.jpg\" alt=\"\" width=\"630\" height=\"473\" srcset=\"https:\/\/www.hoymercedes.com.ar\/principal\/wp-content\/uploads\/2018\/08\/Quilmes-Voley-Chivilcoy-630x473.jpg 630w, https:\/\/www.hoymercedes.com.ar\/principal\/wp-content\/uploads\/2018\/08\/Quilmes-Voley-Chivilcoy-150x113.jpg 150w, https:\/\/www.hoymercedes.com.ar\/principal\/wp-content\/uploads\/2018\/08\/Quilmes-Voley-Chivilcoy.jpg 800w\" sizes=\"auto, (max-width: 630px) 100vw, 630px\" \/><\/p>\n<p>En la Sub 19, derrot\u00f3 a Independiente de Chivilcoy por 2 a 0 y sigue como l\u00edder. En Sub 17, gan\u00f3 primero a Independiente y luego a Tempestad de Areco, tambi\u00e9n por el mismo marcador. En Sub 15, Quilmes A y Quilmes B volvieron a medirse ante Independiente, ganando el primero y perdiendo el segundo.<\/p>\n<p>En cuanto a la Sub 13, Quilmes se impuso ante el equipo masculino del CEF 12 de Chivilcoy, y cay\u00f3 ante Deportivo Chacabuco, ambos en modalidad amistosa.<\/p>\n<div class=\"google-auto-placed ap_container\">\n<div class=\"entry-content\">\n<p>La pr\u00f3xima fecha ser\u00e1 el 15 de septiembre en Chivilcoy.<\/p>\n<\/div>\n<\/div>\n","protected":false},"excerpt":{"rendered":"<p>Se disput\u00f3 este fin de semana la quinta fecha de la Liga Chivilcoyana de Voley, en la que Quilmes viene &#8230; <a title=\"Buenos resultados para Quilmes en Chivilcoy\" class=\"read-more\" href=\"https:\/\/www.hoymercedes.com.ar\/principal\/2018\/08\/30\/buenos-resultados-para-quilmes-en-chivilcoy\/\" aria-label=\"Leer m\u00e1s sobre Buenos resultados para Quilmes en Chivilcoy\">Leer m\u00e1s<\/a><\/p>\n","protected":false},"author":1,"featured_media":0,"comment_status":"closed","ping_status":"open","sticky":false,"template":"","format":"standard","meta":{"_monsterinsights_skip_tracking":false,"_monsterinsights_sitenote_active":false,"_monsterinsights_sitenote_note":"","_monsterinsights_sitenote_category":0,"jetpack_post_was_ever_published":false,"_jetpack_newsletter_access":"","_jetpack_dont_email_post_to_subs":false,"_jetpack_newsletter_tier_id":0,"_jetpack_memberships_contains_paywalled_content":false,"_jetpack_memberships_contains_paid_content":false,"footnotes":"","jetpack_publicize_message":"","jetpack_publicize_feature_enabled":true,"jetpack_social_post_already_shared":true,"jetpack_social_options":{"image_generator_settings":{"template":"highway","default_image_id":0,"font":"","enabled":false},"version":2},"_wpas_customize_per_network":false},"categories":[21],"tags":[62,204,1413,8686],"class_list":["post-80382","post","type-post","status-publish","format-standard","hentry","category-deportes","tag-chivilcoy","tag-deportes-2","tag-quilmes","tag-voley","generate-columns","tablet-grid-50","mobile-grid-100","grid-parent","grid-50"],"jetpack_publicize_connections":[],"jetpack_featured_media_url":"","wps_subtitle":"Voley","jetpack_sharing_enabled":true,"_links":{"self":[{"href":"https:\/\/www.hoymercedes.com.ar\/principal\/wp-json\/wp\/v2\/posts\/80382","targetHints":{"allow":["GET"]}}],"collection":[{"href":"https:\/\/www.hoymercedes.com.ar\/principal\/wp-json\/wp\/v2\/posts"}],"about":[{"href":"https:\/\/www.hoymercedes.com.ar\/principal\/wp-json\/wp\/v2\/types\/post"}],"author":[{"embeddable":true,"href":"https:\/\/www.hoymercedes.com.ar\/principal\/wp-json\/wp\/v2\/users\/1"}],"replies":[{"embeddable":true,"href":"https:\/\/www.hoymercedes.com.ar\/principal\/wp-json\/wp\/v2\/comments?post=80382"}],"version-history":[{"count":0,"href":"https:\/\/www.hoymercedes.com.ar\/principal\/wp-json\/wp\/v2\/posts\/80382\/revisions"}],"wp:attachment":[{"href":"https:\/\/www.hoymercedes.com.ar\/principal\/wp-json\/wp\/v2\/media?parent=80382"}],"wp:term":[{"taxonomy":"category","embeddable":true,"href":"https:\/\/www.hoymercedes.com.ar\/principal\/wp-json\/wp\/v2\/categories?post=80382"},{"taxonomy":"post_tag","embeddable":true,"href":"https:\/\/www.hoymercedes.com.ar\/principal\/wp-json\/wp\/v2\/tags?post=80382"}],"curies":[{"name":"wp","href":"https:\/\/api.w.org\/{rel}","templated":true}]}}