{"id":80397,"date":"2018-08-28T08:55:38","date_gmt":"2018-08-28T11:55:38","guid":{"rendered":"http:\/\/www.hoymercedes.com.ar\/principal\/?p=80397"},"modified":"2018-08-28T08:55:38","modified_gmt":"2018-08-28T11:55:38","slug":"monica-caputo-y-hugo-dinzelbacher-exponen-dibujos-urbanos","status":"publish","type":"post","link":"https:\/\/www.hoymercedes.com.ar\/principal\/2018\/08\/28\/monica-caputo-y-hugo-dinzelbacher-exponen-dibujos-urbanos\/","title":{"rendered":"M\u00f3nica Caputo y Hugo Dinzelbacher exponen dibujos urbanos"},"content":{"rendered":"<p>El 1 de septiembre se inaugurar\u00e1 la nueva muestra conjunta de los artistas M\u00f3nica Caputo y Hugo Dinzelbacher en la sala B del Museo de Arte de la Municipalidad de Mercedes. A partir de la hora 19:30 estar\u00e1 abierta la exposici\u00f3n que podr\u00e1 visitarse hasta el 23 de septiembre.<\/p>\n<p><img loading=\"lazy\" decoding=\"async\" data-attachment-id=\"80398\" data-permalink=\"https:\/\/www.hoymercedes.com.ar\/principal\/2018\/08\/28\/monica-caputo-y-hugo-dinzelbacher-exponen-dibujos-urbanos\/28-dinzel-caputto\/#main\" data-orig-file=\"https:\/\/www.hoymercedes.com.ar\/principal\/wp-content\/uploads\/2018\/08\/28-Dinzel-Caputto.jpg\" data-orig-size=\"750,500\" data-comments-opened=\"0\" data-image-meta=\"{&quot;aperture&quot;:&quot;0&quot;,&quot;credit&quot;:&quot;&quot;,&quot;camera&quot;:&quot;&quot;,&quot;caption&quot;:&quot;&quot;,&quot;created_timestamp&quot;:&quot;1534848671&quot;,&quot;copyright&quot;:&quot;&quot;,&quot;focal_length&quot;:&quot;0&quot;,&quot;iso&quot;:&quot;0&quot;,&quot;shutter_speed&quot;:&quot;0&quot;,&quot;title&quot;:&quot;&quot;,&quot;orientation&quot;:&quot;1&quot;}\" data-image-title=\"28 Dinzel Caputto\" data-image-description=\"\" data-image-caption=\"\" data-large-file=\"https:\/\/www.hoymercedes.com.ar\/principal\/wp-content\/uploads\/2018\/08\/28-Dinzel-Caputto.jpg\" class=\"aligncenter size-medium wp-image-80398\" src=\"https:\/\/www.hoymercedes.com.ar\/principal\/wp-content\/uploads\/2018\/08\/28-Dinzel-Caputto-630x420.jpg\" alt=\"\" width=\"630\" height=\"420\" srcset=\"https:\/\/www.hoymercedes.com.ar\/principal\/wp-content\/uploads\/2018\/08\/28-Dinzel-Caputto-630x420.jpg 630w, https:\/\/www.hoymercedes.com.ar\/principal\/wp-content\/uploads\/2018\/08\/28-Dinzel-Caputto-150x100.jpg 150w, https:\/\/www.hoymercedes.com.ar\/principal\/wp-content\/uploads\/2018\/08\/28-Dinzel-Caputto.jpg 750w\" sizes=\"auto, (max-width: 630px) 100vw, 630px\" \/><\/p>\n<p>En esta oportunidad, la muestra est\u00e1 constituida por una selecci\u00f3n de dibujos que refiere a la exploraci\u00f3n de la vida en las ciudades. Lo visible y lo invisible, lo objetivo y lo subjetivo. La experiencia de lo urbano a trav\u00e9s de la mirada de dos artistas consagrados: Hugo Dinzelbacher y M\u00f3nica Caputo que exhiben trabajos de reciente producci\u00f3n, en dialogo con trabajos anteriores.<\/p>\n<p>Dinzelbacher, dibujante, pintor y grabador que expone trabajos en variados soportes y tintas en los salones m\u00e1s importantes a nivel nacional e internacioal, se expresa como habitante de la ciudad que recibe est\u00edmulos de la urbe en acci\u00f3n.<\/p>\n<p>De esa vinculaci\u00f3n e interacci\u00f3n con la realidad determina la inspiraci\u00f3n para sus obras: estructuras met\u00e1licas, gr\u00faas y la construcci\u00f3n edilicia en contraste con las villas y los residuos no reciclados. Futuro arqueol\u00f3gico del ma\u00f1ana, una imagen identificable en sus abstracciones urbanas.<\/p>\n<p>Por su parte, M\u00f3nica Caputo, personalidad destacada de la cultura declarada por la Legislatura de la Ciudad de Buenos Aires en 2017, presenta una selecci\u00f3n de dibujos esgrafiados. La serie \u201cCubiertos Pol\u00edticos\u201d, denominada as\u00ed por el cr\u00edtico pampeano M. A. Rodr\u00edguez que dice: \u201cLa obra de Caputo escapa a toda interpretaci\u00f3n ingenua. Sus cubiertos alborotados, en compartimentos estancos de caj\u00f3n, no constituye una imagen simple ni muchos menos desideologizada\u2026\u201d alegor\u00eda sobre mundos de disonancia y descr\u00e9dito\u2026\u201d<\/p>\n<p>La otra serie llamada \u201cTramperas\u201d muestra estructuras de tama\u00f1o ambiguo, potentes y cerradas, similares a cajas o cajones con extra\u00f1os mecanismos. Una met\u00e1fora sobre nuestras propias vidas, a veces deshumanizadas, por el encierro.<\/p>\n<p>La actual serie \u201c\u00c1rea Restringida\u201d reflexiona sobre las problem\u00e1ticas urbanas, l\u00edmites, barreras edilicias, prohibiciones.<\/p>\n<p>El espacio se transforma y nos transforma alej\u00e1ndonos del contacto con la naturaleza, y en forma t\u00e1cita, nos acorrala y nos condiciona.<\/p>\n<p>La propuesta invita a sumergir la visi\u00f3n del espectador en un mundo de cualidades particulares donde el mensaje esencial nace del interior de las necesidades de cada uno de los artistas.<\/p>\n<p>Desde las 19.30, con entrada libre y gratuita, los asistentes podr\u00e1n dialogar sobre cada uno de los trabajos expuestos con los artistas que protagonizan la muestra.<br \/>\nFuente: MAMM<\/p>\n","protected":false},"excerpt":{"rendered":"<p>El 1 de septiembre se inaugurar\u00e1 la nueva muestra conjunta de los artistas M\u00f3nica Caputo y Hugo Dinzelbacher en la &#8230; <a title=\"M\u00f3nica Caputo y Hugo Dinzelbacher exponen dibujos urbanos\" class=\"read-more\" href=\"https:\/\/www.hoymercedes.com.ar\/principal\/2018\/08\/28\/monica-caputo-y-hugo-dinzelbacher-exponen-dibujos-urbanos\/\" aria-label=\"Leer m\u00e1s sobre M\u00f3nica Caputo y Hugo Dinzelbacher exponen dibujos urbanos\">Leer m\u00e1s<\/a><\/p>\n","protected":false},"author":1,"featured_media":80398,"comment_status":"closed","ping_status":"open","sticky":false,"template":"","format":"standard","meta":{"_monsterinsights_skip_tracking":false,"_monsterinsights_sitenote_active":false,"_monsterinsights_sitenote_note":"","_monsterinsights_sitenote_category":0,"jetpack_post_was_ever_published":false,"_jetpack_newsletter_access":"","_jetpack_dont_email_post_to_subs":false,"_jetpack_newsletter_tier_id":0,"_jetpack_memberships_contains_paywalled_content":false,"_jetpack_memberships_contains_paid_content":false,"footnotes":"","jetpack_publicize_message":"","jetpack_publicize_feature_enabled":true,"jetpack_social_post_already_shared":true,"jetpack_social_options":{"image_generator_settings":{"template":"highway","default_image_id":0,"font":"","enabled":false},"version":2},"_wpas_customize_per_network":false},"categories":[104],"tags":[8890,7805,8674,8715,10869,9810],"class_list":["post-80397","post","type-post","status-publish","format-standard","has-post-thumbnail","hentry","category-cultura","tag-artes-plasticas","tag-cultura","tag-mamm","tag-muestra","tag-museo-de-arte","tag-pinturas","generate-columns","tablet-grid-50","mobile-grid-100","grid-parent","grid-50"],"jetpack_publicize_connections":[],"jetpack_featured_media_url":"https:\/\/www.hoymercedes.com.ar\/principal\/wp-content\/uploads\/2018\/08\/28-Dinzel-Caputto.jpg","wps_subtitle":"Desde el s\u00e1bado 1\u00b0","jetpack_sharing_enabled":true,"_links":{"self":[{"href":"https:\/\/www.hoymercedes.com.ar\/principal\/wp-json\/wp\/v2\/posts\/80397","targetHints":{"allow":["GET"]}}],"collection":[{"href":"https:\/\/www.hoymercedes.com.ar\/principal\/wp-json\/wp\/v2\/posts"}],"about":[{"href":"https:\/\/www.hoymercedes.com.ar\/principal\/wp-json\/wp\/v2\/types\/post"}],"author":[{"embeddable":true,"href":"https:\/\/www.hoymercedes.com.ar\/principal\/wp-json\/wp\/v2\/users\/1"}],"replies":[{"embeddable":true,"href":"https:\/\/www.hoymercedes.com.ar\/principal\/wp-json\/wp\/v2\/comments?post=80397"}],"version-history":[{"count":0,"href":"https:\/\/www.hoymercedes.com.ar\/principal\/wp-json\/wp\/v2\/posts\/80397\/revisions"}],"wp:featuredmedia":[{"embeddable":true,"href":"https:\/\/www.hoymercedes.com.ar\/principal\/wp-json\/wp\/v2\/media\/80398"}],"wp:attachment":[{"href":"https:\/\/www.hoymercedes.com.ar\/principal\/wp-json\/wp\/v2\/media?parent=80397"}],"wp:term":[{"taxonomy":"category","embeddable":true,"href":"https:\/\/www.hoymercedes.com.ar\/principal\/wp-json\/wp\/v2\/categories?post=80397"},{"taxonomy":"post_tag","embeddable":true,"href":"https:\/\/www.hoymercedes.com.ar\/principal\/wp-json\/wp\/v2\/tags?post=80397"}],"curies":[{"name":"wp","href":"https:\/\/api.w.org\/{rel}","templated":true}]}}