{"id":80403,"date":"2018-08-28T20:03:45","date_gmt":"2018-08-28T23:03:45","guid":{"rendered":"http:\/\/www.hoymercedes.com.ar\/principal\/?p=80403"},"modified":"2018-08-28T20:03:45","modified_gmt":"2018-08-28T23:03:45","slug":"referentes-de-turismo-rural-de-uba-se-reunieron-con-prestadores-locales","status":"publish","type":"post","link":"https:\/\/www.hoymercedes.com.ar\/principal\/2018\/08\/28\/referentes-de-turismo-rural-de-uba-se-reunieron-con-prestadores-locales\/","title":{"rendered":"Referentes de Turismo Rural de UBA se reunieron con prestadores locales"},"content":{"rendered":"<p>En la jornada de este lunes, los prestadores de servicios tur\u00edsticos de Mercedes mantuvieron un encuentro con referentes de la carrera de Turismo Rural de la Universidad de Buenos Aires. El encuentro coordinado por la Municipalidad de Mercedes se realiz\u00f3 en las instalaciones de la C\u00e1mara Econ\u00f3mica Mercedina.<\/p>\n<p><img loading=\"lazy\" decoding=\"async\" data-attachment-id=\"80405\" data-permalink=\"https:\/\/www.hoymercedes.com.ar\/principal\/2018\/08\/28\/referentes-de-turismo-rural-de-uba-se-reunieron-con-prestadores-locales\/28-turismo-2\/#main\" data-orig-file=\"https:\/\/www.hoymercedes.com.ar\/principal\/wp-content\/uploads\/2018\/08\/28-turismo-2.jpg\" data-orig-size=\"750,500\" data-comments-opened=\"0\" data-image-meta=\"{&quot;aperture&quot;:&quot;2&quot;,&quot;credit&quot;:&quot;&quot;,&quot;camera&quot;:&quot;Moto G (5S) Plus&quot;,&quot;caption&quot;:&quot;&quot;,&quot;created_timestamp&quot;:&quot;1535370153&quot;,&quot;copyright&quot;:&quot;&quot;,&quot;focal_length&quot;:&quot;3.59&quot;,&quot;iso&quot;:&quot;191&quot;,&quot;shutter_speed&quot;:&quot;0.033333333333333&quot;,&quot;title&quot;:&quot;&quot;,&quot;orientation&quot;:&quot;1&quot;}\" data-image-title=\"28 turismo 2\" data-image-description=\"\" data-image-caption=\"\" data-large-file=\"https:\/\/www.hoymercedes.com.ar\/principal\/wp-content\/uploads\/2018\/08\/28-turismo-2.jpg\" class=\"aligncenter size-medium wp-image-80405\" src=\"https:\/\/www.hoymercedes.com.ar\/principal\/wp-content\/uploads\/2018\/08\/28-turismo-2-630x420.jpg\" alt=\"\" width=\"630\" height=\"420\" srcset=\"https:\/\/www.hoymercedes.com.ar\/principal\/wp-content\/uploads\/2018\/08\/28-turismo-2-630x420.jpg 630w, https:\/\/www.hoymercedes.com.ar\/principal\/wp-content\/uploads\/2018\/08\/28-turismo-2-150x100.jpg 150w, https:\/\/www.hoymercedes.com.ar\/principal\/wp-content\/uploads\/2018\/08\/28-turismo-2.jpg 750w\" sizes=\"auto, (max-width: 630px) 100vw, 630px\" \/><\/p>\n<p>Con la presencia de\u00a0Sandra Fern\u00e1ndez, Directora de la carrera de Turismo Rural, qui\u00e9n encabeza el grupo de trabajo de la Universidad de Buenos Aires (UBA), el encuentro se dividi\u00f3 en dos. Por un lado, se reunieron los referentes del polo gastron\u00f3mico Tom\u00e1s Jofr\u00e9 que evaluaron formas de potencializar el pueblo rural. Y en otra sala, otro grupo habl\u00f3 del fortalecimiento del turismo rural en general.<\/p>\n<p>\u00abEstamos consultando a los prestadores, cu\u00e1les son sus necesidades y prioridades, y nosotros a trav\u00e9s de la universidad, trataremos desde lo t\u00e9cnico aportar una mirada m\u00e1s acad\u00e9mica. Siempre intentando trabajar de manera conjunta\u201d, expres\u00f3 la directora de la tecnicatura universitaria.<\/p>\n<p>Por su parte, el Jefe Comunal previo al inicio de las reuniones agradeci\u00f3 a los referentes tur\u00edsticos y al equipo de la UBA por llegarse hasta la ciudad con el objetivo de plantear herramientas para fortalecer el turismo rural en la ciudad.<\/p>\n<p><img loading=\"lazy\" decoding=\"async\" data-attachment-id=\"80404\" data-permalink=\"https:\/\/www.hoymercedes.com.ar\/principal\/2018\/08\/28\/referentes-de-turismo-rural-de-uba-se-reunieron-con-prestadores-locales\/28-turismo-1\/#main\" data-orig-file=\"https:\/\/www.hoymercedes.com.ar\/principal\/wp-content\/uploads\/2018\/08\/28-turismo-1.jpg\" data-orig-size=\"748,499\" data-comments-opened=\"0\" data-image-meta=\"{&quot;aperture&quot;:&quot;2&quot;,&quot;credit&quot;:&quot;&quot;,&quot;camera&quot;:&quot;Moto G (5S) Plus&quot;,&quot;caption&quot;:&quot;&quot;,&quot;created_timestamp&quot;:&quot;1535370192&quot;,&quot;copyright&quot;:&quot;&quot;,&quot;focal_length&quot;:&quot;3.59&quot;,&quot;iso&quot;:&quot;230&quot;,&quot;shutter_speed&quot;:&quot;0.033333333333333&quot;,&quot;title&quot;:&quot;&quot;,&quot;orientation&quot;:&quot;1&quot;}\" data-image-title=\"28 turismo 1\" data-image-description=\"\" data-image-caption=\"\" data-large-file=\"https:\/\/www.hoymercedes.com.ar\/principal\/wp-content\/uploads\/2018\/08\/28-turismo-1.jpg\" class=\"aligncenter size-medium wp-image-80404\" src=\"https:\/\/www.hoymercedes.com.ar\/principal\/wp-content\/uploads\/2018\/08\/28-turismo-1-630x420.jpg\" alt=\"\" width=\"630\" height=\"420\" srcset=\"https:\/\/www.hoymercedes.com.ar\/principal\/wp-content\/uploads\/2018\/08\/28-turismo-1-630x420.jpg 630w, https:\/\/www.hoymercedes.com.ar\/principal\/wp-content\/uploads\/2018\/08\/28-turismo-1-150x100.jpg 150w, https:\/\/www.hoymercedes.com.ar\/principal\/wp-content\/uploads\/2018\/08\/28-turismo-1.jpg 748w\" sizes=\"auto, (max-width: 630px) 100vw, 630px\" \/><\/p>\n<p>&nbsp;<\/p>\n<p>&nbsp;<\/p>\n<p>&nbsp;<\/p>\n","protected":false},"excerpt":{"rendered":"<p>En la jornada de este lunes, los prestadores de servicios tur\u00edsticos de Mercedes mantuvieron un encuentro con referentes de la &#8230; <a title=\"Referentes de Turismo Rural de UBA se reunieron con prestadores locales\" class=\"read-more\" href=\"https:\/\/www.hoymercedes.com.ar\/principal\/2018\/08\/28\/referentes-de-turismo-rural-de-uba-se-reunieron-con-prestadores-locales\/\" aria-label=\"Leer m\u00e1s sobre Referentes de Turismo Rural de UBA se reunieron con prestadores locales\">Leer m\u00e1s<\/a><\/p>\n","protected":false},"author":1,"featured_media":80405,"comment_status":"closed","ping_status":"open","sticky":false,"template":"","format":"standard","meta":{"_monsterinsights_skip_tracking":false,"_monsterinsights_sitenote_active":false,"_monsterinsights_sitenote_note":"","_monsterinsights_sitenote_category":0,"jetpack_post_was_ever_published":false,"_jetpack_newsletter_access":"","_jetpack_dont_email_post_to_subs":false,"_jetpack_newsletter_tier_id":0,"_jetpack_memberships_contains_paywalled_content":false,"_jetpack_memberships_contains_paid_content":false,"footnotes":"","jetpack_publicize_message":"","jetpack_publicize_feature_enabled":true,"jetpack_social_post_already_shared":true,"jetpack_social_options":{"image_generator_settings":{"template":"highway","default_image_id":0,"font":"","enabled":false},"version":2},"_wpas_customize_per_network":false},"categories":[30],"tags":[682,244,9727,1206],"class_list":["post-80403","post","type-post","status-publish","format-standard","has-post-thumbnail","hentry","category-municipio","tag-cem","tag-municipio-2","tag-turismo-rural","tag-uba","generate-columns","tablet-grid-50","mobile-grid-100","grid-parent","grid-50"],"jetpack_publicize_connections":[],"jetpack_featured_media_url":"https:\/\/www.hoymercedes.com.ar\/principal\/wp-content\/uploads\/2018\/08\/28-turismo-2.jpg","wps_subtitle":"Con el acompa\u00f1amiento de la Municipalidad y la CEM","jetpack_sharing_enabled":true,"_links":{"self":[{"href":"https:\/\/www.hoymercedes.com.ar\/principal\/wp-json\/wp\/v2\/posts\/80403","targetHints":{"allow":["GET"]}}],"collection":[{"href":"https:\/\/www.hoymercedes.com.ar\/principal\/wp-json\/wp\/v2\/posts"}],"about":[{"href":"https:\/\/www.hoymercedes.com.ar\/principal\/wp-json\/wp\/v2\/types\/post"}],"author":[{"embeddable":true,"href":"https:\/\/www.hoymercedes.com.ar\/principal\/wp-json\/wp\/v2\/users\/1"}],"replies":[{"embeddable":true,"href":"https:\/\/www.hoymercedes.com.ar\/principal\/wp-json\/wp\/v2\/comments?post=80403"}],"version-history":[{"count":0,"href":"https:\/\/www.hoymercedes.com.ar\/principal\/wp-json\/wp\/v2\/posts\/80403\/revisions"}],"wp:featuredmedia":[{"embeddable":true,"href":"https:\/\/www.hoymercedes.com.ar\/principal\/wp-json\/wp\/v2\/media\/80405"}],"wp:attachment":[{"href":"https:\/\/www.hoymercedes.com.ar\/principal\/wp-json\/wp\/v2\/media?parent=80403"}],"wp:term":[{"taxonomy":"category","embeddable":true,"href":"https:\/\/www.hoymercedes.com.ar\/principal\/wp-json\/wp\/v2\/categories?post=80403"},{"taxonomy":"post_tag","embeddable":true,"href":"https:\/\/www.hoymercedes.com.ar\/principal\/wp-json\/wp\/v2\/tags?post=80403"}],"curies":[{"name":"wp","href":"https:\/\/api.w.org\/{rel}","templated":true}]}}