{"id":80412,"date":"2018-08-28T21:29:20","date_gmt":"2018-08-29T00:29:20","guid":{"rendered":"http:\/\/www.hoymercedes.com.ar\/principal\/?p=80412"},"modified":"2018-08-28T20:46:11","modified_gmt":"2018-08-28T23:46:11","slug":"abrieron-la-inscripcion-para-participar-del-mercedes-rock","status":"publish","type":"post","link":"https:\/\/www.hoymercedes.com.ar\/principal\/2018\/08\/28\/abrieron-la-inscripcion-para-participar-del-mercedes-rock\/","title":{"rendered":"Abrieron la inscripci\u00f3n para participar del Mercedes Rock"},"content":{"rendered":"<p>Despu\u00e9s de m\u00e1s de veinte a\u00f1os vuelve a realizarse el Mercedes Rock. Los d\u00edas 20 y 21 de octubre ser\u00e1 el festival de rock cuyo cierre estar\u00e1 a cargo de Bersuit Vergarabat, tal como sucedi\u00f3 en su \u00faltima edici\u00f3n. La inscripci\u00f3n para las bandas que quieran participar se extiende hasta el 7 de septiembre en el Complejo Cultural La Trocha. Los requisitos son que tengan un a\u00f1o de trayectoria y temas propios.<\/p>\n<p><img loading=\"lazy\" decoding=\"async\" data-attachment-id=\"80413\" data-permalink=\"https:\/\/www.hoymercedes.com.ar\/principal\/2018\/08\/28\/abrieron-la-inscripcion-para-participar-del-mercedes-rock\/28-mercedes-rock\/#main\" data-orig-file=\"https:\/\/www.hoymercedes.com.ar\/principal\/wp-content\/uploads\/2018\/08\/28-mercedes-rock.jpg\" data-orig-size=\"750,500\" data-comments-opened=\"0\" data-image-meta=\"{&quot;aperture&quot;:&quot;2&quot;,&quot;credit&quot;:&quot;&quot;,&quot;camera&quot;:&quot;Moto G (5S) Plus&quot;,&quot;caption&quot;:&quot;&quot;,&quot;created_timestamp&quot;:&quot;1535108567&quot;,&quot;copyright&quot;:&quot;&quot;,&quot;focal_length&quot;:&quot;3.59&quot;,&quot;iso&quot;:&quot;646&quot;,&quot;shutter_speed&quot;:&quot;0.03030303030303&quot;,&quot;title&quot;:&quot;&quot;,&quot;orientation&quot;:&quot;1&quot;}\" data-image-title=\"28 mercedes rock\" data-image-description=\"\" data-image-caption=\"\" data-large-file=\"https:\/\/www.hoymercedes.com.ar\/principal\/wp-content\/uploads\/2018\/08\/28-mercedes-rock.jpg\" class=\"aligncenter size-medium wp-image-80413\" src=\"https:\/\/www.hoymercedes.com.ar\/principal\/wp-content\/uploads\/2018\/08\/28-mercedes-rock-630x420.jpg\" alt=\"\" width=\"630\" height=\"420\" srcset=\"https:\/\/www.hoymercedes.com.ar\/principal\/wp-content\/uploads\/2018\/08\/28-mercedes-rock-630x420.jpg 630w, https:\/\/www.hoymercedes.com.ar\/principal\/wp-content\/uploads\/2018\/08\/28-mercedes-rock-150x100.jpg 150w, https:\/\/www.hoymercedes.com.ar\/principal\/wp-content\/uploads\/2018\/08\/28-mercedes-rock.jpg 750w\" sizes=\"auto, (max-width: 630px) 100vw, 630px\" \/><\/p>\n<p>Con la presencia de integrantes del mundo rockero, el Jefe Comunal Juan Ignacio Ustarroz y la coordinadora de Juventud del Municipio Eugenia C\u00f3dega d\u00edas atr\u00e1s se present\u00f3 formalmente la renovada edici\u00f3n del Mercedes Rock. Para el mes de octubre se armar\u00e1 el escenario en donde actuar\u00e1n principalmente bandas locales.<\/p>\n<p>El cierre de las dos jornadas estar\u00e1 a cargo de la Bersuit Vergarabat, banda que particip\u00f3 del \u00faltimo Mercedes Rock y que incluy\u00f3 la actuaci\u00f3n en la ciudad en el marco de su aniversario.<\/p>\n<p>Asimismo, se instalar\u00e1 una \u201ccantina solidaria\u201d que tendr\u00e1 como objetivo recaudar parte de los fondos para la construcci\u00f3n de esta sala de grabaci\u00f3n.<\/p>\n<p>Las bandas locales se pueden inscribir hasta el 7 septiembre en el Complejo Cultural La Trocha, de 9 a 15 horas. Los requisitos es que las mismas tengan un a\u00f1o de trayectoria y temas propios. Luego de esa inscripci\u00f3n habr\u00e1 un sorteo para determinar en qu\u00e9 orden actuar\u00e1n cada uno de los d\u00edas.<\/p>\n<p>En el anuncio estuvieron presentes \u00abPeto\u00bb C\u00e1ngaro, Adri\u00e1n \u00abMoco\u00bb Alvarado, Walter Lescano, Alberto Pucheta, Lautaro Ferrer, Carlos Brea, Teo Herrero, Nicol\u00e1s Laurino, Isaias Freyre, Pablo Porfido y Mariano Mirko, representando a todos las personas que integran la organizaci\u00f3n del evento.<\/p>\n<p>&nbsp;<\/p>\n","protected":false},"excerpt":{"rendered":"<p>Despu\u00e9s de m\u00e1s de veinte a\u00f1os vuelve a realizarse el Mercedes Rock. Los d\u00edas 20 y 21 de octubre ser\u00e1 &#8230; <a title=\"Abrieron la inscripci\u00f3n para participar del Mercedes Rock\" class=\"read-more\" href=\"https:\/\/www.hoymercedes.com.ar\/principal\/2018\/08\/28\/abrieron-la-inscripcion-para-participar-del-mercedes-rock\/\" aria-label=\"Leer m\u00e1s sobre Abrieron la inscripci\u00f3n para participar del Mercedes Rock\">Leer m\u00e1s<\/a><\/p>\n","protected":false},"author":1,"featured_media":80413,"comment_status":"closed","ping_status":"open","sticky":false,"template":"","format":"standard","meta":{"_monsterinsights_skip_tracking":false,"_monsterinsights_sitenote_active":false,"_monsterinsights_sitenote_note":"","_monsterinsights_sitenote_category":0,"jetpack_post_was_ever_published":false,"_jetpack_newsletter_access":"","_jetpack_dont_email_post_to_subs":false,"_jetpack_newsletter_tier_id":0,"_jetpack_memberships_contains_paywalled_content":false,"_jetpack_memberships_contains_paid_content":false,"footnotes":"","jetpack_publicize_message":"","jetpack_publicize_feature_enabled":true,"jetpack_social_post_already_shared":true,"jetpack_social_options":{"image_generator_settings":{"template":"highway","default_image_id":0,"font":"","enabled":false},"version":2},"_wpas_customize_per_network":false},"categories":[104],"tags":[7805,8668,10,244,8539,265],"class_list":["post-80412","post","type-post","status-publish","format-standard","has-post-thumbnail","hentry","category-cultura","tag-cultura","tag-inscripcion","tag-mercedes","tag-municipio-2","tag-musica","tag-rock","generate-columns","tablet-grid-50","mobile-grid-100","grid-parent","grid-50"],"jetpack_publicize_connections":[],"jetpack_featured_media_url":"https:\/\/www.hoymercedes.com.ar\/principal\/wp-content\/uploads\/2018\/08\/28-mercedes-rock.jpg","wps_subtitle":"Hasta el 7 de septiembre","jetpack_sharing_enabled":true,"_links":{"self":[{"href":"https:\/\/www.hoymercedes.com.ar\/principal\/wp-json\/wp\/v2\/posts\/80412","targetHints":{"allow":["GET"]}}],"collection":[{"href":"https:\/\/www.hoymercedes.com.ar\/principal\/wp-json\/wp\/v2\/posts"}],"about":[{"href":"https:\/\/www.hoymercedes.com.ar\/principal\/wp-json\/wp\/v2\/types\/post"}],"author":[{"embeddable":true,"href":"https:\/\/www.hoymercedes.com.ar\/principal\/wp-json\/wp\/v2\/users\/1"}],"replies":[{"embeddable":true,"href":"https:\/\/www.hoymercedes.com.ar\/principal\/wp-json\/wp\/v2\/comments?post=80412"}],"version-history":[{"count":0,"href":"https:\/\/www.hoymercedes.com.ar\/principal\/wp-json\/wp\/v2\/posts\/80412\/revisions"}],"wp:featuredmedia":[{"embeddable":true,"href":"https:\/\/www.hoymercedes.com.ar\/principal\/wp-json\/wp\/v2\/media\/80413"}],"wp:attachment":[{"href":"https:\/\/www.hoymercedes.com.ar\/principal\/wp-json\/wp\/v2\/media?parent=80412"}],"wp:term":[{"taxonomy":"category","embeddable":true,"href":"https:\/\/www.hoymercedes.com.ar\/principal\/wp-json\/wp\/v2\/categories?post=80412"},{"taxonomy":"post_tag","embeddable":true,"href":"https:\/\/www.hoymercedes.com.ar\/principal\/wp-json\/wp\/v2\/tags?post=80412"}],"curies":[{"name":"wp","href":"https:\/\/api.w.org\/{rel}","templated":true}]}}