{"id":80418,"date":"2018-08-28T22:32:19","date_gmt":"2018-08-29T01:32:19","guid":{"rendered":"http:\/\/www.hoymercedes.com.ar\/principal\/?p=80418"},"modified":"2018-08-28T22:32:19","modified_gmt":"2018-08-29T01:32:19","slug":"tano-veron-realiza-mural-artistico-en-el-villa-abrille","status":"publish","type":"post","link":"https:\/\/www.hoymercedes.com.ar\/principal\/2018\/08\/28\/tano-veron-realiza-mural-artistico-en-el-villa-abrille\/","title":{"rendered":"Tano Ver\u00f3n realiza mural art\u00edstico en el Villa Abrille"},"content":{"rendered":"<p><img loading=\"lazy\" decoding=\"async\" data-attachment-id=\"80419\" data-permalink=\"https:\/\/www.hoymercedes.com.ar\/principal\/2018\/08\/28\/tano-veron-realiza-mural-artistico-en-el-villa-abrille\/veron-ustarroz\/#main\" data-orig-file=\"https:\/\/www.hoymercedes.com.ar\/principal\/wp-content\/uploads\/2018\/08\/veron-ustarroz.jpeg\" data-orig-size=\"889,631\" data-comments-opened=\"0\" data-image-meta=\"{&quot;aperture&quot;:&quot;0&quot;,&quot;credit&quot;:&quot;&quot;,&quot;camera&quot;:&quot;&quot;,&quot;caption&quot;:&quot;&quot;,&quot;created_timestamp&quot;:&quot;0&quot;,&quot;copyright&quot;:&quot;&quot;,&quot;focal_length&quot;:&quot;0&quot;,&quot;iso&quot;:&quot;0&quot;,&quot;shutter_speed&quot;:&quot;0&quot;,&quot;title&quot;:&quot;&quot;,&quot;orientation&quot;:&quot;0&quot;}\" data-image-title=\"veron-ustarroz\" data-image-description=\"\" data-image-caption=\"\" data-large-file=\"https:\/\/www.hoymercedes.com.ar\/principal\/wp-content\/uploads\/2018\/08\/veron-ustarroz.jpeg\" class=\"aligncenter size-medium wp-image-80419\" src=\"https:\/\/www.hoymercedes.com.ar\/principal\/wp-content\/uploads\/2018\/08\/veron-ustarroz-630x447.jpeg\" alt=\"\" width=\"630\" height=\"447\" srcset=\"https:\/\/www.hoymercedes.com.ar\/principal\/wp-content\/uploads\/2018\/08\/veron-ustarroz-630x447.jpeg 630w, https:\/\/www.hoymercedes.com.ar\/principal\/wp-content\/uploads\/2018\/08\/veron-ustarroz-150x106.jpeg 150w, https:\/\/www.hoymercedes.com.ar\/principal\/wp-content\/uploads\/2018\/08\/veron-ustarroz.jpeg 889w\" sizes=\"auto, (max-width: 630px) 100vw, 630px\" \/><\/p>\n<p>En el marco de lo que son las celebraciones de su 49 aniversario, en el Hogar Villa Abrille se est\u00e1 terminando un mural a cargo del afamado artista \u201cTano\u201d Ver\u00f3n. El intendente Ustarroz visit\u00f3 la obra en construcci\u00f3n y dialog\u00f3 con el artista, evaluando incluso m\u00e1s intervenciones en la ciudad.<\/p>\n<p>El pr\u00f3ximo domingo se conmemoran 49 a\u00f1os de la querida instituci\u00f3n, la cual ha sido objeto de gran cantidad de obras e inversi\u00f3n en el \u00faltimo tiempo, desde ba\u00f1os nuevos a vidrios anti estallido, reformas en el acceso con rampa y veredas, pintura, arbolado, muebles, y m\u00e1s, siempre pensando en el bienestar de nuestros adultos mayores, sin olvidar que tras 47 a\u00f1os se logr\u00f3 su habilitaci\u00f3n.<\/p>\n<p>En este marco, en uno de los patios internos, se est\u00e1 llevando a cabo una intervenci\u00f3n art\u00edstica con uno de los famosos murales del artista mercedino que no para de hacer obras en todo el pa\u00eds y tambi\u00e9n en Latinoam\u00e9rica.<\/p>\n<p>Sin duda, ser\u00e1 una hermosa visual para todos los residentes.<\/p>\n<p>&nbsp;<\/p>\n<p><img loading=\"lazy\" decoding=\"async\" data-attachment-id=\"80420\" data-permalink=\"https:\/\/www.hoymercedes.com.ar\/principal\/2018\/08\/28\/tano-veron-realiza-mural-artistico-en-el-villa-abrille\/villaabrille-tanoveron\/#main\" data-orig-file=\"https:\/\/www.hoymercedes.com.ar\/principal\/wp-content\/uploads\/2018\/08\/villaabrille-tanoveron.jpg\" data-orig-size=\"873,582\" data-comments-opened=\"0\" data-image-meta=\"{&quot;aperture&quot;:&quot;0&quot;,&quot;credit&quot;:&quot;&quot;,&quot;camera&quot;:&quot;&quot;,&quot;caption&quot;:&quot;&quot;,&quot;created_timestamp&quot;:&quot;0&quot;,&quot;copyright&quot;:&quot;&quot;,&quot;focal_length&quot;:&quot;0&quot;,&quot;iso&quot;:&quot;0&quot;,&quot;shutter_speed&quot;:&quot;0&quot;,&quot;title&quot;:&quot;&quot;,&quot;orientation&quot;:&quot;0&quot;}\" data-image-title=\"villaabrille-tanoveron\" data-image-description=\"\" data-image-caption=\"\" data-large-file=\"https:\/\/www.hoymercedes.com.ar\/principal\/wp-content\/uploads\/2018\/08\/villaabrille-tanoveron.jpg\" class=\"aligncenter size-medium wp-image-80420\" src=\"https:\/\/www.hoymercedes.com.ar\/principal\/wp-content\/uploads\/2018\/08\/villaabrille-tanoveron-630x420.jpg\" alt=\"\" width=\"630\" height=\"420\" srcset=\"https:\/\/www.hoymercedes.com.ar\/principal\/wp-content\/uploads\/2018\/08\/villaabrille-tanoveron-630x420.jpg 630w, https:\/\/www.hoymercedes.com.ar\/principal\/wp-content\/uploads\/2018\/08\/villaabrille-tanoveron-150x100.jpg 150w, https:\/\/www.hoymercedes.com.ar\/principal\/wp-content\/uploads\/2018\/08\/villaabrille-tanoveron.jpg 873w\" sizes=\"auto, (max-width: 630px) 100vw, 630px\" \/><\/p>\n<p>Data: Villa Abrille<\/p>\n","protected":false},"excerpt":{"rendered":"<p>En el marco de lo que son las celebraciones de su 49 aniversario, en el Hogar Villa Abrille se est\u00e1 &#8230; <a title=\"Tano Ver\u00f3n realiza mural art\u00edstico en el Villa Abrille\" class=\"read-more\" href=\"https:\/\/www.hoymercedes.com.ar\/principal\/2018\/08\/28\/tano-veron-realiza-mural-artistico-en-el-villa-abrille\/\" aria-label=\"Leer m\u00e1s sobre Tano Ver\u00f3n realiza mural art\u00edstico en el Villa Abrille\">Leer m\u00e1s<\/a><\/p>\n","protected":false},"author":1,"featured_media":80419,"comment_status":"closed","ping_status":"open","sticky":false,"template":"","format":"standard","meta":{"_monsterinsights_skip_tracking":false,"_monsterinsights_sitenote_active":false,"_monsterinsights_sitenote_note":"","_monsterinsights_sitenote_category":0,"jetpack_post_was_ever_published":false,"_jetpack_newsletter_access":"","_jetpack_dont_email_post_to_subs":false,"_jetpack_newsletter_tier_id":0,"_jetpack_memberships_contains_paywalled_content":false,"_jetpack_memberships_contains_paid_content":false,"footnotes":"","jetpack_publicize_message":"","jetpack_publicize_feature_enabled":true,"jetpack_social_post_already_shared":true,"jetpack_social_options":{"image_generator_settings":{"template":"highway","default_image_id":0,"font":"","enabled":false},"version":2},"_wpas_customize_per_network":false},"categories":[30],"tags":[585,9175,10944],"class_list":["post-80418","post","type-post","status-publish","format-standard","has-post-thumbnail","hentry","category-municipio","tag-juan-ustarroz","tag-tano-veron","tag-villa-abrille","generate-columns","tablet-grid-50","mobile-grid-100","grid-parent","grid-50"],"jetpack_publicize_connections":[],"jetpack_featured_media_url":"https:\/\/www.hoymercedes.com.ar\/principal\/wp-content\/uploads\/2018\/08\/veron-ustarroz.jpeg","wps_subtitle":"Municipio","jetpack_sharing_enabled":true,"_links":{"self":[{"href":"https:\/\/www.hoymercedes.com.ar\/principal\/wp-json\/wp\/v2\/posts\/80418","targetHints":{"allow":["GET"]}}],"collection":[{"href":"https:\/\/www.hoymercedes.com.ar\/principal\/wp-json\/wp\/v2\/posts"}],"about":[{"href":"https:\/\/www.hoymercedes.com.ar\/principal\/wp-json\/wp\/v2\/types\/post"}],"author":[{"embeddable":true,"href":"https:\/\/www.hoymercedes.com.ar\/principal\/wp-json\/wp\/v2\/users\/1"}],"replies":[{"embeddable":true,"href":"https:\/\/www.hoymercedes.com.ar\/principal\/wp-json\/wp\/v2\/comments?post=80418"}],"version-history":[{"count":0,"href":"https:\/\/www.hoymercedes.com.ar\/principal\/wp-json\/wp\/v2\/posts\/80418\/revisions"}],"wp:featuredmedia":[{"embeddable":true,"href":"https:\/\/www.hoymercedes.com.ar\/principal\/wp-json\/wp\/v2\/media\/80419"}],"wp:attachment":[{"href":"https:\/\/www.hoymercedes.com.ar\/principal\/wp-json\/wp\/v2\/media?parent=80418"}],"wp:term":[{"taxonomy":"category","embeddable":true,"href":"https:\/\/www.hoymercedes.com.ar\/principal\/wp-json\/wp\/v2\/categories?post=80418"},{"taxonomy":"post_tag","embeddable":true,"href":"https:\/\/www.hoymercedes.com.ar\/principal\/wp-json\/wp\/v2\/tags?post=80418"}],"curies":[{"name":"wp","href":"https:\/\/api.w.org\/{rel}","templated":true}]}}