{"id":80426,"date":"2018-08-29T09:37:04","date_gmt":"2018-08-29T12:37:04","guid":{"rendered":"http:\/\/www.hoymercedes.com.ar\/principal\/?p=80426"},"modified":"2018-08-29T09:37:04","modified_gmt":"2018-08-29T12:37:04","slug":"virginia-altube-confirmo-que-en-octubre-presentara-nuevo-disco","status":"publish","type":"post","link":"https:\/\/www.hoymercedes.com.ar\/principal\/2018\/08\/29\/virginia-altube-confirmo-que-en-octubre-presentara-nuevo-disco\/","title":{"rendered":"Virginia Altube confirm\u00f3 que en octubre presentar\u00e1 nuevo disco"},"content":{"rendered":"<p>A trav\u00e9s de las redes sociales, la cantora mercedina Virginia Altube anticip\u00f3 que en el mes de octubre presentar\u00e1 su nuevo material discogr\u00e1fico \u00abBajo esta Luz\u00bb. En La Cultural Dumer ser\u00e1 la presentaci\u00f3n del disco el d\u00eda 27 de octubre.<\/p>\n<p>\u00abAmigas y amigos, de la m\u00fasica y de la vida, les cuento que el s\u00e1bado 27 de octubre estaremos presentando \u00abBajo esta luz\u00bb, un trabajo discogr\u00e1fico que re\u00fane bellos y muy queridos temas, y queridos m\u00fasicos, adem\u00e1s de muy buenos en lo que hacen\u00bb, expres\u00f3 Virgnia Altube.<\/p>\n<p>\u00abMe parece que va a ser una linda fecha, en la que vamos a juntar lo ya hecho, con nuevos repertorios: \u00abBajo esta luz\u00bb m\u00e1s \u00bb Late la tierra\u00bb M\u00e1s adelante daremos m\u00e1s detalles.\u00a0Por ahora, sepan que para nosotros vale, y mucho, que ustedes, con quienes compartimos m\u00fasica, emociones, afectos, est\u00e9n ah\u00ed, en Dumer, esa noche\u00bb, agreg\u00f3 la cantora invitando a quienes gusten de su voz a agendar la fecha.<\/p>\n<p><img loading=\"lazy\" decoding=\"async\" data-attachment-id=\"80427\" data-permalink=\"https:\/\/www.hoymercedes.com.ar\/principal\/2018\/08\/29\/virginia-altube-confirmo-que-en-octubre-presentara-nuevo-disco\/29-virginia\/#main\" data-orig-file=\"https:\/\/www.hoymercedes.com.ar\/principal\/wp-content\/uploads\/2018\/08\/29-virginia.jpg\" data-orig-size=\"750,742\" data-comments-opened=\"0\" data-image-meta=\"{&quot;aperture&quot;:&quot;0&quot;,&quot;credit&quot;:&quot;&quot;,&quot;camera&quot;:&quot;&quot;,&quot;caption&quot;:&quot;&quot;,&quot;created_timestamp&quot;:&quot;0&quot;,&quot;copyright&quot;:&quot;&quot;,&quot;focal_length&quot;:&quot;0&quot;,&quot;iso&quot;:&quot;0&quot;,&quot;shutter_speed&quot;:&quot;0&quot;,&quot;title&quot;:&quot;&quot;,&quot;orientation&quot;:&quot;0&quot;}\" data-image-title=\"29 virginia\" data-image-description=\"\" data-image-caption=\"\" data-large-file=\"https:\/\/www.hoymercedes.com.ar\/principal\/wp-content\/uploads\/2018\/08\/29-virginia.jpg\" class=\"aligncenter size-medium wp-image-80427\" src=\"https:\/\/www.hoymercedes.com.ar\/principal\/wp-content\/uploads\/2018\/08\/29-virginia-627x620.jpg\" alt=\"\" width=\"627\" height=\"620\" srcset=\"https:\/\/www.hoymercedes.com.ar\/principal\/wp-content\/uploads\/2018\/08\/29-virginia-627x620.jpg 627w, https:\/\/www.hoymercedes.com.ar\/principal\/wp-content\/uploads\/2018\/08\/29-virginia-150x148.jpg 150w, https:\/\/www.hoymercedes.com.ar\/principal\/wp-content\/uploads\/2018\/08\/29-virginia.jpg 750w\" sizes=\"auto, (max-width: 627px) 100vw, 627px\" \/><\/p>\n","protected":false},"excerpt":{"rendered":"<p>A trav\u00e9s de las redes sociales, la cantora mercedina Virginia Altube anticip\u00f3 que en el mes de octubre presentar\u00e1 su &#8230; <a title=\"Virginia Altube confirm\u00f3 que en octubre presentar\u00e1 nuevo disco\" class=\"read-more\" href=\"https:\/\/www.hoymercedes.com.ar\/principal\/2018\/08\/29\/virginia-altube-confirmo-que-en-octubre-presentara-nuevo-disco\/\" aria-label=\"Leer m\u00e1s sobre Virginia Altube confirm\u00f3 que en octubre presentar\u00e1 nuevo disco\">Leer m\u00e1s<\/a><\/p>\n","protected":false},"author":1,"featured_media":80427,"comment_status":"closed","ping_status":"open","sticky":false,"template":"","format":"standard","meta":{"_monsterinsights_skip_tracking":false,"_monsterinsights_sitenote_active":false,"_monsterinsights_sitenote_note":"","_monsterinsights_sitenote_category":0,"jetpack_post_was_ever_published":false,"_jetpack_newsletter_access":"","_jetpack_dont_email_post_to_subs":false,"_jetpack_newsletter_tier_id":0,"_jetpack_memberships_contains_paywalled_content":false,"_jetpack_memberships_contains_paid_content":false,"footnotes":"","jetpack_publicize_message":"","jetpack_publicize_feature_enabled":true,"jetpack_social_post_already_shared":true,"jetpack_social_options":{"image_generator_settings":{"template":"highway","default_image_id":0,"font":"","enabled":false},"version":2},"_wpas_customize_per_network":false},"categories":[104],"tags":[7805,13248,8539,2403],"class_list":["post-80426","post","type-post","status-publish","format-standard","has-post-thumbnail","hentry","category-cultura","tag-cultura","tag-la-cultural-dumer","tag-musica","tag-virginia-altube","generate-columns","tablet-grid-50","mobile-grid-100","grid-parent","grid-50"],"jetpack_publicize_connections":[],"jetpack_featured_media_url":"https:\/\/www.hoymercedes.com.ar\/principal\/wp-content\/uploads\/2018\/08\/29-virginia.jpg","wps_subtitle":"Para ir agendando","jetpack_sharing_enabled":true,"_links":{"self":[{"href":"https:\/\/www.hoymercedes.com.ar\/principal\/wp-json\/wp\/v2\/posts\/80426","targetHints":{"allow":["GET"]}}],"collection":[{"href":"https:\/\/www.hoymercedes.com.ar\/principal\/wp-json\/wp\/v2\/posts"}],"about":[{"href":"https:\/\/www.hoymercedes.com.ar\/principal\/wp-json\/wp\/v2\/types\/post"}],"author":[{"embeddable":true,"href":"https:\/\/www.hoymercedes.com.ar\/principal\/wp-json\/wp\/v2\/users\/1"}],"replies":[{"embeddable":true,"href":"https:\/\/www.hoymercedes.com.ar\/principal\/wp-json\/wp\/v2\/comments?post=80426"}],"version-history":[{"count":0,"href":"https:\/\/www.hoymercedes.com.ar\/principal\/wp-json\/wp\/v2\/posts\/80426\/revisions"}],"wp:featuredmedia":[{"embeddable":true,"href":"https:\/\/www.hoymercedes.com.ar\/principal\/wp-json\/wp\/v2\/media\/80427"}],"wp:attachment":[{"href":"https:\/\/www.hoymercedes.com.ar\/principal\/wp-json\/wp\/v2\/media?parent=80426"}],"wp:term":[{"taxonomy":"category","embeddable":true,"href":"https:\/\/www.hoymercedes.com.ar\/principal\/wp-json\/wp\/v2\/categories?post=80426"},{"taxonomy":"post_tag","embeddable":true,"href":"https:\/\/www.hoymercedes.com.ar\/principal\/wp-json\/wp\/v2\/tags?post=80426"}],"curies":[{"name":"wp","href":"https:\/\/api.w.org\/{rel}","templated":true}]}}