{"id":80442,"date":"2018-08-30T09:24:28","date_gmt":"2018-08-30T12:24:28","guid":{"rendered":"http:\/\/www.hoymercedes.com.ar\/principal\/?p=80442"},"modified":"2018-08-30T09:24:28","modified_gmt":"2018-08-30T12:24:28","slug":"nuevo-violento-choque-en-ruta-5","status":"publish","type":"post","link":"https:\/\/www.hoymercedes.com.ar\/principal\/2018\/08\/30\/nuevo-violento-choque-en-ruta-5\/","title":{"rendered":"Nuevo violento choque en Ruta 5"},"content":{"rendered":"<p>Pasadas las ocho de la noche del d\u00eda mi\u00e9rcoles, la Ruta Nacional N\u00b0 5 volvi\u00f3 a ser epicentro de un siniestro vial. En esta oportunidad,\u00a0una pick up y un autom\u00f3vil, chocaron a la altura del km 148,600 en jurisdicci\u00f3n del partido de Chivilcoy.<\/p>\n<p><img loading=\"lazy\" decoding=\"async\" data-attachment-id=\"80443\" data-permalink=\"https:\/\/www.hoymercedes.com.ar\/principal\/2018\/08\/30\/nuevo-violento-choque-en-ruta-5\/30-choque-5\/#main\" data-orig-file=\"https:\/\/www.hoymercedes.com.ar\/principal\/wp-content\/uploads\/2018\/08\/30-choque-5.jpg\" data-orig-size=\"750,563\" data-comments-opened=\"0\" data-image-meta=\"{&quot;aperture&quot;:&quot;0&quot;,&quot;credit&quot;:&quot;&quot;,&quot;camera&quot;:&quot;&quot;,&quot;caption&quot;:&quot;&quot;,&quot;created_timestamp&quot;:&quot;0&quot;,&quot;copyright&quot;:&quot;&quot;,&quot;focal_length&quot;:&quot;0&quot;,&quot;iso&quot;:&quot;0&quot;,&quot;shutter_speed&quot;:&quot;0&quot;,&quot;title&quot;:&quot;&quot;,&quot;orientation&quot;:&quot;0&quot;}\" data-image-title=\"30 choque 5\" data-image-description=\"\" data-image-caption=\"\" data-large-file=\"https:\/\/www.hoymercedes.com.ar\/principal\/wp-content\/uploads\/2018\/08\/30-choque-5.jpg\" class=\"aligncenter size-medium wp-image-80443\" src=\"https:\/\/www.hoymercedes.com.ar\/principal\/wp-content\/uploads\/2018\/08\/30-choque-5-630x473.jpg\" alt=\"\" width=\"630\" height=\"473\" srcset=\"https:\/\/www.hoymercedes.com.ar\/principal\/wp-content\/uploads\/2018\/08\/30-choque-5-630x473.jpg 630w, https:\/\/www.hoymercedes.com.ar\/principal\/wp-content\/uploads\/2018\/08\/30-choque-5-150x113.jpg 150w, https:\/\/www.hoymercedes.com.ar\/principal\/wp-content\/uploads\/2018\/08\/30-choque-5.jpg 750w\" sizes=\"auto, (max-width: 630px) 100vw, 630px\" \/><\/p>\n<p>All\u00ed un autom\u00f3vil Volkswagen Passat CC, color gris oscuro, dominio NIK-143, que circulaba en sentido Suipacha-Chivilcoy , al intentar adelantarse a un cami\u00f3n choca violentamente con una pick up Ford F-100 color rojo, dominio VEH-498 que circulaba en sentido contrario, es decir desde Chivilcoy hacia Suipacha., producto de la violenta colisi\u00f3n entre ambos veh\u00edculos, la pick up quedo atravesada sobre la cinta asf\u00e1ltica en tanto el autom\u00f3vil finalizo sobre la zona de pr\u00e9stamo de la mano contraria a la que circulaba.<\/p>\n<p>El Volkswagen Passat , era conducido Hector Antonio Tristan, de 65 a\u00f1os, quien viajaba acompa\u00f1ado por Rodrigo Leonardo Vendramin, de 39 a\u00f1os ambos domiciliados en Capital Federal , quienes se dirig\u00edan desde all\u00ed hacia la ciudad de 9 de Julio, ambos resultaron ilesos., en tanto la pick up Ford F100 era conducida por Daniel Mesias Yancovich, de 43 a\u00f1os, quien viajaba acompa\u00f1ado por Gaston Maximiliano Demetrio, de 30 a\u00f1os, y dos menores de edad de 13 y 14 a\u00f1os , todos residentes en la ciudad de Moreno y se dirig\u00edan desde 9 de julio hacia all\u00ed.<\/p>\n<p><img loading=\"lazy\" decoding=\"async\" data-attachment-id=\"80444\" data-permalink=\"https:\/\/www.hoymercedes.com.ar\/principal\/2018\/08\/30\/nuevo-violento-choque-en-ruta-5\/30-choque-51\/#main\" data-orig-file=\"https:\/\/www.hoymercedes.com.ar\/principal\/wp-content\/uploads\/2018\/08\/30-choque-51.jpg\" data-orig-size=\"750,563\" data-comments-opened=\"0\" data-image-meta=\"{&quot;aperture&quot;:&quot;0&quot;,&quot;credit&quot;:&quot;&quot;,&quot;camera&quot;:&quot;&quot;,&quot;caption&quot;:&quot;&quot;,&quot;created_timestamp&quot;:&quot;0&quot;,&quot;copyright&quot;:&quot;&quot;,&quot;focal_length&quot;:&quot;0&quot;,&quot;iso&quot;:&quot;0&quot;,&quot;shutter_speed&quot;:&quot;0&quot;,&quot;title&quot;:&quot;&quot;,&quot;orientation&quot;:&quot;0&quot;}\" data-image-title=\"30 choque 51\" data-image-description=\"\" data-image-caption=\"\" data-large-file=\"https:\/\/www.hoymercedes.com.ar\/principal\/wp-content\/uploads\/2018\/08\/30-choque-51.jpg\" class=\"aligncenter size-medium wp-image-80444\" src=\"https:\/\/www.hoymercedes.com.ar\/principal\/wp-content\/uploads\/2018\/08\/30-choque-51-630x473.jpg\" alt=\"\" width=\"630\" height=\"473\" srcset=\"https:\/\/www.hoymercedes.com.ar\/principal\/wp-content\/uploads\/2018\/08\/30-choque-51-630x473.jpg 630w, https:\/\/www.hoymercedes.com.ar\/principal\/wp-content\/uploads\/2018\/08\/30-choque-51-150x113.jpg 150w, https:\/\/www.hoymercedes.com.ar\/principal\/wp-content\/uploads\/2018\/08\/30-choque-51.jpg 750w\" sizes=\"auto, (max-width: 630px) 100vw, 630px\" \/><\/p>\n<p>Afortunadamente, a pesar de la magnitud del impacto solo result\u00f3 con una herida en una pierna Gaston Demetrio, en tanto el resto de los involucrados en el hecho resultaron ilesos.<\/p>\n<p>Intervinieron Bomberos Voluntarios, sub estaci\u00f3n de polic\u00eda Comunal Garelli, Policia Vial, ambulancias del Same de Chivilcoy y personal del concesionario vial., el tr\u00e1nsito de la ruta 5 estuvo interrumpido mientras se realizaban las tareas de rescate y pericias del siniestro.<br \/>\nFuente Jorge Lasala de Suipacha.<\/p>\n","protected":false},"excerpt":{"rendered":"<p>Pasadas las ocho de la noche del d\u00eda mi\u00e9rcoles, la Ruta Nacional N\u00b0 5 volvi\u00f3 a ser epicentro de un &#8230; <a title=\"Nuevo violento choque en Ruta 5\" class=\"read-more\" href=\"https:\/\/www.hoymercedes.com.ar\/principal\/2018\/08\/30\/nuevo-violento-choque-en-ruta-5\/\" aria-label=\"Leer m\u00e1s sobre Nuevo violento choque en Ruta 5\">Leer m\u00e1s<\/a><\/p>\n","protected":false},"author":1,"featured_media":80444,"comment_status":"closed","ping_status":"open","sticky":false,"template":"","format":"standard","meta":{"_monsterinsights_skip_tracking":false,"_monsterinsights_sitenote_active":false,"_monsterinsights_sitenote_note":"","_monsterinsights_sitenote_category":0,"jetpack_post_was_ever_published":false,"_jetpack_newsletter_access":"","_jetpack_dont_email_post_to_subs":false,"_jetpack_newsletter_tier_id":0,"_jetpack_memberships_contains_paywalled_content":false,"_jetpack_memberships_contains_paid_content":false,"footnotes":"","jetpack_publicize_message":"","jetpack_publicize_feature_enabled":true,"jetpack_social_post_already_shared":true,"jetpack_social_options":{"image_generator_settings":{"template":"highway","default_image_id":0,"font":"","enabled":false},"version":2},"_wpas_customize_per_network":false},"categories":[85],"tags":[62,3260,538,10395],"class_list":["post-80442","post","type-post","status-publish","format-standard","has-post-thumbnail","hentry","category-policial","tag-chivilcoy","tag-choque","tag-ruta-5","tag-siniestro-vial","generate-columns","tablet-grid-50","mobile-grid-100","grid-parent","grid-50"],"jetpack_publicize_connections":[],"jetpack_featured_media_url":"https:\/\/www.hoymercedes.com.ar\/principal\/wp-content\/uploads\/2018\/08\/30-choque-51.jpg","wps_subtitle":"En la noche del mi\u00e9rcoles","jetpack_sharing_enabled":true,"_links":{"self":[{"href":"https:\/\/www.hoymercedes.com.ar\/principal\/wp-json\/wp\/v2\/posts\/80442","targetHints":{"allow":["GET"]}}],"collection":[{"href":"https:\/\/www.hoymercedes.com.ar\/principal\/wp-json\/wp\/v2\/posts"}],"about":[{"href":"https:\/\/www.hoymercedes.com.ar\/principal\/wp-json\/wp\/v2\/types\/post"}],"author":[{"embeddable":true,"href":"https:\/\/www.hoymercedes.com.ar\/principal\/wp-json\/wp\/v2\/users\/1"}],"replies":[{"embeddable":true,"href":"https:\/\/www.hoymercedes.com.ar\/principal\/wp-json\/wp\/v2\/comments?post=80442"}],"version-history":[{"count":0,"href":"https:\/\/www.hoymercedes.com.ar\/principal\/wp-json\/wp\/v2\/posts\/80442\/revisions"}],"wp:featuredmedia":[{"embeddable":true,"href":"https:\/\/www.hoymercedes.com.ar\/principal\/wp-json\/wp\/v2\/media\/80444"}],"wp:attachment":[{"href":"https:\/\/www.hoymercedes.com.ar\/principal\/wp-json\/wp\/v2\/media?parent=80442"}],"wp:term":[{"taxonomy":"category","embeddable":true,"href":"https:\/\/www.hoymercedes.com.ar\/principal\/wp-json\/wp\/v2\/categories?post=80442"},{"taxonomy":"post_tag","embeddable":true,"href":"https:\/\/www.hoymercedes.com.ar\/principal\/wp-json\/wp\/v2\/tags?post=80442"}],"curies":[{"name":"wp","href":"https:\/\/api.w.org\/{rel}","templated":true}]}}