{"id":8045,"date":"2011-10-07T03:00:05","date_gmt":"2011-10-07T03:00:05","guid":{"rendered":"http:\/\/www.hoymercedes.com.ar\/principal\/?p=8045"},"modified":"2011-10-07T03:01:30","modified_gmt":"2011-10-07T03:01:30","slug":"boto-%e2%80%9cjuani-va-a-demostrar-que-en-materia-turistica-mercedes-esta-para-mas%e2%80%9d-audios","status":"publish","type":"post","link":"https:\/\/www.hoymercedes.com.ar\/principal\/2011\/10\/07\/boto-%e2%80%9cjuani-va-a-demostrar-que-en-materia-turistica-mercedes-esta-para-mas%e2%80%9d-audios\/","title":{"rendered":"Boto: \u201cJuani va a demostrar que en materia tur\u00edstica, Mercedes est\u00e1 para m\u00e1s\u201d (audios)"},"content":{"rendered":"<p><a href=\"https:\/\/www.hoymercedes.com.ar\/principal\/wp-content\/uploads\/2011\/10\/Ustarroz-Turimo.jpg\"><img loading=\"lazy\" decoding=\"async\" data-attachment-id=\"8047\" data-permalink=\"https:\/\/www.hoymercedes.com.ar\/principal\/2011\/10\/07\/boto-%e2%80%9cjuani-va-a-demostrar-que-en-materia-turistica-mercedes-esta-para-mas%e2%80%9d-audios\/ustarroz-turimo\/#main\" data-orig-file=\"https:\/\/www.hoymercedes.com.ar\/principal\/wp-content\/uploads\/2011\/10\/Ustarroz-Turimo.jpg\" data-orig-size=\"612,406\" data-comments-opened=\"1\" data-image-meta=\"{&quot;aperture&quot;:&quot;4&quot;,&quot;credit&quot;:&quot;Moreira Mario Hugo    FOTOGRAFIA&quot;,&quot;camera&quot;:&quot;NIKON D300&quot;,&quot;caption&quot;:&quot;&quot;,&quot;created_timestamp&quot;:&quot;1317904918&quot;,&quot;copyright&quot;:&quot;AW Fotografia   Moreira Mario Hugo&quot;,&quot;focal_length&quot;:&quot;32&quot;,&quot;iso&quot;:&quot;2500&quot;,&quot;shutter_speed&quot;:&quot;0.01&quot;,&quot;title&quot;:&quot;&quot;}\" data-image-title=\"Ustarroz-Turimo\" data-image-description=\"\" data-image-caption=\"\" data-large-file=\"https:\/\/www.hoymercedes.com.ar\/principal\/wp-content\/uploads\/2011\/10\/Ustarroz-Turimo.jpg\" class=\"aligncenter size-full wp-image-8047\" title=\"Ustarroz-Turimo\" src=\"https:\/\/www.hoymercedes.com.ar\/principal\/wp-content\/uploads\/2011\/10\/Ustarroz-Turimo.jpg\" alt=\"\" width=\"612\" height=\"406\" \/><\/a><\/p>\n<p>As\u00ed lo expres\u00f3 Leonardo Boto, secretario Ejecutivo del Instituto Nacional de Promoci\u00f3n Tur\u00edstica (INPROTUR) ayer al mediod\u00eda en la exposici\u00f3n que se realiz\u00f3 sobre los Lineamientos Estrat\u00e9gicos para la Gesti\u00f3n Tur\u00edstica 2011 \u2013 2015 del candidato a Intendente Juan Ignacio Ustarroz.<\/p>\n<p>En la disertaci\u00f3n, se mostraron los resultados del trabajo realizado en los \u00faltimos dos meses por la Comisi\u00f3n de Turismo del Frente Mercedino junto a los responsables del INPROTUR, en el que se analizaron debilidades y fortalezas de Mercedes en materia tur\u00edstica.<\/p>\n<p>Boto y Ustarroz estuvieron acompa\u00f1ados por Eduardo \u201cWado\u201d De Pedro, quien se mostr\u00f3 contento por el trabajo realizado y con respecto al turismo en Mercedes dijo que \u201cla creaci\u00f3n de la CaMeTur nos gener\u00f3 mucha fuerza, porque ven\u00edamos trabajando desde el Frente Mercedino y que desde el sector privado haya una iniciativa como \u00e9sta, nos da mucha felicidad\u201d, indic\u00f3.<\/p>\n<p>Entre las cosas que se remarcaron, es la necesidad del fortalecimiento institucional de Mercedes, buscando que en el gobierno municipal, la actividad tur\u00edstica tenga reconocimiento, sumado a un inventario de los recursos tur\u00edsticos que hay en la ciudad para poder ofrecer a quienes vengan a visitarla.<\/p>\n<p>Entre otras cosas que se ven como fundamentales es la de la preservaci\u00f3n de la cultura y arquitectura de la ciudad, definiendo y consensuando lineamientos para la conservaci\u00f3n del patrimonio cultural de Mercedes.<\/p>\n<p>Desde el punto de vista ambiental, el an\u00e1lisis reflej\u00f3 la necesidad de la limpieza del Partido, ya que es una de las cosas que m\u00e1s observan los turistas que llegan a una ciudad para visitarla. Por otra parte, se plante\u00f3 un plan de se\u00f1alizaci\u00f3n tur\u00edstica, apuntado especialmente al turismo de fin de semana, en la que el turista acceda f\u00e1cilmente a todos los lugares que quiera ir.<\/p>\n<p>\u201cTodo Mercedes se tiene que sentir anfitri\u00f3n de la actividad tur\u00edstica y que esto no quede en una serie de actores como el Intendente, un empresario hotelero o empresario gastron\u00f3mico\u201d, indic\u00f3 Boto, quien se\u00f1al\u00f3 que \u201ccon un buen trabajo de concientizaci\u00f3n se puede lograr\u201d, agreg\u00f3.<\/p>\n<p>Tambi\u00e9n llam\u00f3 a los peque\u00f1os y medianos emprendedores a que lleven iniciativas que se relacionen con el turismo que le aporten valor agregado a la actividad tur\u00edstica. Otro lineamiento tiene que ver con la comunicaci\u00f3n, estando en contacto con el turista y sabiendo qu\u00e9 es lo que le gusta, lo que no, lo que le molesta y lo que aconseja. \u201cConocer eso nos va a permitir mejorar lo que est\u00e1 mal y profundizar lo que est\u00e1 bien\u201d, dijo Boto, quien aconsej\u00f3 \u201cdefinir cu\u00e1les son los puntos b\u00e1sicos para el embellecimiento de Mercedes\u201d.<\/p>\n<p>Otro de los lineamientos es el de crear una marca, porque \u201cMercedes tiene que tener una marca que sea reconocida, que est\u00e9 atr\u00e1s y adelante en todas las campa\u00f1as de comunicaci\u00f3n de la regi\u00f3n y se debe generar una serie de embajadores, a trav\u00e9s de personas queridas de la ciudad y reconocidas a nivel nacional, para que ellos sean los difusores de lo que ocurre en Mercedes\u201d y vender a la ciudad desde el aspecto tur\u00edstico sea mucho m\u00e1s f\u00e1cil que si se lo hace desde una publicidad oficial.<\/p>\n<p>\u201cHay que poner a Mercedes dentro del mapa tur\u00edstico de la gran oferta de estancias que tiene Argentina, ya que Mercedes es una zona que se caracteriza por tener muchos lugares de atracci\u00f3n tur\u00edstica a nivel estancias\u201d, concluy\u00f3 Boto.<\/p>\n<p>Juan Ustarroz concluy\u00f3 la disertaci\u00f3n diciendo que \u201choy presentamos un proyecto con una calidad, seriedad y profundidad importante, que plantea esta necesidad de la articulaci\u00f3n entre el sector p\u00fablico y el privado, con el objetivo com\u00fan del desarrollo de nuestra ciudad\u201d, se\u00f1al\u00f3.<\/p>\n<p>\u201cQueremos una ciudad que tenga una puesta en valor que est\u00e9 al servicio de toda la comunidad\u201d, agreg\u00f3 Juani.<\/p>\n<p>&nbsp;<\/p>\n<div style=\"margin: 5px; background-color: #fafafa; border: 1px solid #CCC; height: 40px; padding: 5px; width: 300px;\"&gt;[audio:https:\/\/www.hoymercedes.com.ar\/principal\/wp-content\/uploads\/2011\/10\/Leonardo-Boto-Algunos-Lineamientos.mp3|titles=Leonardo Boto - Algunos Lineamientos]<\/div>\n<p>Leonardo Boto<\/p>\n<div style=\"margin: 5px; background-color: #fafafa; border: 1px solid #CCC; height: 40px; padding: 5px; width: 300px;\"&gt;[audio:https:\/\/www.hoymercedes.com.ar\/principal\/wp-content\/uploads\/2011\/10\/Eduardo-De-Pedro-Sobre-turismo.mp3|titles=Eduardo De Pedro Sobre turismo]<\/div>\n<p>Eduardo \u00abWado\u00bb de Pedro<\/p>\n<div style=\"margin: 5px; background-color: #fafafa; border: 1px solid #CCC; height: 40px; padding: 5px; width: 300px;\"&gt;[audio:https:\/\/www.hoymercedes.com.ar\/principal\/wp-content\/uploads\/2011\/10\/Juani-Sobre-Lineamientos-Gesti\u00f3n-Turistica.mp3|titles=Juani Sobre Lineamientos Gesti\u00f3n Turistica]<\/div>\n<p>Juan Ustarroz<\/p>\n","protected":false},"excerpt":{"rendered":"<p>As\u00ed lo expres\u00f3 Leonardo Boto, secretario Ejecutivo del Instituto Nacional de Promoci\u00f3n Tur\u00edstica (INPROTUR) ayer al mediod\u00eda en la exposici\u00f3n &#8230; <a title=\"Boto: \u201cJuani va a demostrar que en materia tur\u00edstica, Mercedes est\u00e1 para m\u00e1s\u201d (audios)\" class=\"read-more\" href=\"https:\/\/www.hoymercedes.com.ar\/principal\/2011\/10\/07\/boto-%e2%80%9cjuani-va-a-demostrar-que-en-materia-turistica-mercedes-esta-para-mas%e2%80%9d-audios\/\" aria-label=\"Leer m\u00e1s sobre Boto: \u201cJuani va a demostrar que en materia tur\u00edstica, Mercedes est\u00e1 para m\u00e1s\u201d (audios)\">Leer m\u00e1s<\/a><\/p>\n","protected":false},"author":1,"featured_media":0,"comment_status":"open","ping_status":"open","sticky":false,"template":"","format":"standard","meta":{"_monsterinsights_skip_tracking":false,"_monsterinsights_sitenote_active":false,"_monsterinsights_sitenote_note":"","_monsterinsights_sitenote_category":0,"jetpack_post_was_ever_published":false,"_jetpack_newsletter_access":"","_jetpack_dont_email_post_to_subs":false,"_jetpack_newsletter_tier_id":0,"_jetpack_memberships_contains_paywalled_content":false,"_jetpack_memberships_contains_paid_content":false,"footnotes":"","jetpack_publicize_message":"","jetpack_publicize_feature_enabled":true,"jetpack_social_post_already_shared":false,"jetpack_social_options":{"image_generator_settings":{"template":"highway","default_image_id":0,"font":"","enabled":false},"version":2},"_wpas_customize_per_network":false},"categories":[5],"tags":[1429,1428,1427,281],"class_list":["post-8045","post","type-post","status-publish","format-standard","hentry","category-politica","tag-leonardo-boto","tag-turismo","tag-ustarros","tag-wado-de-pedro","generate-columns","tablet-grid-50","mobile-grid-100","grid-parent","grid-50"],"jetpack_publicize_connections":[],"jetpack_featured_media_url":"","wps_subtitle":"","jetpack_sharing_enabled":true,"_links":{"self":[{"href":"https:\/\/www.hoymercedes.com.ar\/principal\/wp-json\/wp\/v2\/posts\/8045","targetHints":{"allow":["GET"]}}],"collection":[{"href":"https:\/\/www.hoymercedes.com.ar\/principal\/wp-json\/wp\/v2\/posts"}],"about":[{"href":"https:\/\/www.hoymercedes.com.ar\/principal\/wp-json\/wp\/v2\/types\/post"}],"author":[{"embeddable":true,"href":"https:\/\/www.hoymercedes.com.ar\/principal\/wp-json\/wp\/v2\/users\/1"}],"replies":[{"embeddable":true,"href":"https:\/\/www.hoymercedes.com.ar\/principal\/wp-json\/wp\/v2\/comments?post=8045"}],"version-history":[{"count":0,"href":"https:\/\/www.hoymercedes.com.ar\/principal\/wp-json\/wp\/v2\/posts\/8045\/revisions"}],"wp:attachment":[{"href":"https:\/\/www.hoymercedes.com.ar\/principal\/wp-json\/wp\/v2\/media?parent=8045"}],"wp:term":[{"taxonomy":"category","embeddable":true,"href":"https:\/\/www.hoymercedes.com.ar\/principal\/wp-json\/wp\/v2\/categories?post=8045"},{"taxonomy":"post_tag","embeddable":true,"href":"https:\/\/www.hoymercedes.com.ar\/principal\/wp-json\/wp\/v2\/tags?post=8045"}],"curies":[{"name":"wp","href":"https:\/\/api.w.org\/{rel}","templated":true}]}}