{"id":80459,"date":"2018-08-30T12:34:50","date_gmt":"2018-08-30T15:34:50","guid":{"rendered":"http:\/\/www.hoymercedes.com.ar\/principal\/?p=80459"},"modified":"2018-08-30T10:48:27","modified_gmt":"2018-08-30T13:48:27","slug":"ustarroz-recibio-al-defensor-del-pueblo-bonaerense-guido-lorenzino","status":"publish","type":"post","link":"https:\/\/www.hoymercedes.com.ar\/principal\/2018\/08\/30\/ustarroz-recibio-al-defensor-del-pueblo-bonaerense-guido-lorenzino\/","title":{"rendered":"Ustarroz recibi\u00f3 al Defensor del Pueblo Bonaerense Guido Lorenzino"},"content":{"rendered":"<p>El jefe comunal, el Dr. Juan Ignacio Ustarroz se reuni\u00f3 con el Defensor del Pueblo de la Provincia de Buenos Aires, el Dr. Guido Lorenzino y dialogaron sobre diferentes tem\u00e1ticas que aquejan tanto a nuestro municipio como a nivel provincial. Entre ellas, las problem\u00e1ticas sobre la cuenca del r\u00edo Luj\u00e1n, el recorte en salud -la falta de vacunas- los problemas que afronta la educaci\u00f3n y las obras viales que el Estado nacional no est\u00e1 realizando, entre ellas la Av. 2.<\/p>\n<p>Adem\u00e1s, se atendi\u00f3 a vecinos de nuestra ciudad que manifestaron su preocupaci\u00f3n por los altos costos que deben pagar por los servicios de luz y gas y la falta de medicamentos en las instituciones de salud provinciales. \u201cSiempre es muy oportuno y conveniente tener el acompa\u00f1amiento de los diferentes referentes institucionales a los fines y efectos de canalizar cada uno de los reclamos que tiene el pueblo de Mercedes\u201d afirm\u00f3 el intendente, Ustarroz.<\/p>\n<p>Asimismo, el Dr. Ustarroz, se\u00f1al\u00f3 \u201cnosotros desde el ejecutivo, a trav\u00e9s de la gesti\u00f3n, tocando puertas y planteando estos temas buscamos soluciones y creemos que refuerza nuestras posturas la canalizaci\u00f3n a trav\u00e9s de la figura de Defensor del Pueblo\u201d.<\/p>\n<p>Por su parte, Guido Lorenzino, indic\u00f3 \u201cla ausencia del Estado Provincial y Nacional en las pol\u00edticas m\u00e1s fundamentales como es la salud p\u00fablica, la inclusi\u00f3n, la obra p\u00fablica es verdaderamente notable. Tenemos un Estado Nacional que ha saldado a favor de los poderosos las decisiones, en los cuadros tarifarios ha sido muy claro, toda la carga es de los usuarios y los vecinos que tienen que pagar las tarifas para que las empresas no hagan las inversiones que deben hacer\u201d.<\/p>\n<p>A su vez, el Defensor del Pueblo, afirm\u00f3 \u201ctodo eso conlleva a que los Intendentes tengan que resolver cada vez m\u00e1s problemas con menos recursos, ya que se recortan fondos -por ejemplo, el fondo sojero- que tienen impacto directo en cada comunidad\u201d.<\/p>\n<p>\u201cLa Defensor\u00eda del Pueblo no hace magia pero s\u00ed es un \u00e1mbito institucional del Estado para acompa\u00f1ar reclamos concretos y genuinos como lo es lo de la cuenca, que en dos a\u00f1os y medio se han dispuesto recursos pero no se ha hecho ninguna obra\u201d y a\u00f1adi\u00f3 \u201cel tema de la meningitis que la verdad me gustar\u00eda que el Ministro a d\u00edas de haber hecho el anuncio no ha dado ninguna explicaci\u00f3n coherente, no sabemos si es un problema presupuestario, epidemiol\u00f3gico, una decisi\u00f3n sanitaria, no lo sabemos, lo que si sabemos es que los chicos de once a\u00f1os no tienen m\u00e1s una vacuna obligatoria\u201d.<\/p>\n<p><strong>Preocupaci\u00f3n<\/strong><\/p>\n<p>De esta manera, Guido Lorenzino, asegur\u00f3 \u201ccuando las decisiones no se explican y generan consecuencias yo lo llamo irresponsabilidad. Y creo que hay mucha irresponsabilidad de los funcionarios a la hora de no explicar las decisiones que toman. Por ejemplo, la obra de la ruta 5 que impacta en la comunidad de Mercedes y no se termina, se finaliza la parte m\u00e1s f\u00e1cil y todo el resto no se hace\u201d.<\/p>\n<p>\u201cPor estos motivos, lo que estamos haciendo es construir una agenda real sobre los problemas que los intendentes van viendo, para poder ser una voz m\u00e1s que reclame, potencie y visibilice todas estas problem\u00e1ticas. Nosotros vamos a acompa\u00f1ar los reclamos concretos. Obviamente que la decisi\u00f3n depende de la pol\u00edtica p\u00fablica, nosotros nos enojamos por los aumentos de tarifas porque no son razonables ni proporcionales, pero la decisi\u00f3n es una pol\u00edtica p\u00fablica del Gobierno Nacional de dolarizar el valor de la energ\u00eda. Nosotros fuimos a la justicia, pero la misma hoy depende del poder pol\u00edtico, la justicia mira la pol\u00edtica antes que la gente. Por eso, desde nuestro lugar alertamos y damos las peleas, aunque muchas veces no obtengamos los resultados que queremos\u201d subray\u00f3 el Defensor del Pueblo.<\/p>\n<p>Adem\u00e1s, Lorenzino, hizo menci\u00f3n del recorte abrupto del fondo sojero por parte del Gobierno Nacional \u201cesa decisi\u00f3n impacta directamente en plata que ya estaba presupuestada, en obras que ya estaban presupuestadas y no se van a poder pagar porque de buenas a primeras se tom\u00f3 una decisi\u00f3n que puede ser legal, pero es absolutamente ileg\u00edtima. Por ese motivo, acompa\u00f1amos el reclamo a la justicia que es la que tiene que resolver cuando algo es incorrecto, es una limitaci\u00f3n de un derecho que afecta a muchas comunidades. Espero que la justicia est\u00e9 a la altura de las circunstancias y falle a favor de la gente\u201d.<\/p>\n<p>En ese sentido, el intendente Ustarroz, se\u00f1al\u00f3 \u201cpara todos los municipios representa un problema muy grande porque a mitad de a\u00f1o nos cambiaron las reglas de juego, esto es as\u00ed de claro, y nos pasa algo similar a lo que les pasa a los bomberos voluntarios de toda la Argentina, es un fondo que existe, que antes se distribu\u00eda y que afectaba -en el caso de los municipio- a obras de infraestructura, sanitarias, educaci\u00f3n y ahora se lo queda el Estado Nacional\u201d y a\u00f1adi\u00f3 \u201ctanto en el caso de los fondos de la soja como el de los bomberos no desapareci\u00f3, sino que lo tiene el Gobierno Nacional. Son decisiones unilaterales, ileg\u00edtimas, arbitrarias y por ese motivo vamos a acudir a la justicia. Uno quisiera que se resolviera de otra manera, un gobierno que expresaba su deseo de unir a los argentinos, que apuntaba al di\u00e1logo, resuelve y no comunica, ya que todos los intendentes de la argentina nos enteramos por los medios de comunicaci\u00f3n que nos quitaban un recurso econ\u00f3mico que ya ten\u00edamos comprometido para obras publicas en las ciudades\u201d.<\/p>\n<p>Fuente: Prensa Municipal<\/p>\n<p>&nbsp;<\/p>\n","protected":false},"excerpt":{"rendered":"<p>El jefe comunal, el Dr. Juan Ignacio Ustarroz se reuni\u00f3 con el Defensor del Pueblo de la Provincia de Buenos &#8230; <a title=\"Ustarroz recibi\u00f3 al Defensor del Pueblo Bonaerense Guido Lorenzino\" class=\"read-more\" href=\"https:\/\/www.hoymercedes.com.ar\/principal\/2018\/08\/30\/ustarroz-recibio-al-defensor-del-pueblo-bonaerense-guido-lorenzino\/\" aria-label=\"Leer m\u00e1s sobre Ustarroz recibi\u00f3 al Defensor del Pueblo Bonaerense Guido Lorenzino\">Leer m\u00e1s<\/a><\/p>\n","protected":false},"author":1,"featured_media":80460,"comment_status":"closed","ping_status":"open","sticky":false,"template":"","format":"standard","meta":{"_monsterinsights_skip_tracking":false,"_monsterinsights_sitenote_active":false,"_monsterinsights_sitenote_note":"","_monsterinsights_sitenote_category":0,"jetpack_post_was_ever_published":false,"_jetpack_newsletter_access":"","_jetpack_dont_email_post_to_subs":false,"_jetpack_newsletter_tier_id":0,"_jetpack_memberships_contains_paywalled_content":false,"_jetpack_memberships_contains_paid_content":false,"footnotes":"","jetpack_publicize_message":"","jetpack_publicize_feature_enabled":true,"jetpack_social_post_already_shared":true,"jetpack_social_options":{"image_generator_settings":{"template":"highway","default_image_id":0,"font":"","enabled":false},"version":2},"_wpas_customize_per_network":false},"categories":[30],"tags":[9284,10,244,1803],"class_list":["post-80459","post","type-post","status-publish","format-standard","has-post-thumbnail","hentry","category-municipio","tag-defensor-del-pueblo","tag-mercedes","tag-municipio-2","tag-provincia","generate-columns","tablet-grid-50","mobile-grid-100","grid-parent","grid-50"],"jetpack_publicize_connections":[],"jetpack_featured_media_url":"https:\/\/www.hoymercedes.com.ar\/principal\/wp-content\/uploads\/2018\/08\/30-muni-defensor.jpg","wps_subtitle":"En la ma\u00f1ana del mi\u00e9coles","jetpack_sharing_enabled":true,"_links":{"self":[{"href":"https:\/\/www.hoymercedes.com.ar\/principal\/wp-json\/wp\/v2\/posts\/80459","targetHints":{"allow":["GET"]}}],"collection":[{"href":"https:\/\/www.hoymercedes.com.ar\/principal\/wp-json\/wp\/v2\/posts"}],"about":[{"href":"https:\/\/www.hoymercedes.com.ar\/principal\/wp-json\/wp\/v2\/types\/post"}],"author":[{"embeddable":true,"href":"https:\/\/www.hoymercedes.com.ar\/principal\/wp-json\/wp\/v2\/users\/1"}],"replies":[{"embeddable":true,"href":"https:\/\/www.hoymercedes.com.ar\/principal\/wp-json\/wp\/v2\/comments?post=80459"}],"version-history":[{"count":0,"href":"https:\/\/www.hoymercedes.com.ar\/principal\/wp-json\/wp\/v2\/posts\/80459\/revisions"}],"wp:featuredmedia":[{"embeddable":true,"href":"https:\/\/www.hoymercedes.com.ar\/principal\/wp-json\/wp\/v2\/media\/80460"}],"wp:attachment":[{"href":"https:\/\/www.hoymercedes.com.ar\/principal\/wp-json\/wp\/v2\/media?parent=80459"}],"wp:term":[{"taxonomy":"category","embeddable":true,"href":"https:\/\/www.hoymercedes.com.ar\/principal\/wp-json\/wp\/v2\/categories?post=80459"},{"taxonomy":"post_tag","embeddable":true,"href":"https:\/\/www.hoymercedes.com.ar\/principal\/wp-json\/wp\/v2\/tags?post=80459"}],"curies":[{"name":"wp","href":"https:\/\/api.w.org\/{rel}","templated":true}]}}