{"id":80463,"date":"2018-08-30T13:49:34","date_gmt":"2018-08-30T16:49:34","guid":{"rendered":"http:\/\/www.hoymercedes.com.ar\/principal\/?p=80463"},"modified":"2018-08-30T10:54:53","modified_gmt":"2018-08-30T13:54:53","slug":"jorge-mehaudy-presenta-kanto-sefaradi-en-la-biblioteca-sarmiento","status":"publish","type":"post","link":"https:\/\/www.hoymercedes.com.ar\/principal\/2018\/08\/30\/jorge-mehaudy-presenta-kanto-sefaradi-en-la-biblioteca-sarmiento\/","title":{"rendered":"Jorge Mehaudy presenta\u00a0\u00abKanto Sefarad\u00ed\u00bb\u00a0en la Biblioteca Sarmiento"},"content":{"rendered":"<p>Por Roc\u00edo Mi\u00f1o &#8211;\u00a0El pr\u00f3ximo s\u00e1bado 8 de septiembre vamos a disfrutar de Kanto Sefarad\u00ed de Jorge Mehaudy, en la biblioteca Sarmiento. Descendiente de la comunidad Sefarad\u00ed que encontr\u00f3 su lugar en Mercedes a principios del siglo XX, Jorge se encarga de transmitir sus valores culturales y su exquisita expresi\u00f3n musical. Kanto Sefarad\u00ed recorre un cancionero tradicional en los dos idiomas de la comunidad: djudezmo y haquet\u00eda.<\/p>\n<p><img loading=\"lazy\" decoding=\"async\" data-attachment-id=\"80464\" data-permalink=\"https:\/\/www.hoymercedes.com.ar\/principal\/2018\/08\/30\/jorge-mehaudy-presenta-kanto-sefaradi-en-la-biblioteca-sarmiento\/30-jorga-mehaudy\/#main\" data-orig-file=\"https:\/\/www.hoymercedes.com.ar\/principal\/wp-content\/uploads\/2018\/08\/30-jorga-mehaudy.jpg\" data-orig-size=\"750,500\" data-comments-opened=\"0\" data-image-meta=\"{&quot;aperture&quot;:&quot;0&quot;,&quot;credit&quot;:&quot;&quot;,&quot;camera&quot;:&quot;&quot;,&quot;caption&quot;:&quot;&quot;,&quot;created_timestamp&quot;:&quot;0&quot;,&quot;copyright&quot;:&quot;&quot;,&quot;focal_length&quot;:&quot;0&quot;,&quot;iso&quot;:&quot;0&quot;,&quot;shutter_speed&quot;:&quot;0&quot;,&quot;title&quot;:&quot;&quot;,&quot;orientation&quot;:&quot;0&quot;}\" data-image-title=\"30 jorga mehaudy\" data-image-description=\"\" data-image-caption=\"\" data-large-file=\"https:\/\/www.hoymercedes.com.ar\/principal\/wp-content\/uploads\/2018\/08\/30-jorga-mehaudy.jpg\" class=\"aligncenter size-medium wp-image-80464\" src=\"https:\/\/www.hoymercedes.com.ar\/principal\/wp-content\/uploads\/2018\/08\/30-jorga-mehaudy-630x420.jpg\" alt=\"\" width=\"630\" height=\"420\" srcset=\"https:\/\/www.hoymercedes.com.ar\/principal\/wp-content\/uploads\/2018\/08\/30-jorga-mehaudy-630x420.jpg 630w, https:\/\/www.hoymercedes.com.ar\/principal\/wp-content\/uploads\/2018\/08\/30-jorga-mehaudy-150x100.jpg 150w, https:\/\/www.hoymercedes.com.ar\/principal\/wp-content\/uploads\/2018\/08\/30-jorga-mehaudy.jpg 750w\" sizes=\"auto, (max-width: 630px) 100vw, 630px\" \/><\/p>\n<p>La trayectoria art\u00edstica de Jorge Mehaudy es de amplio conocimiento: es autor reconocido desde la d\u00e9cada del 70, creador de espect\u00e1culos y canciones para chicos y musicalizador de teatro y televisi\u00f3n, entre otros aciertos. Su canci\u00f3n \u201cBlanka i Blanka\u201d fue finalista en el \u201cFestiladino\u201d en Israel en 2006. La transmisi\u00f3n y fortalecimiento de la cultura de sus ancestros es su principal motivaci\u00f3n. Junto a sus canciones, Jorge nos relata la historia de los sefarad\u00edes desde el a\u00f1o 70 de la era com\u00fan, hasta nuestros d\u00edas.<\/p>\n<p>Si bien el\u00a0 judeoespa\u00f1ol hoy no se habla s\u00ed se canta. La presentaci\u00f3n del espect\u00e1culo en la Biblioteca es una oportunidad inigualable para enriquecer nuestro o\u00eddo con una lengua que alguna vez se escuch\u00f3 en nuestra ciudad.<\/p>\n<p>Kanto Sefarad\u00ed, s\u00e1bado 8 de septiembre a las 18 hs. Venta anticipada del bono contribuci\u00f3n en la Biblioteca Sarmiento.<\/p>\n","protected":false},"excerpt":{"rendered":"<p>Por Roc\u00edo Mi\u00f1o &#8211;\u00a0El pr\u00f3ximo s\u00e1bado 8 de septiembre vamos a disfrutar de Kanto Sefarad\u00ed de Jorge Mehaudy, en la &#8230; <a title=\"Jorge Mehaudy presenta\u00a0\u00abKanto Sefarad\u00ed\u00bb\u00a0en la Biblioteca Sarmiento\" class=\"read-more\" href=\"https:\/\/www.hoymercedes.com.ar\/principal\/2018\/08\/30\/jorge-mehaudy-presenta-kanto-sefaradi-en-la-biblioteca-sarmiento\/\" aria-label=\"Leer m\u00e1s sobre Jorge Mehaudy presenta\u00a0\u00abKanto Sefarad\u00ed\u00bb\u00a0en la Biblioteca Sarmiento\">Leer m\u00e1s<\/a><\/p>\n","protected":false},"author":1,"featured_media":80464,"comment_status":"closed","ping_status":"open","sticky":false,"template":"","format":"standard","meta":{"_monsterinsights_skip_tracking":false,"_monsterinsights_sitenote_active":false,"_monsterinsights_sitenote_note":"","_monsterinsights_sitenote_category":0,"jetpack_post_was_ever_published":false,"_jetpack_newsletter_access":"","_jetpack_dont_email_post_to_subs":false,"_jetpack_newsletter_tier_id":0,"_jetpack_memberships_contains_paywalled_content":false,"_jetpack_memberships_contains_paid_content":false,"footnotes":"","jetpack_publicize_message":"","jetpack_publicize_feature_enabled":true,"jetpack_social_post_already_shared":true,"jetpack_social_options":{"image_generator_settings":{"template":"highway","default_image_id":0,"font":"","enabled":false},"version":2},"_wpas_customize_per_network":false},"categories":[104],"tags":[3066,7805,13657,8539],"class_list":["post-80463","post","type-post","status-publish","format-standard","has-post-thumbnail","hentry","category-cultura","tag-biblioteca-sarmiento","tag-cultura","tag-jorge-mehaudy","tag-musica","generate-columns","tablet-grid-50","mobile-grid-100","grid-parent","grid-50"],"jetpack_publicize_connections":[],"jetpack_featured_media_url":"https:\/\/www.hoymercedes.com.ar\/principal\/wp-content\/uploads\/2018\/08\/30-jorga-mehaudy.jpg","wps_subtitle":"Anticipo","jetpack_sharing_enabled":true,"_links":{"self":[{"href":"https:\/\/www.hoymercedes.com.ar\/principal\/wp-json\/wp\/v2\/posts\/80463","targetHints":{"allow":["GET"]}}],"collection":[{"href":"https:\/\/www.hoymercedes.com.ar\/principal\/wp-json\/wp\/v2\/posts"}],"about":[{"href":"https:\/\/www.hoymercedes.com.ar\/principal\/wp-json\/wp\/v2\/types\/post"}],"author":[{"embeddable":true,"href":"https:\/\/www.hoymercedes.com.ar\/principal\/wp-json\/wp\/v2\/users\/1"}],"replies":[{"embeddable":true,"href":"https:\/\/www.hoymercedes.com.ar\/principal\/wp-json\/wp\/v2\/comments?post=80463"}],"version-history":[{"count":0,"href":"https:\/\/www.hoymercedes.com.ar\/principal\/wp-json\/wp\/v2\/posts\/80463\/revisions"}],"wp:featuredmedia":[{"embeddable":true,"href":"https:\/\/www.hoymercedes.com.ar\/principal\/wp-json\/wp\/v2\/media\/80464"}],"wp:attachment":[{"href":"https:\/\/www.hoymercedes.com.ar\/principal\/wp-json\/wp\/v2\/media?parent=80463"}],"wp:term":[{"taxonomy":"category","embeddable":true,"href":"https:\/\/www.hoymercedes.com.ar\/principal\/wp-json\/wp\/v2\/categories?post=80463"},{"taxonomy":"post_tag","embeddable":true,"href":"https:\/\/www.hoymercedes.com.ar\/principal\/wp-json\/wp\/v2\/tags?post=80463"}],"curies":[{"name":"wp","href":"https:\/\/api.w.org\/{rel}","templated":true}]}}