{"id":80466,"date":"2018-08-30T14:55:34","date_gmt":"2018-08-30T17:55:34","guid":{"rendered":"http:\/\/www.hoymercedes.com.ar\/principal\/?p=80466"},"modified":"2018-08-30T10:59:33","modified_gmt":"2018-08-30T13:59:33","slug":"este-sabado-se-reune-la-ama-asamblea-mercedina-por-la-agroecologia","status":"publish","type":"post","link":"https:\/\/www.hoymercedes.com.ar\/principal\/2018\/08\/30\/este-sabado-se-reune-la-ama-asamblea-mercedina-por-la-agroecologia\/","title":{"rendered":"Este s\u00e1bado se re\u00fane la AMA &#8211; Asamblea Mercedina por la Agroecolog\u00eda"},"content":{"rendered":"<p>Este s\u00e1bado 1\u00b0 de Septiembre en la sede de la UEB Mercedes (calle 31 casi esquina 18) a la hora 10,30, se realizar\u00e1 la 3\u00b0 reuni\u00f3n de la Asamblea Mercedina por la Agroecolog\u00eda (AMA). Vecinos de diversas edades y quehaceres conforman este espacio para pensar en una alternativa a este\u00a0sistema dominante agroexportador actual; basado en monocultivos transg\u00e9nicos y el uso de agroqu\u00edmicos que, adem\u00e1s, incentiva el despoblamiento de las zonas rurales y por lo tanto a los productores de alimentos.<\/p>\n<p><img loading=\"lazy\" decoding=\"async\" data-attachment-id=\"80467\" data-permalink=\"https:\/\/www.hoymercedes.com.ar\/principal\/2018\/08\/30\/este-sabado-se-reune-la-ama-asamblea-mercedina-por-la-agroecologia\/30-ama-ueb\/#main\" data-orig-file=\"https:\/\/www.hoymercedes.com.ar\/principal\/wp-content\/uploads\/2018\/08\/30-ama-ueb.jpg\" data-orig-size=\"750,500\" data-comments-opened=\"0\" data-image-meta=\"{&quot;aperture&quot;:&quot;0&quot;,&quot;credit&quot;:&quot;&quot;,&quot;camera&quot;:&quot;&quot;,&quot;caption&quot;:&quot;&quot;,&quot;created_timestamp&quot;:&quot;0&quot;,&quot;copyright&quot;:&quot;&quot;,&quot;focal_length&quot;:&quot;0&quot;,&quot;iso&quot;:&quot;0&quot;,&quot;shutter_speed&quot;:&quot;0&quot;,&quot;title&quot;:&quot;&quot;,&quot;orientation&quot;:&quot;0&quot;}\" data-image-title=\"30 ama ueb\" data-image-description=\"\" data-image-caption=\"\" data-large-file=\"https:\/\/www.hoymercedes.com.ar\/principal\/wp-content\/uploads\/2018\/08\/30-ama-ueb.jpg\" class=\"aligncenter size-medium wp-image-80467\" src=\"https:\/\/www.hoymercedes.com.ar\/principal\/wp-content\/uploads\/2018\/08\/30-ama-ueb-630x420.jpg\" alt=\"\" width=\"630\" height=\"420\" srcset=\"https:\/\/www.hoymercedes.com.ar\/principal\/wp-content\/uploads\/2018\/08\/30-ama-ueb-630x420.jpg 630w, https:\/\/www.hoymercedes.com.ar\/principal\/wp-content\/uploads\/2018\/08\/30-ama-ueb-150x100.jpg 150w, https:\/\/www.hoymercedes.com.ar\/principal\/wp-content\/uploads\/2018\/08\/30-ama-ueb.jpg 750w\" sizes=\"auto, (max-width: 630px) 100vw, 630px\" \/><\/p>\n<p>La Agroecolog\u00eda por el contrario, se basa en la producci\u00f3n de alimentos, implementando una mirada integral acerca del ecosistema, incluyendo el entorno social. Hay muchas etapas para llegar a producir agroecologicamente, quiz\u00e1 la etapa m\u00e1s dif\u00edcil de transitar sea la transici\u00f3n, una vez que se logra el objetivo, no es necesario el uso de insumos qu\u00edmicos. Esta producci\u00f3n se caracteriza por obtener alimentos mucho m\u00e1s saludables que la agricultura convencional, y a la vez, asegurando rindes que en ocasiones superan a los de la agricultura convencional.<\/p>\n<p>Convocados por instituciones como SOS Habitat, Colectivo Ambiente Saludable y Movimiento de Trabajadores Excluidos\u00a0(MTE) , entre otros; la AMA esta integrada por Productores Agropecuarios, Bot\u00e1nicos, Agr\u00f3nomos, estudiantes de Agronom\u00eda,\u00a0Nutricionistas, Periodistas,\u00a0Docente,\u00a0miembros del Gobierno local y vecinos en general.<\/p>\n<p>La Asamblea Mercedina por la Agroecolog\u00eda es un espacio abierto a toda persona o instituci\u00f3n para fomentar el di\u00e1logo y concientizaci\u00f3n, sobre la producci\u00f3n de alimentos sanos para una dieta rica nutricionalmente, en una comunidad digna y en armon\u00eda con la naturaleza.\u00a0Bienvenidos a sumarse aquellos interesados.<\/p>\n","protected":false},"excerpt":{"rendered":"<p>Este s\u00e1bado 1\u00b0 de Septiembre en la sede de la UEB Mercedes (calle 31 casi esquina 18) a la hora &#8230; <a title=\"Este s\u00e1bado se re\u00fane la AMA &#8211; Asamblea Mercedina por la Agroecolog\u00eda\" class=\"read-more\" href=\"https:\/\/www.hoymercedes.com.ar\/principal\/2018\/08\/30\/este-sabado-se-reune-la-ama-asamblea-mercedina-por-la-agroecologia\/\" aria-label=\"Leer m\u00e1s sobre Este s\u00e1bado se re\u00fane la AMA &#8211; Asamblea Mercedina por la Agroecolog\u00eda\">Leer m\u00e1s<\/a><\/p>\n","protected":false},"author":1,"featured_media":80467,"comment_status":"closed","ping_status":"open","sticky":false,"template":"","format":"standard","meta":{"_monsterinsights_skip_tracking":false,"_monsterinsights_sitenote_active":false,"_monsterinsights_sitenote_note":"","_monsterinsights_sitenote_category":0,"jetpack_post_was_ever_published":false,"_jetpack_newsletter_access":"","_jetpack_dont_email_post_to_subs":false,"_jetpack_newsletter_tier_id":0,"_jetpack_memberships_contains_paywalled_content":false,"_jetpack_memberships_contains_paid_content":false,"footnotes":"","jetpack_publicize_message":"","jetpack_publicize_feature_enabled":true,"jetpack_social_post_already_shared":true,"jetpack_social_options":{"image_generator_settings":{"template":"highway","default_image_id":0,"font":"","enabled":false},"version":2},"_wpas_customize_per_network":false},"categories":[8],"tags":[9947,13658,10,7802,1027],"class_list":["post-80466","post","type-post","status-publish","format-standard","has-post-thumbnail","hentry","category-sociedad","tag-agroecologia","tag-ama","tag-mercedes","tag-sociedad","tag-ueb","generate-columns","tablet-grid-50","mobile-grid-100","grid-parent","grid-50"],"jetpack_publicize_connections":[],"jetpack_featured_media_url":"https:\/\/www.hoymercedes.com.ar\/principal\/wp-content\/uploads\/2018\/08\/30-ama-ueb.jpg","wps_subtitle":"Invitaci\u00f3n abierta","jetpack_sharing_enabled":true,"_links":{"self":[{"href":"https:\/\/www.hoymercedes.com.ar\/principal\/wp-json\/wp\/v2\/posts\/80466","targetHints":{"allow":["GET"]}}],"collection":[{"href":"https:\/\/www.hoymercedes.com.ar\/principal\/wp-json\/wp\/v2\/posts"}],"about":[{"href":"https:\/\/www.hoymercedes.com.ar\/principal\/wp-json\/wp\/v2\/types\/post"}],"author":[{"embeddable":true,"href":"https:\/\/www.hoymercedes.com.ar\/principal\/wp-json\/wp\/v2\/users\/1"}],"replies":[{"embeddable":true,"href":"https:\/\/www.hoymercedes.com.ar\/principal\/wp-json\/wp\/v2\/comments?post=80466"}],"version-history":[{"count":0,"href":"https:\/\/www.hoymercedes.com.ar\/principal\/wp-json\/wp\/v2\/posts\/80466\/revisions"}],"wp:featuredmedia":[{"embeddable":true,"href":"https:\/\/www.hoymercedes.com.ar\/principal\/wp-json\/wp\/v2\/media\/80467"}],"wp:attachment":[{"href":"https:\/\/www.hoymercedes.com.ar\/principal\/wp-json\/wp\/v2\/media?parent=80466"}],"wp:term":[{"taxonomy":"category","embeddable":true,"href":"https:\/\/www.hoymercedes.com.ar\/principal\/wp-json\/wp\/v2\/categories?post=80466"},{"taxonomy":"post_tag","embeddable":true,"href":"https:\/\/www.hoymercedes.com.ar\/principal\/wp-json\/wp\/v2\/tags?post=80466"}],"curies":[{"name":"wp","href":"https:\/\/api.w.org\/{rel}","templated":true}]}}