{"id":80472,"date":"2018-08-30T15:55:27","date_gmt":"2018-08-30T18:55:27","guid":{"rendered":"http:\/\/www.hoymercedes.com.ar\/principal\/?p=80472"},"modified":"2018-08-30T11:15:12","modified_gmt":"2018-08-30T14:15:12","slug":"anunciaron-un-centro-de-jubilados-para-trabajadores-municipales","status":"publish","type":"post","link":"https:\/\/www.hoymercedes.com.ar\/principal\/2018\/08\/30\/anunciaron-un-centro-de-jubilados-para-trabajadores-municipales\/","title":{"rendered":"Anunciaron un Centro de Jubilados para Trabajadores Municipales"},"content":{"rendered":"<p>El intendente Juan Ignacio Ustarroz, anunci\u00f3 la creaci\u00f3n del primer Centro de Jubilados Municipales de nuestra ciudad. Esta propuesta es exclusiva para jubilados municipales. Contar\u00e1 con actividades recreativas, deportivas, de cuidado a la salud, de encuentro, talleres y turismo.<\/p>\n<p><img loading=\"lazy\" decoding=\"async\" data-attachment-id=\"80473\" data-permalink=\"https:\/\/www.hoymercedes.com.ar\/principal\/2018\/08\/30\/anunciaron-un-centro-de-jubilados-para-trabajadores-municipales\/30-muni-jubilado\/#main\" data-orig-file=\"https:\/\/www.hoymercedes.com.ar\/principal\/wp-content\/uploads\/2018\/08\/30-Muni-jubilado.jpg\" data-orig-size=\"750,500\" data-comments-opened=\"0\" data-image-meta=\"{&quot;aperture&quot;:&quot;0&quot;,&quot;credit&quot;:&quot;SEBASTIANAMBROSSIO&quot;,&quot;camera&quot;:&quot;&quot;,&quot;caption&quot;:&quot;&quot;,&quot;created_timestamp&quot;:&quot;0&quot;,&quot;copyright&quot;:&quot;SebastianAmbrossio&quot;,&quot;focal_length&quot;:&quot;0&quot;,&quot;iso&quot;:&quot;0&quot;,&quot;shutter_speed&quot;:&quot;0&quot;,&quot;title&quot;:&quot;&quot;,&quot;orientation&quot;:&quot;0&quot;}\" data-image-title=\"30 Muni jubilado\" data-image-description=\"\" data-image-caption=\"\" data-large-file=\"https:\/\/www.hoymercedes.com.ar\/principal\/wp-content\/uploads\/2018\/08\/30-Muni-jubilado.jpg\" class=\"aligncenter size-medium wp-image-80473\" src=\"https:\/\/www.hoymercedes.com.ar\/principal\/wp-content\/uploads\/2018\/08\/30-Muni-jubilado-630x420.jpg\" alt=\"\" width=\"630\" height=\"420\" srcset=\"https:\/\/www.hoymercedes.com.ar\/principal\/wp-content\/uploads\/2018\/08\/30-Muni-jubilado-630x420.jpg 630w, https:\/\/www.hoymercedes.com.ar\/principal\/wp-content\/uploads\/2018\/08\/30-Muni-jubilado-150x100.jpg 150w, https:\/\/www.hoymercedes.com.ar\/principal\/wp-content\/uploads\/2018\/08\/30-Muni-jubilado.jpg 750w\" sizes=\"auto, (max-width: 630px) 100vw, 630px\" \/><\/p>\n<p>Ante una importante cantidad de adultos mayores, el primer mandatario de Mercedes lanz\u00f3 el Centro de Jubilados para Trabajadores Municipales.\u00a0\u00abCada Centro de Jubilados es important\u00edsimo, es un lugar de encuentro, recreaci\u00f3n e integraci\u00f3n, donde se generan amistades y es un lugar donde el jubilado puede tener un espacio y un \u00e1mbito\u201d, expres\u00f3.<\/p>\n<p>En ese sentido, el intendente Ustarroz sostuvo \u201cpor ello nos preguntamos por qu\u00e9 no hacer uno propio para nuestros trabajadores municipales y de esa manera comenzamos a trabajar y a proyectar\u201d y a su vez inform\u00f3 \u201ccreo que hay un primer punto muy importante para nuestros jubilados municipales y es que hoy la Municipalidad de Mercedes les garantiza la categor\u00eda 13 antes de jubilarse, eso representa en concreto, un aumento en los haberes para despu\u00e9s poder afrontar sus jubilaciones con m\u00e1s recursos\u201d.<\/p>\n<p>Por su parte, la responsable de Adultos Mayores, Victoria Odell expres\u00f3 \u201ceste es el inicio, lo que buscamos es generar un encuentro semanal con todos los jubilados municipales en la oficina de adultos mayores (calle 25, entre 16 y 18 dentro del Hogar Vella Abrille) para hablar y generar actividades y propuestas\u201d.<\/p>\n<p>A su vez, se presentaron diferentes descuentos, los cuales podr\u00e1n hacerse efectivos presentando la tarjeta identificatoria junto al carnet de IOMA \u201clos primeros beneficios que tenemos las dividimos en diferentes \u00e1reas, lo que tiene que ver con salud, vamos a tener un descuento del cinco por ciento en la farmacia Santa Mar\u00eda, clases de aquagym en la pileta del Cumelen, que comienzan el viernes 7 de septiembre de 10:00 a 11:00 de la ma\u00f1ana, clases de gimnasio con una profesora especializada, los d\u00edas martes y jueves de 10:00 a 11:00 de la ma\u00f1ana, charlas y cursos saludables\u201d indic\u00f3 Victoria Odell.<\/p>\n<p>A su vez, continu\u00f3 \u201cdesde el \u00e1rea social, contamos con ayuda nutricional y habitacional y para poder obtener las mismas se deber\u00e1n acercar por la oficina donde contamos con asistentes sociales que los ayudar\u00e1n a realizar los diferentes tr\u00e1mites y les allanar\u00e1n el camino\u201d.<\/p>\n<p>\u201cEn relaci\u00f3n a lo impositivo se tiene el descuento del carnet de conducir y la eximici\u00f3n de los impuestos municipales, para ello deber\u00e1n acercarse para informarse de qu\u00e9 manera se realizan los tr\u00e1mites\u201d.<\/p>\n<p>\u201cEn el \u00e1rea cultural se contar\u00e1 con seminarios espec\u00edficos, entradas a la fiesta del salame acerc\u00e1ndose a la oficina con el carnet, cupos en todos los talleres municipales. Y estamos pensando organizar miniturismo. Les pedimos que vengan, que propongan y generemos juntos m\u00e1s y mejores actividades\u201d indic\u00f3 Odell.<\/p>\n<p>Adem\u00e1s, se inform\u00f3 que todos aquellos jubilados municipales que a\u00fan no tengan su carnet de descuentos, necesiten informaci\u00f3n, hacer consultas, etc, se acerquen a la oficina de adultos mayores que se encuentra en el Hogar Villa Abrille, en calle 25, entre 16 y 18.<\/p>\n<p>Se hicieron presente, el intendente municipal Ustarroz, la responsable de Adultos Mayores, Victoria Odell, el jefe de gabinete, Mat\u00edas Dematei, el secretario de salud, Pablo Cassiani, el secretario de gobierno, Juan Pablo L\u00f3pez, la coordinadora del Hogar Villa Abrille, Noelia Gollo, los sindicatos y centros de jubilados de nuestra ciudad.<\/p>\n<p>Fuente: Prensa Municipal<\/p>\n","protected":false},"excerpt":{"rendered":"<p>El intendente Juan Ignacio Ustarroz, anunci\u00f3 la creaci\u00f3n del primer Centro de Jubilados Municipales de nuestra ciudad. Esta propuesta es &#8230; <a title=\"Anunciaron un Centro de Jubilados para Trabajadores Municipales\" class=\"read-more\" href=\"https:\/\/www.hoymercedes.com.ar\/principal\/2018\/08\/30\/anunciaron-un-centro-de-jubilados-para-trabajadores-municipales\/\" aria-label=\"Leer m\u00e1s sobre Anunciaron un Centro de Jubilados para Trabajadores Municipales\">Leer m\u00e1s<\/a><\/p>\n","protected":false},"author":1,"featured_media":80473,"comment_status":"closed","ping_status":"open","sticky":false,"template":"","format":"standard","meta":{"_monsterinsights_skip_tracking":false,"_monsterinsights_sitenote_active":false,"_monsterinsights_sitenote_note":"","_monsterinsights_sitenote_category":0,"jetpack_post_was_ever_published":false,"_jetpack_newsletter_access":"","_jetpack_dont_email_post_to_subs":false,"_jetpack_newsletter_tier_id":0,"_jetpack_memberships_contains_paywalled_content":false,"_jetpack_memberships_contains_paid_content":false,"footnotes":"","jetpack_publicize_message":"","jetpack_publicize_feature_enabled":true,"jetpack_social_post_already_shared":true,"jetpack_social_options":{"image_generator_settings":{"template":"highway","default_image_id":0,"font":"","enabled":false},"version":2},"_wpas_customize_per_network":false},"categories":[30],"tags":[2598,244,2720],"class_list":["post-80472","post","type-post","status-publish","format-standard","has-post-thumbnail","hentry","category-municipio","tag-centro-de-jubilados","tag-municipio-2","tag-trabajadores-municipales","generate-columns","tablet-grid-50","mobile-grid-100","grid-parent","grid-50"],"jetpack_publicize_connections":[],"jetpack_featured_media_url":"https:\/\/www.hoymercedes.com.ar\/principal\/wp-content\/uploads\/2018\/08\/30-Muni-jubilado.jpg","wps_subtitle":"Funcionar\u00e1 en Adultos Mayores","jetpack_sharing_enabled":true,"_links":{"self":[{"href":"https:\/\/www.hoymercedes.com.ar\/principal\/wp-json\/wp\/v2\/posts\/80472","targetHints":{"allow":["GET"]}}],"collection":[{"href":"https:\/\/www.hoymercedes.com.ar\/principal\/wp-json\/wp\/v2\/posts"}],"about":[{"href":"https:\/\/www.hoymercedes.com.ar\/principal\/wp-json\/wp\/v2\/types\/post"}],"author":[{"embeddable":true,"href":"https:\/\/www.hoymercedes.com.ar\/principal\/wp-json\/wp\/v2\/users\/1"}],"replies":[{"embeddable":true,"href":"https:\/\/www.hoymercedes.com.ar\/principal\/wp-json\/wp\/v2\/comments?post=80472"}],"version-history":[{"count":0,"href":"https:\/\/www.hoymercedes.com.ar\/principal\/wp-json\/wp\/v2\/posts\/80472\/revisions"}],"wp:featuredmedia":[{"embeddable":true,"href":"https:\/\/www.hoymercedes.com.ar\/principal\/wp-json\/wp\/v2\/media\/80473"}],"wp:attachment":[{"href":"https:\/\/www.hoymercedes.com.ar\/principal\/wp-json\/wp\/v2\/media?parent=80472"}],"wp:term":[{"taxonomy":"category","embeddable":true,"href":"https:\/\/www.hoymercedes.com.ar\/principal\/wp-json\/wp\/v2\/categories?post=80472"},{"taxonomy":"post_tag","embeddable":true,"href":"https:\/\/www.hoymercedes.com.ar\/principal\/wp-json\/wp\/v2\/tags?post=80472"}],"curies":[{"name":"wp","href":"https:\/\/api.w.org\/{rel}","templated":true}]}}