{"id":8048,"date":"2011-10-07T02:57:12","date_gmt":"2011-10-07T02:57:12","guid":{"rendered":"http:\/\/www.hoymercedes.com.ar\/principal\/?p=8048"},"modified":"2011-10-07T02:57:12","modified_gmt":"2011-10-07T02:57:12","slug":"dos-medallas-en-voley-marcaron-el-cierre-de-los-juegos-para-la-ciudad-de-mercedes","status":"publish","type":"post","link":"https:\/\/www.hoymercedes.com.ar\/principal\/2011\/10\/07\/dos-medallas-en-voley-marcaron-el-cierre-de-los-juegos-para-la-ciudad-de-mercedes\/","title":{"rendered":"Dos medallas en voley marcaron el cierre  de los Juegos para la ciudad de Mercedes"},"content":{"rendered":"<p><a href=\"https:\/\/www.hoymercedes.com.ar\/principal\/wp-content\/uploads\/2011\/10\/SanPatricio-bonaerenses-2011.jpg\"><img loading=\"lazy\" decoding=\"async\" data-attachment-id=\"8050\" data-permalink=\"https:\/\/www.hoymercedes.com.ar\/principal\/2011\/10\/07\/dos-medallas-en-voley-marcaron-el-cierre-de-los-juegos-para-la-ciudad-de-mercedes\/sanpatricio-bonaerenses-2011\/#main\" data-orig-file=\"https:\/\/www.hoymercedes.com.ar\/principal\/wp-content\/uploads\/2011\/10\/SanPatricio-bonaerenses-2011.jpg\" data-orig-size=\"612,459\" data-comments-opened=\"1\" data-image-meta=\"{&quot;aperture&quot;:&quot;3.1&quot;,&quot;credit&quot;:&quot;&quot;,&quot;camera&quot;:&quot;DSC-W180&quot;,&quot;caption&quot;:&quot;&quot;,&quot;created_timestamp&quot;:&quot;1317918303&quot;,&quot;copyright&quot;:&quot;&quot;,&quot;focal_length&quot;:&quot;6.2&quot;,&quot;iso&quot;:&quot;125&quot;,&quot;shutter_speed&quot;:&quot;0.025&quot;,&quot;title&quot;:&quot;&quot;}\" data-image-title=\"SanPatricio-bonaerenses-2011\" data-image-description=\"\" data-image-caption=\"\" data-large-file=\"https:\/\/www.hoymercedes.com.ar\/principal\/wp-content\/uploads\/2011\/10\/SanPatricio-bonaerenses-2011.jpg\" class=\"aligncenter size-full wp-image-8050\" title=\"SanPatricio-bonaerenses-2011\" src=\"https:\/\/www.hoymercedes.com.ar\/principal\/wp-content\/uploads\/2011\/10\/SanPatricio-bonaerenses-2011.jpg\" alt=\"\" width=\"612\" height=\"459\" \/><\/a><\/p>\n<p>El equipo de \u201cMenores\u201d del Colegio San Patricio consigui\u00f3 plata tras perder en la final ante el duro conjunto de La Matanza. En tanto, las \u201cJuveniles de Misericordia obtuvieron una merecida medalla de bronce. Walter Milla, Milagros Rolando y el \u201cabuelo\u201d Juan Carlos Siri terminaron cuartos. Este viernes por la ma\u00f1ana, la delegaci\u00f3n arribar\u00e1 a nuestra ciudad.<\/p>\n<p>La edici\u00f3n 2011 de los Juegos organizados por la Provincia de Buenos Aires ya es historia, y para los mercedinos, finalmente fueron doce las doce medallas que se consiguieron.<\/p>\n<p>A las diez que ya se hab\u00edan conquistado entre lunes y mi\u00e9rcoles, hoy el voley fue el que dio la alegr\u00eda. En horas de la ma\u00f1ana fue el turno de las semifinales con las presentaciones de los colegios Misericordia y San Patricio.<\/p>\n<p>A las 9 de la ma\u00f1ana se present\u00f3 el equipo del profesor Pablo Cross, en la categor\u00eda Juveniles, donde las chicas mercedinas se enfrentaron a un poderoso conjunto de Lomas de Zamora.<\/p>\n<p>En el primer set, todo fue de \u201cLomas\u201d, que con un juego contundente y mucha decisi\u00f3n se impuso por 25 a 17. En el segundo set el equipo mercedino cambi\u00f3 su actitud y tuvo un buen arranque, para ponerse 3 a 0. Sin embargo, a partir de all\u00ed, Lomas de Zamora volvi\u00f3 a emparejar las acciones y se termin\u00f3 llevando la victoria por 25 a 20.<\/p>\n<p>Esto motiv\u00f3 que por la tarde Misericordia jugara el partido por el tercer puesto ante General Belgrano, donde Mercedes fue claramente superior, llev\u00e1ndose la victoria por 25 \u2013 11 y 25 \u2013 20.<\/p>\n<p>En cuanto a San Patricio, por la ma\u00f1ana jugo en instancias de semifinales ante Berazategui. Y el juego de nuestro representativo fue casi perfecto, mostrando sus mejores cualidades en todo el torneo e imponi\u00e9ndose por 25 \u2013 11 y 25 \u2013 20. La alegr\u00eda invadi\u00f3 al grupo y tambi\u00e9n a la delegaci\u00f3n ante la posibilidad de conquistar una medalla de oro.<\/p>\n<p>Sin embargo, en la final, La Matanza se mostr\u00f3 muy superior, y con parciales 25 \u2013 12 y 25 \u2013 20 termin\u00f3 coron\u00e1ndose campe\u00f3n.<\/p>\n<p><a href=\"https:\/\/www.hoymercedes.com.ar\/principal\/wp-content\/uploads\/2011\/10\/Misericordia-bonaerenses-2011.jpg\"><img loading=\"lazy\" decoding=\"async\" data-attachment-id=\"8051\" data-permalink=\"https:\/\/www.hoymercedes.com.ar\/principal\/2011\/10\/07\/dos-medallas-en-voley-marcaron-el-cierre-de-los-juegos-para-la-ciudad-de-mercedes\/misericordia-bonaerenses-2011\/#main\" data-orig-file=\"https:\/\/www.hoymercedes.com.ar\/principal\/wp-content\/uploads\/2011\/10\/Misericordia-bonaerenses-2011.jpg\" data-orig-size=\"612,459\" data-comments-opened=\"1\" data-image-meta=\"{&quot;aperture&quot;:&quot;2.8&quot;,&quot;credit&quot;:&quot;&quot;,&quot;camera&quot;:&quot;DSC-W110&quot;,&quot;caption&quot;:&quot;&quot;,&quot;created_timestamp&quot;:&quot;1317919712&quot;,&quot;copyright&quot;:&quot;&quot;,&quot;focal_length&quot;:&quot;5.35&quot;,&quot;iso&quot;:&quot;400&quot;,&quot;shutter_speed&quot;:&quot;0.025&quot;,&quot;title&quot;:&quot;&quot;}\" data-image-title=\"Misericordia-bonaerenses-2011\" data-image-description=\"\" data-image-caption=\"\" data-large-file=\"https:\/\/www.hoymercedes.com.ar\/principal\/wp-content\/uploads\/2011\/10\/Misericordia-bonaerenses-2011.jpg\" class=\"aligncenter size-full wp-image-8051\" title=\"Misericordia-bonaerenses-2011\" src=\"https:\/\/www.hoymercedes.com.ar\/principal\/wp-content\/uploads\/2011\/10\/Misericordia-bonaerenses-2011.jpg\" alt=\"\" width=\"612\" height=\"459\" srcset=\"https:\/\/www.hoymercedes.com.ar\/principal\/wp-content\/uploads\/2011\/10\/Misericordia-bonaerenses-2011.jpg 612w, https:\/\/www.hoymercedes.com.ar\/principal\/wp-content\/uploads\/2011\/10\/Misericordia-bonaerenses-2011-300x225.jpg 300w\" sizes=\"auto, (max-width: 612px) 100vw, 612px\" \/><\/a><\/p>\n<p><strong>El resto<\/strong><\/p>\n<p>En este cierre de jornada hubo participaci\u00f3n del atletismo especial con Walter Milla en el lanzamiento de pelota de softbol y con Milagros Rolando en los 60 metros de pista.<\/p>\n<p>Ambos terminaron en la cuarta posici\u00f3n.<\/p>\n<p>En cuanto a juveniles en cultura, Valentino Rutigliano no estuvo en la consideraci\u00f3n del jurado para ocupar un lugar en el medallero.<\/p>\n<p><strong>Abuelos<\/strong><\/p>\n<p>Finalmente no hubo medallas para los \u201cAbuelos\u201d. Juan Carlos Siri, que ven\u00eda teniendo una muy buena participaci\u00f3n, no tuvo suerte en la \u00faltima jornada y termin\u00f3 en cuarta posici\u00f3n.<\/p>\n<p>El equipo de gimnasia art\u00edstica fue sexto, mientras que en bochas y en canasta no hubo podio.<\/p>\n<p><strong>Vuelta a casa<\/strong><\/p>\n<p>En la medianoche de este jueves la delegaci\u00f3n estar\u00e1 iniciando el regreso a la ciudad de Mercedes, y la llegada est\u00e1 prevista para alrededor de las 7 de la ma\u00f1ana del viernes.<\/p>\n","protected":false},"excerpt":{"rendered":"<p>El equipo de \u201cMenores\u201d del Colegio San Patricio consigui\u00f3 plata tras perder en la final ante el duro conjunto de &#8230; <a title=\"Dos medallas en voley marcaron el cierre  de los Juegos para la ciudad de Mercedes\" class=\"read-more\" href=\"https:\/\/www.hoymercedes.com.ar\/principal\/2011\/10\/07\/dos-medallas-en-voley-marcaron-el-cierre-de-los-juegos-para-la-ciudad-de-mercedes\/\" aria-label=\"Leer m\u00e1s sobre Dos medallas en voley marcaron el cierre  de los Juegos para la ciudad de Mercedes\">Leer m\u00e1s<\/a><\/p>\n","protected":false},"author":1,"featured_media":0,"comment_status":"open","ping_status":"open","sticky":false,"template":"","format":"standard","meta":{"_monsterinsights_skip_tracking":false,"_monsterinsights_sitenote_active":false,"_monsterinsights_sitenote_note":"","_monsterinsights_sitenote_category":0,"jetpack_post_was_ever_published":false,"_jetpack_newsletter_access":"","_jetpack_dont_email_post_to_subs":false,"_jetpack_newsletter_tier_id":0,"_jetpack_memberships_contains_paywalled_content":false,"_jetpack_memberships_contains_paid_content":false,"footnotes":"","jetpack_publicize_message":"","jetpack_publicize_feature_enabled":true,"jetpack_social_post_already_shared":false,"jetpack_social_options":{"image_generator_settings":{"template":"highway","default_image_id":0,"font":"","enabled":false},"version":2},"_wpas_customize_per_network":false},"categories":[21],"tags":[1425,1424,1426],"class_list":["post-8048","post","type-post","status-publish","format-standard","hentry","category-deportes","tag-misericordia","tag-san-patricio","tag-torneos-bonaerense-2011","generate-columns","tablet-grid-50","mobile-grid-100","grid-parent","grid-50"],"jetpack_publicize_connections":[],"jetpack_featured_media_url":"","wps_subtitle":"","jetpack_sharing_enabled":true,"_links":{"self":[{"href":"https:\/\/www.hoymercedes.com.ar\/principal\/wp-json\/wp\/v2\/posts\/8048","targetHints":{"allow":["GET"]}}],"collection":[{"href":"https:\/\/www.hoymercedes.com.ar\/principal\/wp-json\/wp\/v2\/posts"}],"about":[{"href":"https:\/\/www.hoymercedes.com.ar\/principal\/wp-json\/wp\/v2\/types\/post"}],"author":[{"embeddable":true,"href":"https:\/\/www.hoymercedes.com.ar\/principal\/wp-json\/wp\/v2\/users\/1"}],"replies":[{"embeddable":true,"href":"https:\/\/www.hoymercedes.com.ar\/principal\/wp-json\/wp\/v2\/comments?post=8048"}],"version-history":[{"count":0,"href":"https:\/\/www.hoymercedes.com.ar\/principal\/wp-json\/wp\/v2\/posts\/8048\/revisions"}],"wp:attachment":[{"href":"https:\/\/www.hoymercedes.com.ar\/principal\/wp-json\/wp\/v2\/media?parent=8048"}],"wp:term":[{"taxonomy":"category","embeddable":true,"href":"https:\/\/www.hoymercedes.com.ar\/principal\/wp-json\/wp\/v2\/categories?post=8048"},{"taxonomy":"post_tag","embeddable":true,"href":"https:\/\/www.hoymercedes.com.ar\/principal\/wp-json\/wp\/v2\/tags?post=8048"}],"curies":[{"name":"wp","href":"https:\/\/api.w.org\/{rel}","templated":true}]}}