{"id":80483,"date":"2018-08-30T22:37:39","date_gmt":"2018-08-31T01:37:39","guid":{"rendered":"http:\/\/www.hoymercedes.com.ar\/principal\/?p=80483"},"modified":"2018-08-30T22:37:39","modified_gmt":"2018-08-31T01:37:39","slug":"en-momentos-dificiles-el-municipio-realiza-nuevo-apoyo-a-los-bomberos","status":"publish","type":"post","link":"https:\/\/www.hoymercedes.com.ar\/principal\/2018\/08\/30\/en-momentos-dificiles-el-municipio-realiza-nuevo-apoyo-a-los-bomberos\/","title":{"rendered":"En momentos dif\u00edciles el Municipio realiza nuevo apoyo a los Bomberos"},"content":{"rendered":"<figure id=\"attachment_80484\" aria-describedby=\"caption-attachment-80484\" style=\"width: 620px\" class=\"wp-caption aligncenter\"><img loading=\"lazy\" decoding=\"async\" data-attachment-id=\"80484\" data-permalink=\"https:\/\/www.hoymercedes.com.ar\/principal\/2018\/08\/30\/en-momentos-dificiles-el-municipio-realiza-nuevo-apoyo-a-los-bomberos\/bomberos-1-2\/#main\" data-orig-file=\"https:\/\/www.hoymercedes.com.ar\/principal\/wp-content\/uploads\/2018\/08\/bomberos.1.jpg\" data-orig-size=\"1179,662\" data-comments-opened=\"0\" data-image-meta=\"{&quot;aperture&quot;:&quot;0&quot;,&quot;credit&quot;:&quot;&quot;,&quot;camera&quot;:&quot;&quot;,&quot;caption&quot;:&quot;&quot;,&quot;created_timestamp&quot;:&quot;0&quot;,&quot;copyright&quot;:&quot;&quot;,&quot;focal_length&quot;:&quot;0&quot;,&quot;iso&quot;:&quot;0&quot;,&quot;shutter_speed&quot;:&quot;0&quot;,&quot;title&quot;:&quot;&quot;,&quot;orientation&quot;:&quot;0&quot;}\" data-image-title=\"bomberos.1\" data-image-description=\"\" data-image-caption=\"&lt;p&gt;Bomberos&lt;\/p&gt;\n\" data-large-file=\"https:\/\/www.hoymercedes.com.ar\/principal\/wp-content\/uploads\/2018\/08\/bomberos.1-1024x575.jpg\" class=\"size-medium wp-image-80484\" src=\"https:\/\/www.hoymercedes.com.ar\/principal\/wp-content\/uploads\/2018\/08\/bomberos.1-630x354.jpg\" alt=\"\" width=\"630\" height=\"354\" srcset=\"https:\/\/www.hoymercedes.com.ar\/principal\/wp-content\/uploads\/2018\/08\/bomberos.1-630x354.jpg 630w, https:\/\/www.hoymercedes.com.ar\/principal\/wp-content\/uploads\/2018\/08\/bomberos.1-150x84.jpg 150w, https:\/\/www.hoymercedes.com.ar\/principal\/wp-content\/uploads\/2018\/08\/bomberos.1-1024x575.jpg 1024w, https:\/\/www.hoymercedes.com.ar\/principal\/wp-content\/uploads\/2018\/08\/bomberos.1.jpg 1179w\" sizes=\"auto, (max-width: 630px) 100vw, 630px\" \/><figcaption id=\"caption-attachment-80484\" class=\"wp-caption-text\">Bomberos<\/figcaption><\/figure>\n<p>Luego de lo que fue la exitosa cena realizada, en un trabajo mancomunado, entre el Municipio de Mercedes y los Bomberos Voluntarios de nuestra ciudad, la emblem\u00e1tica instituci\u00f3n efectu\u00f3 una rendici\u00f3n de cuenta para informar todo lo recaudado. Adem\u00e1s, el Dr. Ustarroz entreg\u00f3 una importante ayuda derivada de las tasas municipales que se suma a la entrega del subsidio gestionado ante el diputado nacional, Eduardo \u201cWado\u201d De Pedro.<\/p>\n<p>\u201cLos bomberos vinieron a hacer una rendici\u00f3n de cuentas de lo recaudado en la cena que se hizo hace poco donde han obtenido 245.583 pesos, una recaudaci\u00f3n muy importante que les permitir\u00e1 afrontar el ajuste que le ha aplicado el gobierno nacional\u201d inform\u00f3 el primer mandatario, Juan Ignacio Ustarroz.<\/p>\n<p><strong>Aportes<\/strong><\/p>\n<p>Por otro lado, el intendente, el Dr. Ustarroz cont\u00f3 \u201cpor otro lado le estamos haciendo entrega de la tasa que todos los vecinos de Mercedes aportan a los bomberos voluntarios, en este caso es de 64.900 de pesos, m\u00e1s un aporte del diputado nacional Eduardo \u201cWado\u201d De Pedro de 20.000 pesos\u201d.<\/p>\n<p>Adem\u00e1s, el primer mandatario remarc\u00f3 \u201cel gasto operativo de los bomberos es de m\u00e1s de 270.000 pesos mensuales, es decir, m\u00e1s all\u00e1 de que la cena all\u00e1 sido un \u00e9xito, los bomberos siguen necesitando ayuda por parte de toda la comunidad y el Estado\u201d.<\/p>\n<p><strong>Cena exitosa<\/strong><\/p>\n<p>Por su parte, el presidente de la Cooperadora, Pedro Di Cecco, expres\u00f3 \u201cen primera medida quiero agradecer al Dr. Juan Ustarroz que fue el que propuso llevar adelante la cena y que tan buenos resultados trajo, este es un ingreso muy importante para los bomberos\u201d. Asimismo, agradeci\u00f3 al jefe de gabinete, Matas Dematei, a la gente que colabor\u00f3 en la organizaci\u00f3n y a todos los mercedinos que compraron su tarjeta.<\/p>\n<p>\u201cPara nosotros esta es una suma muy importante que nos ayudar\u00e1 a solventar los gastos necesarios para que nuestros bomberos afronten de la mejor manera los servicios\u201d remarc\u00f3 Di Cecco.<\/p>\n<p>Qui\u00e9n tambi\u00e9n tom\u00f3 la palabra fue el contador, Sergio Ramponi qui\u00e9n dijo \u201cagradecer al intendente ustarroz y al jefe de gabinete porque sin ellos la cena no se podr\u00eda haber hecho y a todos los que participaron en la concreci\u00f3n\u201d.<\/p>\n<p>Conjuntamente, el contador Ramponi inform\u00f3 sobre la nueva campa\u00f1a que lanzar\u00e1 bomberos en la b\u00fasqueda de nuevos socios \u201cun docente, Carlos Larrea, qui\u00e9n saldr\u00e1 con chicos de segundo y tercer a\u00f1o del Colegio Santa Mar\u00eda y como parte de su materia, saldr\u00e1n por los barrios en busca de concientizar y de esa manera ganar m\u00e1s socios\u201d y a\u00f1adi\u00f3 \u201cla cuota es muy baja y a nosotros nos ayuda much\u00edsimo\u201d.<\/p>\n<p>\u201cNuestros gastos operativos son muy grandes, as\u00ed que esta ayuda nos dar\u00eda un impulso m\u00e1s que importante\u201d sostuvo el contador.<\/p>\n<p><strong>Realidad<\/strong><\/p>\n<p>&nbsp;<\/p>\n<p>Por otro lado, Di Cecco cont\u00f3 de qu\u00e9 manera impacta la realidad econ\u00f3mica en el cuerpo de bomberos \u201chace tres a\u00f1os que la venta del bono -rifa- no tiene los resultados esperados, este a\u00f1o quisimos mantener el mismo valor para que la gente tuviese oportunidad de poder comprar la rifa, teniendo en cuenta todas las vicisitudes econ\u00f3micas que venimos viviendo, la verdad que los m\u00e1rgenes se nos ajustaron much\u00edsimo\u201d.<\/p>\n<p>\u201cLa verdad que estamos sobreviviendo a duras penas, por ese motivo la realizaci\u00f3n de la cena, la salida a la calle para incrementar los socios y conseguir recursos que nos permitan desarrollar las actividades necesarias que exige una ciudad como Mercedes\u201d destac\u00f3 Pedro Di Cecco.<\/p>\n<p>Sergio Ramponi, de la misma manera, agreg\u00f3 \u201cde los 5.000 n\u00fameros que sacamos anualmente a la venta s\u00f3lo vendimos 3.000. Los premios se pagan si o si -hay premios importantes- manteniendo casi el mismo valor de la rifa del a\u00f1o pasado. Este a\u00f1o con la rifa recaudamos 4 millones y medio de pesos, algo as\u00ed de casi 400 mil pesos por mes -en un a\u00f1o- pero la realidad es que casi 300 mil se nos van en gastos operativos y con el resto comprar los premios que la rifa exige, lo cual ese sobrante no nos alcanza. Por eso necesitamos de la ayuda de todos y agradecemos todos los gestos del municipio para con los bomberos\u201d.<\/p>\n<p>Y reiter\u00f3 \u201cnecesitamos de los socios por eso apelamos a la colaboraci\u00f3n de todos los vecinos de Mercedes\u201d.<\/p>\n<p>&nbsp;<\/p>\n<p>Info: Bomberos<\/p>\n","protected":false},"excerpt":{"rendered":"<p>Luego de lo que fue la exitosa cena realizada, en un trabajo mancomunado, entre el Municipio de Mercedes y los &#8230; <a title=\"En momentos dif\u00edciles el Municipio realiza nuevo apoyo a los Bomberos\" class=\"read-more\" href=\"https:\/\/www.hoymercedes.com.ar\/principal\/2018\/08\/30\/en-momentos-dificiles-el-municipio-realiza-nuevo-apoyo-a-los-bomberos\/\" aria-label=\"Leer m\u00e1s sobre En momentos dif\u00edciles el Municipio realiza nuevo apoyo a los Bomberos\">Leer m\u00e1s<\/a><\/p>\n","protected":false},"author":1,"featured_media":80484,"comment_status":"closed","ping_status":"open","sticky":false,"template":"","format":"standard","meta":{"_monsterinsights_skip_tracking":false,"_monsterinsights_sitenote_active":false,"_monsterinsights_sitenote_note":"","_monsterinsights_sitenote_category":0,"jetpack_post_was_ever_published":false,"_jetpack_newsletter_access":"","_jetpack_dont_email_post_to_subs":false,"_jetpack_newsletter_tier_id":0,"_jetpack_memberships_contains_paywalled_content":false,"_jetpack_memberships_contains_paid_content":false,"footnotes":"","jetpack_publicize_message":"","jetpack_publicize_feature_enabled":true,"jetpack_social_post_already_shared":true,"jetpack_social_options":{"image_generator_settings":{"template":"highway","default_image_id":0,"font":"","enabled":false},"version":2},"_wpas_customize_per_network":false},"categories":[30],"tags":[13661,865,424],"class_list":["post-80483","post","type-post","status-publish","format-standard","has-post-thumbnail","hentry","category-municipio","tag-ajuste-a-bomberos","tag-bomberos-voluntarios","tag-ustarroz","generate-columns","tablet-grid-50","mobile-grid-100","grid-parent","grid-50"],"jetpack_publicize_connections":[],"jetpack_featured_media_url":"https:\/\/www.hoymercedes.com.ar\/principal\/wp-content\/uploads\/2018\/08\/bomberos.1.jpg","wps_subtitle":"Ajuste","jetpack_sharing_enabled":true,"_links":{"self":[{"href":"https:\/\/www.hoymercedes.com.ar\/principal\/wp-json\/wp\/v2\/posts\/80483","targetHints":{"allow":["GET"]}}],"collection":[{"href":"https:\/\/www.hoymercedes.com.ar\/principal\/wp-json\/wp\/v2\/posts"}],"about":[{"href":"https:\/\/www.hoymercedes.com.ar\/principal\/wp-json\/wp\/v2\/types\/post"}],"author":[{"embeddable":true,"href":"https:\/\/www.hoymercedes.com.ar\/principal\/wp-json\/wp\/v2\/users\/1"}],"replies":[{"embeddable":true,"href":"https:\/\/www.hoymercedes.com.ar\/principal\/wp-json\/wp\/v2\/comments?post=80483"}],"version-history":[{"count":0,"href":"https:\/\/www.hoymercedes.com.ar\/principal\/wp-json\/wp\/v2\/posts\/80483\/revisions"}],"wp:featuredmedia":[{"embeddable":true,"href":"https:\/\/www.hoymercedes.com.ar\/principal\/wp-json\/wp\/v2\/media\/80484"}],"wp:attachment":[{"href":"https:\/\/www.hoymercedes.com.ar\/principal\/wp-json\/wp\/v2\/media?parent=80483"}],"wp:term":[{"taxonomy":"category","embeddable":true,"href":"https:\/\/www.hoymercedes.com.ar\/principal\/wp-json\/wp\/v2\/categories?post=80483"},{"taxonomy":"post_tag","embeddable":true,"href":"https:\/\/www.hoymercedes.com.ar\/principal\/wp-json\/wp\/v2\/tags?post=80483"}],"curies":[{"name":"wp","href":"https:\/\/api.w.org\/{rel}","templated":true}]}}