{"id":80493,"date":"2018-08-31T11:48:31","date_gmt":"2018-08-31T14:48:31","guid":{"rendered":"http:\/\/www.hoymercedes.com.ar\/principal\/?p=80493"},"modified":"2018-08-31T20:08:11","modified_gmt":"2018-08-31T23:08:11","slug":"desde-el-lunes-deja-de-funcionar-el-transporte-urbano-de-pasajeros-de-mercedes","status":"publish","type":"post","link":"https:\/\/www.hoymercedes.com.ar\/principal\/2018\/08\/31\/desde-el-lunes-deja-de-funcionar-el-transporte-urbano-de-pasajeros-de-mercedes\/","title":{"rendered":"Desde el lunes deja de funcionar el transporte urbano de pasajeros de Mercedes"},"content":{"rendered":"<p>A trav\u00e9s de una conferencia de prensa, el Municipio anunci\u00f3 que el martes pr\u00f3ximo dejar\u00e1 de funcionar la L\u00ednea 2 (Parque-Noelandia), mientras que a finales de septiembre dejar\u00e1 de funcionar la L\u00ednea 1 (Cementerio-Matienzo). Analizan situaci\u00f3n para adquirir los veh\u00edculos y municipalizar totalmente el servicio.<\/p>\n<figure id=\"attachment_80497\" aria-describedby=\"caption-attachment-80497\" style=\"width: 620px\" class=\"wp-caption aligncenter\"><img loading=\"lazy\" decoding=\"async\" data-attachment-id=\"80497\" data-permalink=\"https:\/\/www.hoymercedes.com.ar\/principal\/2018\/08\/31\/desde-el-lunes-deja-de-funcionar-el-transporte-urbano-de-pasajeros-de-mercedes\/dsc_0011-2\/#main\" data-orig-file=\"https:\/\/www.hoymercedes.com.ar\/principal\/wp-content\/uploads\/2018\/08\/DSC_0011.jpg\" data-orig-size=\"1014,677\" data-comments-opened=\"0\" data-image-meta=\"{&quot;aperture&quot;:&quot;0&quot;,&quot;credit&quot;:&quot;&quot;,&quot;camera&quot;:&quot;&quot;,&quot;caption&quot;:&quot;&quot;,&quot;created_timestamp&quot;:&quot;0&quot;,&quot;copyright&quot;:&quot;&quot;,&quot;focal_length&quot;:&quot;0&quot;,&quot;iso&quot;:&quot;0&quot;,&quot;shutter_speed&quot;:&quot;0&quot;,&quot;title&quot;:&quot;&quot;,&quot;orientation&quot;:&quot;0&quot;}\" data-image-title=\"Conferencia colectivos\" data-image-description=\"\" data-image-caption=\"&lt;p&gt;Conferencia colectivos&lt;\/p&gt;\n\" data-large-file=\"https:\/\/www.hoymercedes.com.ar\/principal\/wp-content\/uploads\/2018\/08\/DSC_0011.jpg\" class=\"size-medium wp-image-80497\" src=\"https:\/\/www.hoymercedes.com.ar\/principal\/wp-content\/uploads\/2018\/08\/DSC_0011-630x421.jpg\" alt=\"\" width=\"630\" height=\"421\" srcset=\"https:\/\/www.hoymercedes.com.ar\/principal\/wp-content\/uploads\/2018\/08\/DSC_0011-630x421.jpg 630w, https:\/\/www.hoymercedes.com.ar\/principal\/wp-content\/uploads\/2018\/08\/DSC_0011-150x100.jpg 150w, https:\/\/www.hoymercedes.com.ar\/principal\/wp-content\/uploads\/2018\/08\/DSC_0011.jpg 1014w\" sizes=\"auto, (max-width: 630px) 100vw, 630px\" \/><figcaption id=\"caption-attachment-80497\" class=\"wp-caption-text\">Conferencia colectivos<\/figcaption><\/figure>\n<p>Tras el cambio de modalidad de otorgamiento de subsidios por parte del Estado Nacional, la crisis econ\u00f3mica y el bajo volumen de pasajeros la Empresa Atl\u00e1ntida ha tomado la decisi\u00f3n de finalizar el servicio de transporte p\u00fablico de pasajeros en Mercedes. Desde la Comuna se trabaja para avanzar en una posible soluci\u00f3n.<\/p>\n<p>El anuncio lo efectu\u00f3 en conferencia de prensa el intendente municipal, Juan Ignacio Ustarroz, junto a la Sub Secretaria de Seguridad, doctora Clara Zunino, y el Secretario de Econom\u00eda, Diego Men\u00e9ndez.<\/p>\n<p>Seg\u00fan expresaron la L\u00ednea 1 seguir\u00e1 durante un mes m\u00e1s su recorrido. La L\u00ednea 2 finaliza inmediatamente mientras el martes mientras se trabaja en encontrar una soluci\u00f3n, tanto para los escolares como para los trabajadores y tambi\u00e9n quienes viajan a Jofr\u00e9 los fines de semana.<\/p>\n<p>&nbsp;<\/p>\n<p>Ampliaremos<\/p>\n","protected":false},"excerpt":{"rendered":"<p>A trav\u00e9s de una conferencia de prensa, el Municipio anunci\u00f3 que el martes pr\u00f3ximo dejar\u00e1 de funcionar la L\u00ednea 2 &#8230; <a title=\"Desde el lunes deja de funcionar el transporte urbano de pasajeros de Mercedes\" class=\"read-more\" href=\"https:\/\/www.hoymercedes.com.ar\/principal\/2018\/08\/31\/desde-el-lunes-deja-de-funcionar-el-transporte-urbano-de-pasajeros-de-mercedes\/\" aria-label=\"Leer m\u00e1s sobre Desde el lunes deja de funcionar el transporte urbano de pasajeros de Mercedes\">Leer m\u00e1s<\/a><\/p>\n","protected":false},"author":1,"featured_media":80497,"comment_status":"closed","ping_status":"open","sticky":false,"template":"","format":"standard","meta":{"_monsterinsights_skip_tracking":false,"_monsterinsights_sitenote_active":false,"_monsterinsights_sitenote_note":"","_monsterinsights_sitenote_category":0,"jetpack_post_was_ever_published":false,"_jetpack_newsletter_access":"","_jetpack_dont_email_post_to_subs":false,"_jetpack_newsletter_tier_id":0,"_jetpack_memberships_contains_paywalled_content":false,"_jetpack_memberships_contains_paid_content":false,"footnotes":"","jetpack_publicize_message":"","jetpack_publicize_feature_enabled":true,"jetpack_social_post_already_shared":true,"jetpack_social_options":{"image_generator_settings":{"template":"highway","default_image_id":0,"font":"","enabled":false},"version":2},"_wpas_customize_per_network":false},"categories":[30],"tags":[11910,905,12276,424],"class_list":["post-80493","post","type-post","status-publish","format-standard","has-post-thumbnail","hentry","category-municipio","tag-clara-zunino","tag-colectivos-mercedes","tag-diego-menendez","tag-ustarroz","generate-columns","tablet-grid-50","mobile-grid-100","grid-parent","grid-50"],"jetpack_publicize_connections":[],"jetpack_featured_media_url":"https:\/\/www.hoymercedes.com.ar\/principal\/wp-content\/uploads\/2018\/08\/DSC_0011.jpg","wps_subtitle":"Crisis ","jetpack_sharing_enabled":true,"_links":{"self":[{"href":"https:\/\/www.hoymercedes.com.ar\/principal\/wp-json\/wp\/v2\/posts\/80493","targetHints":{"allow":["GET"]}}],"collection":[{"href":"https:\/\/www.hoymercedes.com.ar\/principal\/wp-json\/wp\/v2\/posts"}],"about":[{"href":"https:\/\/www.hoymercedes.com.ar\/principal\/wp-json\/wp\/v2\/types\/post"}],"author":[{"embeddable":true,"href":"https:\/\/www.hoymercedes.com.ar\/principal\/wp-json\/wp\/v2\/users\/1"}],"replies":[{"embeddable":true,"href":"https:\/\/www.hoymercedes.com.ar\/principal\/wp-json\/wp\/v2\/comments?post=80493"}],"version-history":[{"count":0,"href":"https:\/\/www.hoymercedes.com.ar\/principal\/wp-json\/wp\/v2\/posts\/80493\/revisions"}],"wp:featuredmedia":[{"embeddable":true,"href":"https:\/\/www.hoymercedes.com.ar\/principal\/wp-json\/wp\/v2\/media\/80497"}],"wp:attachment":[{"href":"https:\/\/www.hoymercedes.com.ar\/principal\/wp-json\/wp\/v2\/media?parent=80493"}],"wp:term":[{"taxonomy":"category","embeddable":true,"href":"https:\/\/www.hoymercedes.com.ar\/principal\/wp-json\/wp\/v2\/categories?post=80493"},{"taxonomy":"post_tag","embeddable":true,"href":"https:\/\/www.hoymercedes.com.ar\/principal\/wp-json\/wp\/v2\/tags?post=80493"}],"curies":[{"name":"wp","href":"https:\/\/api.w.org\/{rel}","templated":true}]}}