{"id":80509,"date":"2018-08-31T19:53:45","date_gmt":"2018-08-31T22:53:45","guid":{"rendered":"http:\/\/www.hoymercedes.com.ar\/principal\/?p=80509"},"modified":"2018-08-31T19:53:45","modified_gmt":"2018-08-31T22:53:45","slug":"jurado-hizo-la-preseleccion-de-fotografias-para-el-salon-de-mercedes","status":"publish","type":"post","link":"https:\/\/www.hoymercedes.com.ar\/principal\/2018\/08\/31\/jurado-hizo-la-preseleccion-de-fotografias-para-el-salon-de-mercedes\/","title":{"rendered":"Jurado hizo la preselecci\u00f3n de fotograf\u00edas para el Sal\u00f3n de Mercedes"},"content":{"rendered":"<p>Este viernes 31 de agosto, el jurado del 10\u00b0 Sal\u00f3n Anual Nacional de Fotograf\u00eda \u00abCiudad de Mercedes\u00bb 2018 hizo la primera selecci\u00f3n de obras que pasan a la segunda instancia y presentar sus trabajos fotogr\u00e1ficos en papel. Abraham Votroba y Evelyn Smink seleccionaron 35 im\u00e1genes. Trascendieron los t\u00edtulos de las obras y los seud\u00f3nimos de sus autores.<\/p>\n<div class=\"text_exposed_show\">\n<p>A partir del lunes 3 y hasta el domingo 23 de septiembre, aquellos nominados, deber\u00e1n presentar las fotograf\u00edas (listas para colgar) para que el jurado regrese y decida los premios y menciones del certamen.<\/p>\n<p>A continuaci\u00f3n la n\u00f3mina de preseleccionados:<\/p>\n<p><img loading=\"lazy\" decoding=\"async\" data-attachment-id=\"80511\" data-permalink=\"https:\/\/www.hoymercedes.com.ar\/principal\/2018\/08\/31\/jurado-hizo-la-preseleccion-de-fotografias-para-el-salon-de-mercedes\/40545212_729010257433671_5913972853362917376_o\/#main\" data-orig-file=\"https:\/\/www.hoymercedes.com.ar\/principal\/wp-content\/uploads\/2018\/08\/40545212_729010257433671_5913972853362917376_o-e1535755924271.jpg\" data-orig-size=\"1009,1564\" data-comments-opened=\"0\" data-image-meta=\"{&quot;aperture&quot;:&quot;0&quot;,&quot;credit&quot;:&quot;Museo Arte&quot;,&quot;camera&quot;:&quot;&quot;,&quot;caption&quot;:&quot;&quot;,&quot;created_timestamp&quot;:&quot;0&quot;,&quot;copyright&quot;:&quot;&quot;,&quot;focal_length&quot;:&quot;0&quot;,&quot;iso&quot;:&quot;0&quot;,&quot;shutter_speed&quot;:&quot;0&quot;,&quot;title&quot;:&quot;&quot;,&quot;orientation&quot;:&quot;0&quot;}\" data-image-title=\"40545212_729010257433671_5913972853362917376_o\" data-image-description=\"\" data-image-caption=\"\" data-large-file=\"https:\/\/www.hoymercedes.com.ar\/principal\/wp-content\/uploads\/2018\/08\/40545212_729010257433671_5913972853362917376_o-661x1024.jpg\" class=\"aligncenter size-medium wp-image-80511\" src=\"https:\/\/www.hoymercedes.com.ar\/principal\/wp-content\/uploads\/2018\/08\/40545212_729010257433671_5913972853362917376_o-400x620.jpg\" alt=\"\" width=\"400\" height=\"620\" \/><\/p>\n<\/div>\n","protected":false},"excerpt":{"rendered":"<p>Este viernes 31 de agosto, el jurado del 10\u00b0 Sal\u00f3n Anual Nacional de Fotograf\u00eda \u00abCiudad de Mercedes\u00bb 2018 hizo la &#8230; <a title=\"Jurado hizo la preselecci\u00f3n de fotograf\u00edas para el Sal\u00f3n de Mercedes\" class=\"read-more\" href=\"https:\/\/www.hoymercedes.com.ar\/principal\/2018\/08\/31\/jurado-hizo-la-preseleccion-de-fotografias-para-el-salon-de-mercedes\/\" aria-label=\"Leer m\u00e1s sobre Jurado hizo la preselecci\u00f3n de fotograf\u00edas para el Sal\u00f3n de Mercedes\">Leer m\u00e1s<\/a><\/p>\n","protected":false},"author":1,"featured_media":80512,"comment_status":"closed","ping_status":"open","sticky":false,"template":"","format":"standard","meta":{"_monsterinsights_skip_tracking":false,"_monsterinsights_sitenote_active":false,"_monsterinsights_sitenote_note":"","_monsterinsights_sitenote_category":0,"jetpack_post_was_ever_published":false,"_jetpack_newsletter_access":"","_jetpack_dont_email_post_to_subs":false,"_jetpack_newsletter_tier_id":0,"_jetpack_memberships_contains_paywalled_content":false,"_jetpack_memberships_contains_paid_content":false,"footnotes":"","jetpack_publicize_message":"","jetpack_publicize_feature_enabled":true,"jetpack_social_post_already_shared":true,"jetpack_social_options":{"image_generator_settings":{"template":"highway","default_image_id":0,"font":"","enabled":false},"version":2},"_wpas_customize_per_network":false},"categories":[104],"tags":[7805,8674,13655,9632],"class_list":["post-80509","post","type-post","status-publish","format-standard","has-post-thumbnail","hentry","category-cultura","tag-cultura","tag-mamm","tag-preseleccion","tag-salon-de-fotografia","generate-columns","tablet-grid-50","mobile-grid-100","grid-parent","grid-50"],"jetpack_publicize_connections":[],"jetpack_featured_media_url":"https:\/\/www.hoymercedes.com.ar\/principal\/wp-content\/uploads\/2018\/08\/40467631_729009954100368_7439309791089917952_n-e1535755899706.jpg","wps_subtitle":"Desde el lunes deber\u00e1n presentar la obra impresa","jetpack_sharing_enabled":true,"_links":{"self":[{"href":"https:\/\/www.hoymercedes.com.ar\/principal\/wp-json\/wp\/v2\/posts\/80509","targetHints":{"allow":["GET"]}}],"collection":[{"href":"https:\/\/www.hoymercedes.com.ar\/principal\/wp-json\/wp\/v2\/posts"}],"about":[{"href":"https:\/\/www.hoymercedes.com.ar\/principal\/wp-json\/wp\/v2\/types\/post"}],"author":[{"embeddable":true,"href":"https:\/\/www.hoymercedes.com.ar\/principal\/wp-json\/wp\/v2\/users\/1"}],"replies":[{"embeddable":true,"href":"https:\/\/www.hoymercedes.com.ar\/principal\/wp-json\/wp\/v2\/comments?post=80509"}],"version-history":[{"count":0,"href":"https:\/\/www.hoymercedes.com.ar\/principal\/wp-json\/wp\/v2\/posts\/80509\/revisions"}],"wp:featuredmedia":[{"embeddable":true,"href":"https:\/\/www.hoymercedes.com.ar\/principal\/wp-json\/wp\/v2\/media\/80512"}],"wp:attachment":[{"href":"https:\/\/www.hoymercedes.com.ar\/principal\/wp-json\/wp\/v2\/media?parent=80509"}],"wp:term":[{"taxonomy":"category","embeddable":true,"href":"https:\/\/www.hoymercedes.com.ar\/principal\/wp-json\/wp\/v2\/categories?post=80509"},{"taxonomy":"post_tag","embeddable":true,"href":"https:\/\/www.hoymercedes.com.ar\/principal\/wp-json\/wp\/v2\/tags?post=80509"}],"curies":[{"name":"wp","href":"https:\/\/api.w.org\/{rel}","templated":true}]}}