{"id":80550,"date":"2018-09-02T11:23:51","date_gmt":"2018-09-02T14:23:51","guid":{"rendered":"http:\/\/www.hoymercedes.com.ar\/principal\/?p=80550"},"modified":"2018-09-01T20:27:54","modified_gmt":"2018-09-01T23:27:54","slug":"realizaron-campana-de-vacunacion-y-cuidados-puerta-a-puerta","status":"publish","type":"post","link":"https:\/\/www.hoymercedes.com.ar\/principal\/2018\/09\/02\/realizaron-campana-de-vacunacion-y-cuidados-puerta-a-puerta\/","title":{"rendered":"Realizaron campa\u00f1a de vacunaci\u00f3n y cuidados \u00abpuerta a puerta\u00bb"},"content":{"rendered":"<figure id=\"attachment_80551\" aria-describedby=\"caption-attachment-80551\" style=\"width: 620px\" class=\"wp-caption aligncenter\"><img loading=\"lazy\" decoding=\"async\" data-attachment-id=\"80551\" data-permalink=\"https:\/\/www.hoymercedes.com.ar\/principal\/2018\/09\/02\/realizaron-campana-de-vacunacion-y-cuidados-puerta-a-puerta\/1-11\/#main\" data-orig-file=\"https:\/\/www.hoymercedes.com.ar\/principal\/wp-content\/uploads\/2018\/09\/1-1.jpeg\" data-orig-size=\"1032,581\" data-comments-opened=\"0\" data-image-meta=\"{&quot;aperture&quot;:&quot;0&quot;,&quot;credit&quot;:&quot;&quot;,&quot;camera&quot;:&quot;&quot;,&quot;caption&quot;:&quot;&quot;,&quot;created_timestamp&quot;:&quot;0&quot;,&quot;copyright&quot;:&quot;&quot;,&quot;focal_length&quot;:&quot;0&quot;,&quot;iso&quot;:&quot;0&quot;,&quot;shutter_speed&quot;:&quot;0&quot;,&quot;title&quot;:&quot;&quot;,&quot;orientation&quot;:&quot;0&quot;}\" data-image-title=\"1\" data-image-description=\"\" data-image-caption=\"&lt;p&gt;Salud&lt;\/p&gt;\n\" data-large-file=\"https:\/\/www.hoymercedes.com.ar\/principal\/wp-content\/uploads\/2018\/09\/1-1-1024x576.jpeg\" class=\"size-medium wp-image-80551\" src=\"https:\/\/www.hoymercedes.com.ar\/principal\/wp-content\/uploads\/2018\/09\/1-1-630x355.jpeg\" alt=\"\" width=\"630\" height=\"355\" srcset=\"https:\/\/www.hoymercedes.com.ar\/principal\/wp-content\/uploads\/2018\/09\/1-1-630x355.jpeg 630w, https:\/\/www.hoymercedes.com.ar\/principal\/wp-content\/uploads\/2018\/09\/1-1-150x84.jpeg 150w, https:\/\/www.hoymercedes.com.ar\/principal\/wp-content\/uploads\/2018\/09\/1-1-1024x576.jpeg 1024w, https:\/\/www.hoymercedes.com.ar\/principal\/wp-content\/uploads\/2018\/09\/1-1.jpeg 1032w\" sizes=\"auto, (max-width: 630px) 100vw, 630px\" \/><figcaption id=\"caption-attachment-80551\" class=\"wp-caption-text\">Salud<\/figcaption><\/figure>\n<p style=\"font-weight: 400;\">En una nueva acci\u00f3n de cuidado a la salud de los vecinos, se llev\u00f3 a cabo una intensiva ma\u00f1ana de vacunaci\u00f3n a los vecinos. Junto al Club de Leones, la Secretar\u00eda de Salud act\u00fao en beneficio de los mercedinos con base en Plaza San Lu\u00eds, tal como se ha hecho en otras ocasiones tomando una plaza o espacio p\u00fablico y desde all\u00ed se trabaja en su zona de influencia. Tambi\u00e9n se realizaron campa\u00f1as y controles como ser diabetes, presi\u00f3n, etc.\u00a0\u00a0Tambi\u00e9n hubo juegos e inflables para los m\u00e1s peque\u00f1os.<\/p>\n<p style=\"font-weight: 400;\">En cuanto a las vacunas Pablo Cassiani narr\u00f3 que \u201cse trabaj\u00f3 con todo el calendario de vacunaci\u00f3n, haciendo hincapi\u00e9 en sarampi\u00f3n, enfermedad que ha tenido una reapaci\u00f3n en Capital Federal y, preventivamente, como debe ser, estuvimos colocando en la ciudad\u201d.<\/p>\n<p style=\"font-weight: 400;\">Al respecto, el Jefe Comunal, Juan Ignacio Ustarroz, coment\u00f3 que \u201cdebemos nuevamente felicitar a los trabajadores, las enfermeras, el equipo que trabaja todos los d\u00edas, y tambi\u00e9n hoy s\u00e1bado, para poder seguir actuando en algo tan valioso como es el cuidado de la salud de sus vecinos\u201d, y luego manifest\u00f3 que \u201cadem\u00e1s se da nuevamente algo muy valioso, nuevamente el trabajo entre instituciones, en este caso, municipio y Club de Leones\u201d<\/p>\n<figure id=\"attachment_80552\" aria-describedby=\"caption-attachment-80552\" style=\"width: 620px\" class=\"wp-caption aligncenter\"><img loading=\"lazy\" decoding=\"async\" data-attachment-id=\"80552\" data-permalink=\"https:\/\/www.hoymercedes.com.ar\/principal\/2018\/09\/02\/realizaron-campana-de-vacunacion-y-cuidados-puerta-a-puerta\/3-7\/#main\" data-orig-file=\"https:\/\/www.hoymercedes.com.ar\/principal\/wp-content\/uploads\/2018\/09\/3.jpeg\" data-orig-size=\"1032,581\" data-comments-opened=\"0\" data-image-meta=\"{&quot;aperture&quot;:&quot;0&quot;,&quot;credit&quot;:&quot;&quot;,&quot;camera&quot;:&quot;&quot;,&quot;caption&quot;:&quot;&quot;,&quot;created_timestamp&quot;:&quot;0&quot;,&quot;copyright&quot;:&quot;&quot;,&quot;focal_length&quot;:&quot;0&quot;,&quot;iso&quot;:&quot;0&quot;,&quot;shutter_speed&quot;:&quot;0&quot;,&quot;title&quot;:&quot;&quot;,&quot;orientation&quot;:&quot;0&quot;}\" data-image-title=\"3\" data-image-description=\"\" data-image-caption=\"&lt;p&gt;Desde plaza San Lu\u00eds a la zona de influencia&lt;\/p&gt;\n\" data-large-file=\"https:\/\/www.hoymercedes.com.ar\/principal\/wp-content\/uploads\/2018\/09\/3-1024x576.jpeg\" class=\"size-medium wp-image-80552\" src=\"https:\/\/www.hoymercedes.com.ar\/principal\/wp-content\/uploads\/2018\/09\/3-630x355.jpeg\" alt=\"\" width=\"630\" height=\"355\" srcset=\"https:\/\/www.hoymercedes.com.ar\/principal\/wp-content\/uploads\/2018\/09\/3-630x355.jpeg 630w, https:\/\/www.hoymercedes.com.ar\/principal\/wp-content\/uploads\/2018\/09\/3-150x84.jpeg 150w, https:\/\/www.hoymercedes.com.ar\/principal\/wp-content\/uploads\/2018\/09\/3-1024x576.jpeg 1024w, https:\/\/www.hoymercedes.com.ar\/principal\/wp-content\/uploads\/2018\/09\/3.jpeg 1032w\" sizes=\"auto, (max-width: 630px) 100vw, 630px\" \/><figcaption id=\"caption-attachment-80552\" class=\"wp-caption-text\">Desde plaza San Lu\u00eds a la zona de influencia<\/figcaption><\/figure>\n<p style=\"font-weight: 400;\">El jefe de Gabinete, Mat\u00edas Dematei, tambi\u00e9n fue parte de la actividad y coment\u00f3 que \u201ces un orgullo ver la pasi\u00f3n y dedicaci\u00f3n de las enfermeras, los profesionales, de todo el equipo que mont\u00f3 un operativo impecable\u201d.<\/p>\n<p style=\"font-weight: 400;\">La actividad hab\u00eda tenido fuerte promoci\u00f3n en las redes sociales y con folleter\u00eda en la zona, como suele hacerse cada vez que se visita un barrio o zona de la ciudad.<\/p>\n<p style=\"font-weight: 400;\">\u201cQueda nuevamente de manifiesto lo valioso que es trabajar en equipo. Hoy nuevamente se ve con el Club de Leones, con quienes cada d\u00eda avanzamos m\u00e1s y mejor en proyectos sociales y humanos que nos enorgullecen a todos. Muchas gracias\u201d, expres\u00f3 Cassiani.<\/p>\n<p style=\"font-weight: 400;\">La propuesta gener\u00f3 el inter\u00e9s de los vecinos que se acercaron al lugar, pero, tambi\u00e9n, que recibieron de muy buena manera a los profesionales que puerta a puerta dieron informaci\u00f3n sanitaria y atenciones m\u00e9dicas a los vecinos, dando prevenci\u00f3n y cuidados.<\/p>\n","protected":false},"excerpt":{"rendered":"<p>En una nueva acci\u00f3n de cuidado a la salud de los vecinos, se llev\u00f3 a cabo una intensiva ma\u00f1ana de &#8230; <a title=\"Realizaron campa\u00f1a de vacunaci\u00f3n y cuidados \u00abpuerta a puerta\u00bb\" class=\"read-more\" href=\"https:\/\/www.hoymercedes.com.ar\/principal\/2018\/09\/02\/realizaron-campana-de-vacunacion-y-cuidados-puerta-a-puerta\/\" aria-label=\"Leer m\u00e1s sobre Realizaron campa\u00f1a de vacunaci\u00f3n y cuidados \u00abpuerta a puerta\u00bb\">Leer m\u00e1s<\/a><\/p>\n","protected":false},"author":1,"featured_media":80551,"comment_status":"closed","ping_status":"open","sticky":false,"template":"","format":"standard","meta":{"_monsterinsights_skip_tracking":false,"_monsterinsights_sitenote_active":false,"_monsterinsights_sitenote_note":"","_monsterinsights_sitenote_category":0,"jetpack_post_was_ever_published":false,"_jetpack_newsletter_access":"","_jetpack_dont_email_post_to_subs":false,"_jetpack_newsletter_tier_id":0,"_jetpack_memberships_contains_paywalled_content":false,"_jetpack_memberships_contains_paid_content":false,"footnotes":"","jetpack_publicize_message":"","jetpack_publicize_feature_enabled":true,"jetpack_social_post_already_shared":true,"jetpack_social_options":{"image_generator_settings":{"template":"highway","default_image_id":0,"font":"","enabled":false},"version":2},"_wpas_customize_per_network":false},"categories":[30],"tags":[8637,6031,134,424],"class_list":["post-80550","post","type-post","status-publish","format-standard","has-post-thumbnail","hentry","category-municipio","tag-cassiani","tag-club-de-leones-mercedes","tag-salud","tag-ustarroz","generate-columns","tablet-grid-50","mobile-grid-100","grid-parent","grid-50"],"jetpack_publicize_connections":[],"jetpack_featured_media_url":"https:\/\/www.hoymercedes.com.ar\/principal\/wp-content\/uploads\/2018\/09\/1-1.jpeg","wps_subtitle":"Salud de los mercedinos","jetpack_sharing_enabled":true,"_links":{"self":[{"href":"https:\/\/www.hoymercedes.com.ar\/principal\/wp-json\/wp\/v2\/posts\/80550","targetHints":{"allow":["GET"]}}],"collection":[{"href":"https:\/\/www.hoymercedes.com.ar\/principal\/wp-json\/wp\/v2\/posts"}],"about":[{"href":"https:\/\/www.hoymercedes.com.ar\/principal\/wp-json\/wp\/v2\/types\/post"}],"author":[{"embeddable":true,"href":"https:\/\/www.hoymercedes.com.ar\/principal\/wp-json\/wp\/v2\/users\/1"}],"replies":[{"embeddable":true,"href":"https:\/\/www.hoymercedes.com.ar\/principal\/wp-json\/wp\/v2\/comments?post=80550"}],"version-history":[{"count":0,"href":"https:\/\/www.hoymercedes.com.ar\/principal\/wp-json\/wp\/v2\/posts\/80550\/revisions"}],"wp:featuredmedia":[{"embeddable":true,"href":"https:\/\/www.hoymercedes.com.ar\/principal\/wp-json\/wp\/v2\/media\/80551"}],"wp:attachment":[{"href":"https:\/\/www.hoymercedes.com.ar\/principal\/wp-json\/wp\/v2\/media?parent=80550"}],"wp:term":[{"taxonomy":"category","embeddable":true,"href":"https:\/\/www.hoymercedes.com.ar\/principal\/wp-json\/wp\/v2\/categories?post=80550"},{"taxonomy":"post_tag","embeddable":true,"href":"https:\/\/www.hoymercedes.com.ar\/principal\/wp-json\/wp\/v2\/tags?post=80550"}],"curies":[{"name":"wp","href":"https:\/\/api.w.org\/{rel}","templated":true}]}}