{"id":80561,"date":"2018-09-02T19:45:27","date_gmt":"2018-09-02T22:45:27","guid":{"rendered":"http:\/\/www.hoymercedes.com.ar\/principal\/?p=80561"},"modified":"2018-09-02T19:45:27","modified_gmt":"2018-09-02T22:45:27","slug":"la-produccion-mercedina-en-la-expo-generar-de-pehuajo","status":"publish","type":"post","link":"https:\/\/www.hoymercedes.com.ar\/principal\/2018\/09\/02\/la-produccion-mercedina-en-la-expo-generar-de-pehuajo\/","title":{"rendered":"La producci\u00f3n mercedina en la Expo Generar de Pehuaj\u00f3"},"content":{"rendered":"<p><em><strong>El Gerente de la C\u00e1mara Econ\u00f3mica Mercedina, Ariel Pietrucha, represent\u00f3 a los mercedinos y su producci\u00f3n en la \u00faltima edici\u00f3n de la exposici\u00f3n industrial y comercial de Pehuaj\u00f3 desarrollada durante el fin de semana.<\/strong><\/em><\/p>\n<p><img loading=\"lazy\" decoding=\"async\" data-attachment-id=\"80562\" data-permalink=\"https:\/\/www.hoymercedes.com.ar\/principal\/2018\/09\/02\/la-produccion-mercedina-en-la-expo-generar-de-pehuajo\/2018-cem-pehuajo-6\/#main\" data-orig-file=\"https:\/\/www.hoymercedes.com.ar\/principal\/wp-content\/uploads\/2018\/09\/2018-CEM-Pehuajo-6.jpg\" data-orig-size=\"1032,774\" data-comments-opened=\"0\" data-image-meta=\"{&quot;aperture&quot;:&quot;0&quot;,&quot;credit&quot;:&quot;&quot;,&quot;camera&quot;:&quot;&quot;,&quot;caption&quot;:&quot;&quot;,&quot;created_timestamp&quot;:&quot;0&quot;,&quot;copyright&quot;:&quot;&quot;,&quot;focal_length&quot;:&quot;0&quot;,&quot;iso&quot;:&quot;0&quot;,&quot;shutter_speed&quot;:&quot;0&quot;,&quot;title&quot;:&quot;&quot;,&quot;orientation&quot;:&quot;0&quot;}\" data-image-title=\"2018 CEM Pehuajo 6\" data-image-description=\"\" data-image-caption=\"\" data-large-file=\"https:\/\/www.hoymercedes.com.ar\/principal\/wp-content\/uploads\/2018\/09\/2018-CEM-Pehuajo-6-1024x768.jpg\" class=\"aligncenter size-medium wp-image-80562\" src=\"https:\/\/www.hoymercedes.com.ar\/principal\/wp-content\/uploads\/2018\/09\/2018-CEM-Pehuajo-6-630x473.jpg\" alt=\"\" width=\"630\" height=\"473\" srcset=\"https:\/\/www.hoymercedes.com.ar\/principal\/wp-content\/uploads\/2018\/09\/2018-CEM-Pehuajo-6-630x473.jpg 630w, https:\/\/www.hoymercedes.com.ar\/principal\/wp-content\/uploads\/2018\/09\/2018-CEM-Pehuajo-6-150x113.jpg 150w, https:\/\/www.hoymercedes.com.ar\/principal\/wp-content\/uploads\/2018\/09\/2018-CEM-Pehuajo-6-1024x768.jpg 1024w, https:\/\/www.hoymercedes.com.ar\/principal\/wp-content\/uploads\/2018\/09\/2018-CEM-Pehuajo-6.jpg 1032w\" sizes=\"auto, (max-width: 630px) 100vw, 630px\" \/><\/p>\n<p>Los d\u00edas 1\u00b0 y 2 de septiembre la localidad de Pehuaj\u00f3 fue sede de una nueva exposici\u00f3n que re\u00fane la industria y el comercio de la regi\u00f3n. All\u00ed se hizo presente la C\u00e1mara Econ\u00f3mica Mercedina en la figura de su gerente, Ariel Pietrucha, representando tambi\u00e9n a Mercedes como integrante del corredor comercial de Ruta Nacional N\u00b0 5.<\/p>\n<p>\u201cLas c\u00e1maras comerciales, industriales y empresariales del corredor de la Ruta 5 apoyamos esta Expo Generar de Pehuaj\u00f3, la primera que realizan. Es por eso que participamos activamente los dos d\u00edas. En la ma\u00f1ana del s\u00e1bado, con los integrantes del Corredor de la Ruta 5 mantuvimos una reuni\u00f3n en donde se continuamos trabajando con los proyectos y problem\u00e1ticas de la regi\u00f3n en materia productiva\u201d, cont\u00f3 Ariel Pietrucha.<\/p>\n<p>\u201cAprovechamos nuestra presencia para difundir, junto a la Direcci\u00f3n de Producci\u00f3n de la Municipalidad de Mercedes en la cabeza de Marcelo Den\u00e1pole, la nueva edici\u00f3n de la Fiesta del Salame Quintero. Es as\u00ed que llevamos unos salames quinteros dados por el productor Juan Carlos Berro, que fueron disfrutado por los presentes\u201d, agreg\u00f3 el gerente de la CEM.<\/p>\n<p><img loading=\"lazy\" decoding=\"async\" data-attachment-id=\"80564\" data-permalink=\"https:\/\/www.hoymercedes.com.ar\/principal\/2018\/09\/02\/la-produccion-mercedina-en-la-expo-generar-de-pehuajo\/2018-cem-pehuajo-3\/#main\" data-orig-file=\"https:\/\/www.hoymercedes.com.ar\/principal\/wp-content\/uploads\/2018\/09\/2018-CEM-Pehuajo-3.jpg\" data-orig-size=\"1032,774\" data-comments-opened=\"0\" data-image-meta=\"{&quot;aperture&quot;:&quot;0&quot;,&quot;credit&quot;:&quot;&quot;,&quot;camera&quot;:&quot;&quot;,&quot;caption&quot;:&quot;&quot;,&quot;created_timestamp&quot;:&quot;0&quot;,&quot;copyright&quot;:&quot;&quot;,&quot;focal_length&quot;:&quot;0&quot;,&quot;iso&quot;:&quot;0&quot;,&quot;shutter_speed&quot;:&quot;0&quot;,&quot;title&quot;:&quot;&quot;,&quot;orientation&quot;:&quot;0&quot;}\" data-image-title=\"2018 CEM Pehuajo 3\" data-image-description=\"\" data-image-caption=\"\" data-large-file=\"https:\/\/www.hoymercedes.com.ar\/principal\/wp-content\/uploads\/2018\/09\/2018-CEM-Pehuajo-3-1024x768.jpg\" class=\"aligncenter size-medium wp-image-80564\" src=\"https:\/\/www.hoymercedes.com.ar\/principal\/wp-content\/uploads\/2018\/09\/2018-CEM-Pehuajo-3-630x473.jpg\" alt=\"\" width=\"630\" height=\"473\" srcset=\"https:\/\/www.hoymercedes.com.ar\/principal\/wp-content\/uploads\/2018\/09\/2018-CEM-Pehuajo-3-630x473.jpg 630w, https:\/\/www.hoymercedes.com.ar\/principal\/wp-content\/uploads\/2018\/09\/2018-CEM-Pehuajo-3-150x113.jpg 150w, https:\/\/www.hoymercedes.com.ar\/principal\/wp-content\/uploads\/2018\/09\/2018-CEM-Pehuajo-3-1024x768.jpg 1024w, https:\/\/www.hoymercedes.com.ar\/principal\/wp-content\/uploads\/2018\/09\/2018-CEM-Pehuajo-3.jpg 1032w\" sizes=\"auto, (max-width: 630px) 100vw, 630px\" \/><\/p>\n<p>A modo de anticipo, y como resultado del encuentro entre los municipios y c\u00e1maras que conforman el Corredor de la Ruta N\u00b0 5, se acord\u00f3 que el venidero 8 de noviembre habr\u00e1 un nuevo encuentro. En dicha oportunidad, la sede ser\u00e1 la CEM y la tem\u00e1tica se centrar\u00e1 en los pules de compras. Luego habr\u00e1 un nuevo encuentro en la ciudad de Santa Rosa para potenciar el \u00e1rea de log\u00edstica del corredor de la ruta 5.<\/p>\n<p>La Expo Generar de Pehuaj\u00f3, fue el primer encuentro anual del comercio y la industria que organiz\u00f3 la C\u00e1mara de Comercio, el Parque Industrial y la Municipalidad de Pehuaj\u00f3 que cont\u00f3 con la presencia de todas las c\u00e1maras de comercio e industria desde Mercedes hasta Santa Rosa (incluido el gobierno de La Pampa). El domingo, D\u00eda de la Industria, los organizadores aprovecharon la oportunidad para festejar el d\u00eda junto a los industriales de la regi\u00f3n.<\/p>\n<p><img loading=\"lazy\" decoding=\"async\" data-attachment-id=\"80563\" data-permalink=\"https:\/\/www.hoymercedes.com.ar\/principal\/2018\/09\/02\/la-produccion-mercedina-en-la-expo-generar-de-pehuajo\/2018-cem-pehuajo-5\/#main\" data-orig-file=\"https:\/\/www.hoymercedes.com.ar\/principal\/wp-content\/uploads\/2018\/09\/2018-CEM-Pehuajo-5.jpg\" data-orig-size=\"957,638\" data-comments-opened=\"0\" data-image-meta=\"{&quot;aperture&quot;:&quot;0&quot;,&quot;credit&quot;:&quot;&quot;,&quot;camera&quot;:&quot;&quot;,&quot;caption&quot;:&quot;&quot;,&quot;created_timestamp&quot;:&quot;0&quot;,&quot;copyright&quot;:&quot;&quot;,&quot;focal_length&quot;:&quot;0&quot;,&quot;iso&quot;:&quot;0&quot;,&quot;shutter_speed&quot;:&quot;0&quot;,&quot;title&quot;:&quot;&quot;,&quot;orientation&quot;:&quot;0&quot;}\" data-image-title=\"2018 CEM Pehuajo 5\" data-image-description=\"\" data-image-caption=\"\" data-large-file=\"https:\/\/www.hoymercedes.com.ar\/principal\/wp-content\/uploads\/2018\/09\/2018-CEM-Pehuajo-5.jpg\" class=\"aligncenter size-medium wp-image-80563\" src=\"https:\/\/www.hoymercedes.com.ar\/principal\/wp-content\/uploads\/2018\/09\/2018-CEM-Pehuajo-5-630x420.jpg\" alt=\"\" width=\"630\" height=\"420\" srcset=\"https:\/\/www.hoymercedes.com.ar\/principal\/wp-content\/uploads\/2018\/09\/2018-CEM-Pehuajo-5-630x420.jpg 630w, https:\/\/www.hoymercedes.com.ar\/principal\/wp-content\/uploads\/2018\/09\/2018-CEM-Pehuajo-5-150x100.jpg 150w, https:\/\/www.hoymercedes.com.ar\/principal\/wp-content\/uploads\/2018\/09\/2018-CEM-Pehuajo-5.jpg 957w\" sizes=\"auto, (max-width: 630px) 100vw, 630px\" \/><\/p>\n","protected":false},"excerpt":{"rendered":"<p>El Gerente de la C\u00e1mara Econ\u00f3mica Mercedina, Ariel Pietrucha, represent\u00f3 a los mercedinos y su producci\u00f3n en la \u00faltima edici\u00f3n &#8230; <a title=\"La producci\u00f3n mercedina en la Expo Generar de Pehuaj\u00f3\" class=\"read-more\" href=\"https:\/\/www.hoymercedes.com.ar\/principal\/2018\/09\/02\/la-produccion-mercedina-en-la-expo-generar-de-pehuajo\/\" aria-label=\"Leer m\u00e1s sobre La producci\u00f3n mercedina en la Expo Generar de Pehuaj\u00f3\">Leer m\u00e1s<\/a><\/p>\n","protected":false},"author":1,"featured_media":80563,"comment_status":"closed","ping_status":"open","sticky":false,"template":"","format":"standard","meta":{"_monsterinsights_skip_tracking":false,"_monsterinsights_sitenote_active":false,"_monsterinsights_sitenote_note":"","_monsterinsights_sitenote_category":0,"jetpack_post_was_ever_published":false,"_jetpack_newsletter_access":"","_jetpack_dont_email_post_to_subs":false,"_jetpack_newsletter_tier_id":0,"_jetpack_memberships_contains_paywalled_content":false,"_jetpack_memberships_contains_paid_content":false,"footnotes":"","jetpack_publicize_message":"","jetpack_publicize_feature_enabled":true,"jetpack_social_post_already_shared":true,"jetpack_social_options":{"image_generator_settings":{"template":"highway","default_image_id":0,"font":"","enabled":false},"version":2},"_wpas_customize_per_network":false},"categories":[8],"tags":[1271,10,13667],"class_list":["post-80561","post","type-post","status-publish","format-standard","has-post-thumbnail","hentry","category-sociedad","tag-camara-economica","tag-mercedes","tag-pehuajo","generate-columns","tablet-grid-50","mobile-grid-100","grid-parent","grid-50"],"jetpack_publicize_connections":[],"jetpack_featured_media_url":"https:\/\/www.hoymercedes.com.ar\/principal\/wp-content\/uploads\/2018\/09\/2018-CEM-Pehuajo-5.jpg","wps_subtitle":"De la mano de la CEM","jetpack_sharing_enabled":true,"_links":{"self":[{"href":"https:\/\/www.hoymercedes.com.ar\/principal\/wp-json\/wp\/v2\/posts\/80561","targetHints":{"allow":["GET"]}}],"collection":[{"href":"https:\/\/www.hoymercedes.com.ar\/principal\/wp-json\/wp\/v2\/posts"}],"about":[{"href":"https:\/\/www.hoymercedes.com.ar\/principal\/wp-json\/wp\/v2\/types\/post"}],"author":[{"embeddable":true,"href":"https:\/\/www.hoymercedes.com.ar\/principal\/wp-json\/wp\/v2\/users\/1"}],"replies":[{"embeddable":true,"href":"https:\/\/www.hoymercedes.com.ar\/principal\/wp-json\/wp\/v2\/comments?post=80561"}],"version-history":[{"count":0,"href":"https:\/\/www.hoymercedes.com.ar\/principal\/wp-json\/wp\/v2\/posts\/80561\/revisions"}],"wp:featuredmedia":[{"embeddable":true,"href":"https:\/\/www.hoymercedes.com.ar\/principal\/wp-json\/wp\/v2\/media\/80563"}],"wp:attachment":[{"href":"https:\/\/www.hoymercedes.com.ar\/principal\/wp-json\/wp\/v2\/media?parent=80561"}],"wp:term":[{"taxonomy":"category","embeddable":true,"href":"https:\/\/www.hoymercedes.com.ar\/principal\/wp-json\/wp\/v2\/categories?post=80561"},{"taxonomy":"post_tag","embeddable":true,"href":"https:\/\/www.hoymercedes.com.ar\/principal\/wp-json\/wp\/v2\/tags?post=80561"}],"curies":[{"name":"wp","href":"https:\/\/api.w.org\/{rel}","templated":true}]}}