{"id":80567,"date":"2018-09-03T09:59:23","date_gmt":"2018-09-03T12:59:23","guid":{"rendered":"http:\/\/www.hoymercedes.com.ar\/principal\/?p=80567"},"modified":"2018-09-03T16:00:23","modified_gmt":"2018-09-03T19:00:23","slug":"la-educacion-ambiental-es-importante","status":"publish","type":"post","link":"https:\/\/www.hoymercedes.com.ar\/principal\/2018\/09\/03\/la-educacion-ambiental-es-importante\/","title":{"rendered":"La educaci\u00f3n ambiental es importante"},"content":{"rendered":"<p>Por Cristi\u00e1n Frers* &#8211; \u201cConservaremos s\u00f3lo aquello que amemos, amaremos s\u00f3lo aquello que entendamos<br \/>\ny entenderemos s\u00f3lo lo que se nos ense\u00f1en\u201d.<\/p>\n<p><!--more--><\/p>\n<p><img loading=\"lazy\" decoding=\"async\" data-attachment-id=\"80568\" data-permalink=\"https:\/\/www.hoymercedes.com.ar\/principal\/2018\/09\/03\/la-educacion-ambiental-es-importante\/03-medio-ambiente\/#main\" data-orig-file=\"https:\/\/www.hoymercedes.com.ar\/principal\/wp-content\/uploads\/2018\/09\/03-medio-ambiente.jpg\" data-orig-size=\"760,428\" data-comments-opened=\"0\" data-image-meta=\"{&quot;aperture&quot;:&quot;0&quot;,&quot;credit&quot;:&quot;&quot;,&quot;camera&quot;:&quot;&quot;,&quot;caption&quot;:&quot;&quot;,&quot;created_timestamp&quot;:&quot;0&quot;,&quot;copyright&quot;:&quot;&quot;,&quot;focal_length&quot;:&quot;0&quot;,&quot;iso&quot;:&quot;0&quot;,&quot;shutter_speed&quot;:&quot;0&quot;,&quot;title&quot;:&quot;&quot;,&quot;orientation&quot;:&quot;0&quot;}\" data-image-title=\"03 medio ambiente\" data-image-description=\"\" data-image-caption=\"\" data-large-file=\"https:\/\/www.hoymercedes.com.ar\/principal\/wp-content\/uploads\/2018\/09\/03-medio-ambiente.jpg\" class=\"aligncenter size-medium wp-image-80568\" src=\"https:\/\/www.hoymercedes.com.ar\/principal\/wp-content\/uploads\/2018\/09\/03-medio-ambiente-630x355.jpg\" alt=\"\" width=\"630\" height=\"355\" srcset=\"https:\/\/www.hoymercedes.com.ar\/principal\/wp-content\/uploads\/2018\/09\/03-medio-ambiente-630x355.jpg 630w, https:\/\/www.hoymercedes.com.ar\/principal\/wp-content\/uploads\/2018\/09\/03-medio-ambiente-150x84.jpg 150w, https:\/\/www.hoymercedes.com.ar\/principal\/wp-content\/uploads\/2018\/09\/03-medio-ambiente.jpg 760w\" sizes=\"auto, (max-width: 630px) 100vw, 630px\" \/><\/p>\n<p>Desde siempre la especie humana ha interaccionado con el medio y lo ha modificado, los problemas ambientales no son nuevos. Sin embargo, lo que hace especialmente preocupante la situaci\u00f3n actual es la aceleraci\u00f3n de esas modificaciones, su car\u00e1cter masivo y la universalidad de sus consecuencias.<\/p>\n<p>Los problemas ambientales ya no aparecen como independientes unos de otros sino que constituyen elementos que se relacionan entre s\u00ed configurando una realidad diferente a la simple acumulaci\u00f3n de todos ellos. Por ello, hoy en d\u00eda podemos hablar de algo m\u00e1s que de simples problemas ambientales, nos enfrentamos a una aut\u00e9ntica crisis ambiental y la gravedad de la crisis se manifiesta en su car\u00e1cter global.<\/p>\n<p>Sin embargo, no podemos limitarnos a percibir esta crisis como conflicto en el que determinados planteamientos sobre el mundo y sobre la vida resultan inadecuados. Si somos conscientes de que s\u00f3lo en un ambiente de crisis se consideran y se desarrollan soluciones innovadoras, parece claro que tenemos ante nosotros el desaf\u00edo de encontrar en la crisis una ocasi\u00f3n para reinventar de forma creativa nuestra manera de entender y relacionarnos con el mundo.<\/p>\n<p>La educaci\u00f3n ambiental aumenta la concienciaci\u00f3n y el conocimiento de los ciudadanos sobre tem\u00e1ticas o problemas ambientales. Al hacerlo, le brinda al p\u00fablico las herramientas necesarias para tomar decisiones informadas y medidas responsables.<\/p>\n<p>Hoy m\u00e1s que nunca, es urgente un cambio de comportamiento social, econ\u00f3mico, pol\u00edtico y cultural para construir una relaci\u00f3n de equilibrio entre el hombre y la naturaleza, que permita la conservaci\u00f3n de todos los recursos naturales y poder lograr un desarrollo sostenible que satisfaga las necesidades de las generaciones presentes, sin comprometer las generaciones futuras.<\/p>\n<p>En este sentido, es indispensable la educaci\u00f3n ambiental porque busca generar conocimientos en toda la poblaci\u00f3n sobre los elementos del ambiente y que el causante de esta crisis el ser humano, tome conciencia del impacto que ha generado en su relaci\u00f3n con su entorno natural, donde la educaci\u00f3n es la \u00fanica que puede lograr ese cambio de conducta por medio de conocimientos, actitudes y valores ecol\u00f3gicos para una participaci\u00f3n de la humanidad bien informada para mejorar las condiciones y situaciones ambientales.<\/p>\n<p>La educaci\u00f3n ambiental en Argentina est\u00e1 llamada a reinventarse. La metamorfosis se ha iniciado con un cambio conceptual: la nueva Educaci\u00f3n Ambiental, a asumido bajo la noci\u00f3n de ambiente la dimensi\u00f3n de lo biol\u00f3gico-natural, de lo econ\u00f3mico y de lo social. Este cambio le permite conciliar la b\u00fasqueda de progreso y la de equidad. Se trata de un equilibrio en tensi\u00f3n en el que conviven fuerzas contrapuestas que no se excluyen entre s\u00ed.<\/p>\n<p>La educaci\u00f3n ambiental del siglo XXI ha de ser interdisciplinaria en la medida en que la nueva noci\u00f3n de ambiente le obliga a considerar perspectivas ecol\u00f3gicas, econ\u00f3micas, sociol\u00f3gicas, demogr\u00e1ficas, energ\u00e9ticas, pol\u00edticas, entre otras. Cuando se trata de las problem\u00e1ticas ambientales, cada una de estas perspectivas adquiere una relevancia tal que el olvido de una de ellas implica la incapacidad de dar cuenta verdaderamente del problema en cuesti\u00f3n. La simplificaci\u00f3n implica incomprensi\u00f3n.<\/p>\n<p>Esta educaci\u00f3n habr\u00e1 de dedicarse a la formaci\u00f3n del esp\u00edritu cr\u00edtico, la capacidad para liderar y resolver conflictos, el respeto y preservaci\u00f3n de los valores de la diversidad cultural y biol\u00f3gica o la solidaridad intergeneracional, competencias tan necesarias para la formaci\u00f3n ambiental como para otras dimensiones de la educaci\u00f3n. Pero su tarea no se limita a ello. Se le exige al educador ambiental identificar con criterio t\u00e9cnico y pedag\u00f3gico a qu\u00e9 problemas espec\u00edficos debe dar respuesta su programa de formaci\u00f3n. Debe ser capaz de elegir tem\u00e1ticas significativas considerando su impacto concreto; proponer acciones eficaces y medir sus resultados. Esto exige combinar la mirada atenta a lo local y regional, sin descuidar la perspectiva global.<\/p>\n<p>La aplicaci\u00f3n de la educaci\u00f3n ambiental no consiste, entonces, en una mera aplicaci\u00f3n de ajustes y complementos a los programas tradicionales de la educaci\u00f3n, se trata, m\u00e1s bien, de convocar a nuevos enfoques, nuevos contenidos y nuevos m\u00e9todos, haciendo m\u00e1s flexibles las tradicionales estructuras de los sistemas educativos.<\/p>\n<p>&nbsp;<\/p>\n<p>*Cristi\u00e1n Frers \u2013 T\u00e9cnico Superior en Gesti\u00f3n Ambiental y T\u00e9cnico Superior en Comunicaci\u00f3n Social (Periodista).<\/p>\n<p>&nbsp;<\/p>\n<p>&nbsp;<\/p>\n","protected":false},"excerpt":{"rendered":"<p>Por Cristi\u00e1n Frers* &#8211; \u201cConservaremos s\u00f3lo aquello que amemos, amaremos s\u00f3lo aquello que entendamos y entenderemos s\u00f3lo lo que se &#8230; <a title=\"La educaci\u00f3n ambiental es importante\" class=\"read-more\" href=\"https:\/\/www.hoymercedes.com.ar\/principal\/2018\/09\/03\/la-educacion-ambiental-es-importante\/\" aria-label=\"Leer m\u00e1s sobre La educaci\u00f3n ambiental es importante\">Leer m\u00e1s<\/a><\/p>\n","protected":false},"author":1,"featured_media":80568,"comment_status":"closed","ping_status":"open","sticky":false,"template":"","format":"standard","meta":{"_monsterinsights_skip_tracking":false,"_monsterinsights_sitenote_active":false,"_monsterinsights_sitenote_note":"","_monsterinsights_sitenote_category":0,"jetpack_post_was_ever_published":false,"_jetpack_newsletter_access":"","_jetpack_dont_email_post_to_subs":false,"_jetpack_newsletter_tier_id":0,"_jetpack_memberships_contains_paywalled_content":false,"_jetpack_memberships_contains_paid_content":false,"footnotes":"","jetpack_publicize_message":"","jetpack_publicize_feature_enabled":true,"jetpack_social_post_already_shared":false,"jetpack_social_options":{"image_generator_settings":{"template":"highway","default_image_id":0,"font":"","enabled":false},"version":2},"_wpas_customize_per_network":false},"categories":[1],"tags":[9001,47,8748],"class_list":["post-80567","post","type-post","status-publish","format-standard","has-post-thumbnail","hentry","category-opinion","tag-ambiente","tag-educacion-2","tag-opinion","generate-columns","tablet-grid-50","mobile-grid-100","grid-parent","grid-50"],"jetpack_publicize_connections":[],"jetpack_featured_media_url":"https:\/\/www.hoymercedes.com.ar\/principal\/wp-content\/uploads\/2018\/09\/03-medio-ambiente.jpg","wps_subtitle":"","jetpack_sharing_enabled":true,"_links":{"self":[{"href":"https:\/\/www.hoymercedes.com.ar\/principal\/wp-json\/wp\/v2\/posts\/80567","targetHints":{"allow":["GET"]}}],"collection":[{"href":"https:\/\/www.hoymercedes.com.ar\/principal\/wp-json\/wp\/v2\/posts"}],"about":[{"href":"https:\/\/www.hoymercedes.com.ar\/principal\/wp-json\/wp\/v2\/types\/post"}],"author":[{"embeddable":true,"href":"https:\/\/www.hoymercedes.com.ar\/principal\/wp-json\/wp\/v2\/users\/1"}],"replies":[{"embeddable":true,"href":"https:\/\/www.hoymercedes.com.ar\/principal\/wp-json\/wp\/v2\/comments?post=80567"}],"version-history":[{"count":0,"href":"https:\/\/www.hoymercedes.com.ar\/principal\/wp-json\/wp\/v2\/posts\/80567\/revisions"}],"wp:featuredmedia":[{"embeddable":true,"href":"https:\/\/www.hoymercedes.com.ar\/principal\/wp-json\/wp\/v2\/media\/80568"}],"wp:attachment":[{"href":"https:\/\/www.hoymercedes.com.ar\/principal\/wp-json\/wp\/v2\/media?parent=80567"}],"wp:term":[{"taxonomy":"category","embeddable":true,"href":"https:\/\/www.hoymercedes.com.ar\/principal\/wp-json\/wp\/v2\/categories?post=80567"},{"taxonomy":"post_tag","embeddable":true,"href":"https:\/\/www.hoymercedes.com.ar\/principal\/wp-json\/wp\/v2\/tags?post=80567"}],"curies":[{"name":"wp","href":"https:\/\/api.w.org\/{rel}","templated":true}]}}