{"id":80570,"date":"2018-09-02T22:22:15","date_gmt":"2018-09-03T01:22:15","guid":{"rendered":"http:\/\/www.hoymercedes.com.ar\/principal\/?p=80570"},"modified":"2018-09-02T22:22:15","modified_gmt":"2018-09-03T01:22:15","slug":"con-murga-y-musica-se-inauguro-el-asfalto-de-calle-42","status":"publish","type":"post","link":"https:\/\/www.hoymercedes.com.ar\/principal\/2018\/09\/02\/con-murga-y-musica-se-inauguro-el-asfalto-de-calle-42\/","title":{"rendered":"Con murga y m\u00fasica se inaugur\u00f3 el asfalto de calle 42"},"content":{"rendered":"<figure id=\"attachment_80571\" aria-describedby=\"caption-attachment-80571\" style=\"width: 620px\" class=\"wp-caption aligncenter\"><img loading=\"lazy\" decoding=\"async\" data-attachment-id=\"80571\" data-permalink=\"https:\/\/www.hoymercedes.com.ar\/principal\/2018\/09\/02\/con-murga-y-musica-se-inauguro-el-asfalto-de-calle-42\/7-8\/#main\" data-orig-file=\"https:\/\/www.hoymercedes.com.ar\/principal\/wp-content\/uploads\/2018\/09\/7.jpeg\" data-orig-size=\"1280,960\" data-comments-opened=\"0\" data-image-meta=\"{&quot;aperture&quot;:&quot;0&quot;,&quot;credit&quot;:&quot;&quot;,&quot;camera&quot;:&quot;&quot;,&quot;caption&quot;:&quot;&quot;,&quot;created_timestamp&quot;:&quot;0&quot;,&quot;copyright&quot;:&quot;&quot;,&quot;focal_length&quot;:&quot;0&quot;,&quot;iso&quot;:&quot;0&quot;,&quot;shutter_speed&quot;:&quot;0&quot;,&quot;title&quot;:&quot;&quot;,&quot;orientation&quot;:&quot;0&quot;}\" data-image-title=\"7\" data-image-description=\"\" data-image-caption=\"&lt;p&gt;14 cuadras pavimentadas&lt;\/p&gt;\n\" data-large-file=\"https:\/\/www.hoymercedes.com.ar\/principal\/wp-content\/uploads\/2018\/09\/7-1024x768.jpeg\" class=\"size-medium wp-image-80571\" src=\"https:\/\/www.hoymercedes.com.ar\/principal\/wp-content\/uploads\/2018\/09\/7-630x473.jpeg\" alt=\"\" width=\"630\" height=\"473\" srcset=\"https:\/\/www.hoymercedes.com.ar\/principal\/wp-content\/uploads\/2018\/09\/7-630x473.jpeg 630w, https:\/\/www.hoymercedes.com.ar\/principal\/wp-content\/uploads\/2018\/09\/7-150x113.jpeg 150w, https:\/\/www.hoymercedes.com.ar\/principal\/wp-content\/uploads\/2018\/09\/7-1024x768.jpeg 1024w, https:\/\/www.hoymercedes.com.ar\/principal\/wp-content\/uploads\/2018\/09\/7.jpeg 1280w\" sizes=\"auto, (max-width: 630px) 100vw, 630px\" \/><figcaption id=\"caption-attachment-80571\" class=\"wp-caption-text\">14 cuadras pavimentadas<\/figcaption><\/figure>\n<p>La obra realizada por el Municipio con fondos propios de pavimentaci\u00f3n de 42 de 15 a 29 fue inaugurada este domingo con una fiesta para toda la familia. M\u00fasica, payasos y Murga de la Ribera. Son 14 cuadras dado que se construy\u00f3 con boulevard doble mano, adem\u00e1s de la colocaci\u00f3n de luminaria led con 21 farolas realizadas con mano de obra municipal. \u201cEs un d\u00eda de mucha alegr\u00eda\u201d, destac\u00f3 Juan Ignacio Ustarroz. Hubo varios vecinos oradores.<\/p>\n<p><img loading=\"lazy\" decoding=\"async\" data-attachment-id=\"80576\" data-permalink=\"https:\/\/www.hoymercedes.com.ar\/principal\/2018\/09\/02\/con-murga-y-musica-se-inauguro-el-asfalto-de-calle-42\/sja_2528\/#main\" data-orig-file=\"https:\/\/www.hoymercedes.com.ar\/principal\/wp-content\/uploads\/2018\/09\/SJA_2528.jpg\" data-orig-size=\"919,613\" data-comments-opened=\"0\" data-image-meta=\"{&quot;aperture&quot;:&quot;0&quot;,&quot;credit&quot;:&quot;SEBASTIANAMBROSSIO&quot;,&quot;camera&quot;:&quot;&quot;,&quot;caption&quot;:&quot;&quot;,&quot;created_timestamp&quot;:&quot;0&quot;,&quot;copyright&quot;:&quot;SebastianAmbrossio&quot;,&quot;focal_length&quot;:&quot;0&quot;,&quot;iso&quot;:&quot;0&quot;,&quot;shutter_speed&quot;:&quot;0&quot;,&quot;title&quot;:&quot;&quot;,&quot;orientation&quot;:&quot;0&quot;}\" data-image-title=\"SJA_2528\" data-image-description=\"\" data-image-caption=\"\" data-large-file=\"https:\/\/www.hoymercedes.com.ar\/principal\/wp-content\/uploads\/2018\/09\/SJA_2528.jpg\" class=\"aligncenter size-medium wp-image-80576\" src=\"https:\/\/www.hoymercedes.com.ar\/principal\/wp-content\/uploads\/2018\/09\/SJA_2528-630x420.jpg\" alt=\"\" width=\"630\" height=\"420\" srcset=\"https:\/\/www.hoymercedes.com.ar\/principal\/wp-content\/uploads\/2018\/09\/SJA_2528-630x420.jpg 630w, https:\/\/www.hoymercedes.com.ar\/principal\/wp-content\/uploads\/2018\/09\/SJA_2528-150x100.jpg 150w, https:\/\/www.hoymercedes.com.ar\/principal\/wp-content\/uploads\/2018\/09\/SJA_2528.jpg 919w\" sizes=\"auto, (max-width: 630px) 100vw, 630px\" \/><\/p>\n<p><strong>Fiesta y color<\/strong><\/p>\n<p>La apertura de la calle estuvo a cargo de la \u201cMurga de la Ribera\u201d ya que desde hace a\u00f1os ensayan en dicha arteria y ahora, asfaltada, les da otro marco, con lo cual permiti\u00f3 dar un espect\u00e1culo a la gran cantidad de vecinos presentes, no s\u00f3lo de la Trocha, sino de distintos barrios ya que el predio, en un espl\u00e9ndido d\u00eda de Sol, cont\u00f3 con una gran cantidad de asistentes.<\/p>\n<p><img loading=\"lazy\" decoding=\"async\" data-attachment-id=\"80577\" data-permalink=\"https:\/\/www.hoymercedes.com.ar\/principal\/2018\/09\/02\/con-murga-y-musica-se-inauguro-el-asfalto-de-calle-42\/sja_2578\/#main\" data-orig-file=\"https:\/\/www.hoymercedes.com.ar\/principal\/wp-content\/uploads\/2018\/09\/SJA_2578.jpg\" data-orig-size=\"993,662\" data-comments-opened=\"0\" data-image-meta=\"{&quot;aperture&quot;:&quot;0&quot;,&quot;credit&quot;:&quot;SEBASTIANAMBROSSIO&quot;,&quot;camera&quot;:&quot;&quot;,&quot;caption&quot;:&quot;&quot;,&quot;created_timestamp&quot;:&quot;0&quot;,&quot;copyright&quot;:&quot;SebastianAmbrossio&quot;,&quot;focal_length&quot;:&quot;0&quot;,&quot;iso&quot;:&quot;0&quot;,&quot;shutter_speed&quot;:&quot;0&quot;,&quot;title&quot;:&quot;&quot;,&quot;orientation&quot;:&quot;0&quot;}\" data-image-title=\"SJA_2578\" data-image-description=\"\" data-image-caption=\"\" data-large-file=\"https:\/\/www.hoymercedes.com.ar\/principal\/wp-content\/uploads\/2018\/09\/SJA_2578.jpg\" class=\"aligncenter size-medium wp-image-80577\" src=\"https:\/\/www.hoymercedes.com.ar\/principal\/wp-content\/uploads\/2018\/09\/SJA_2578-630x420.jpg\" alt=\"\" width=\"630\" height=\"420\" srcset=\"https:\/\/www.hoymercedes.com.ar\/principal\/wp-content\/uploads\/2018\/09\/SJA_2578-630x420.jpg 630w, https:\/\/www.hoymercedes.com.ar\/principal\/wp-content\/uploads\/2018\/09\/SJA_2578-150x100.jpg 150w, https:\/\/www.hoymercedes.com.ar\/principal\/wp-content\/uploads\/2018\/09\/SJA_2578.jpg 993w\" sizes=\"auto, (max-width: 630px) 100vw, 630px\" \/><\/p>\n<p><strong>Primera persona<\/strong><\/p>\n<p>El primero en tomar la palabra fue Lucas Melo, uno de los responsables de la murga, quien sostuvo \u201cs\u00f3lo queremos agradecer y contar que la murga est\u00e1 ac\u00e1 porque hace 4 a\u00f1os que nacimos, nos criamos ac\u00e1, cuando el Complejo se estaba recuperando empezando a ser lo que ahora es y para nosotros es realmente un orgullo. Primero como murga y despu\u00e9s como vecino nos alegra ver el cambio del Complejo Cultura y el barrio, ahora con esta gran calle que ensay\u00e1bamos en la tierra y verla de esta manera es muy emocionante\u201d, dijo y remarc\u00f3 que \u201ctambi\u00e9n como empleado municipal, porque s\u00e9 todo lo que se trabaj\u00f3 para esto\u201d<\/p>\n<p><img loading=\"lazy\" decoding=\"async\" data-attachment-id=\"80578\" data-permalink=\"https:\/\/www.hoymercedes.com.ar\/principal\/2018\/09\/02\/con-murga-y-musica-se-inauguro-el-asfalto-de-calle-42\/sja_2600\/#main\" data-orig-file=\"https:\/\/www.hoymercedes.com.ar\/principal\/wp-content\/uploads\/2018\/09\/SJA_2600.jpg\" data-orig-size=\"919,613\" data-comments-opened=\"0\" data-image-meta=\"{&quot;aperture&quot;:&quot;0&quot;,&quot;credit&quot;:&quot;SEBASTIANAMBROSSIO&quot;,&quot;camera&quot;:&quot;&quot;,&quot;caption&quot;:&quot;&quot;,&quot;created_timestamp&quot;:&quot;0&quot;,&quot;copyright&quot;:&quot;SebastianAmbrossio&quot;,&quot;focal_length&quot;:&quot;0&quot;,&quot;iso&quot;:&quot;0&quot;,&quot;shutter_speed&quot;:&quot;0&quot;,&quot;title&quot;:&quot;&quot;,&quot;orientation&quot;:&quot;0&quot;}\" data-image-title=\"SJA_2600\" data-image-description=\"\" data-image-caption=\"\" data-large-file=\"https:\/\/www.hoymercedes.com.ar\/principal\/wp-content\/uploads\/2018\/09\/SJA_2600.jpg\" class=\"aligncenter size-medium wp-image-80578\" src=\"https:\/\/www.hoymercedes.com.ar\/principal\/wp-content\/uploads\/2018\/09\/SJA_2600-630x420.jpg\" alt=\"\" width=\"630\" height=\"420\" srcset=\"https:\/\/www.hoymercedes.com.ar\/principal\/wp-content\/uploads\/2018\/09\/SJA_2600-630x420.jpg 630w, https:\/\/www.hoymercedes.com.ar\/principal\/wp-content\/uploads\/2018\/09\/SJA_2600-150x100.jpg 150w, https:\/\/www.hoymercedes.com.ar\/principal\/wp-content\/uploads\/2018\/09\/SJA_2600.jpg 919w\" sizes=\"auto, (max-width: 630px) 100vw, 630px\" \/><\/p>\n<p>Ver\u00f3nica Areco, tambi\u00e9n vecina e integrante de la murga, coment\u00f3 que \u201chace 16 a\u00f1os que vivo ac\u00e1. Nosotros como todos los vecinos sabemos lo que era esta calle cuando era tierra y todo lo que se trabaj\u00f3 para esta realidad. Estamos s\u00faper orgullosos de la murga de poder participar porque sabemos lo que es bailar en este lugar. La murga es de la Trocha, nos enorgullece este avance de Mercedes, gracias al intendente, a la presidenta del barrio, a todos\u201d.<\/p>\n<p>Por su parte, Eleonora \u00c1lvarez, sostuvo que \u201cestamos viendo crecer mucho al barrio. Se realizaron muchas cuadras de asfalto, se hizo a nuevo el Centro de Salud, hay iluminaci\u00f3n nueva, estamos muy agradecidos con esta obra que es hermosa\u201d, coment\u00f3.<\/p>\n<p><img loading=\"lazy\" decoding=\"async\" data-attachment-id=\"80581\" data-permalink=\"https:\/\/www.hoymercedes.com.ar\/principal\/2018\/09\/02\/con-murga-y-musica-se-inauguro-el-asfalto-de-calle-42\/sja_2622\/#main\" data-orig-file=\"https:\/\/www.hoymercedes.com.ar\/principal\/wp-content\/uploads\/2018\/09\/SJA_2622.jpg\" data-orig-size=\"919,613\" data-comments-opened=\"0\" data-image-meta=\"{&quot;aperture&quot;:&quot;0&quot;,&quot;credit&quot;:&quot;SEBASTIANAMBROSSIO&quot;,&quot;camera&quot;:&quot;&quot;,&quot;caption&quot;:&quot;&quot;,&quot;created_timestamp&quot;:&quot;0&quot;,&quot;copyright&quot;:&quot;SebastianAmbrossio&quot;,&quot;focal_length&quot;:&quot;0&quot;,&quot;iso&quot;:&quot;0&quot;,&quot;shutter_speed&quot;:&quot;0&quot;,&quot;title&quot;:&quot;&quot;,&quot;orientation&quot;:&quot;0&quot;}\" data-image-title=\"SJA_2622\" data-image-description=\"\" data-image-caption=\"\" data-large-file=\"https:\/\/www.hoymercedes.com.ar\/principal\/wp-content\/uploads\/2018\/09\/SJA_2622.jpg\" class=\"aligncenter size-medium wp-image-80581\" src=\"https:\/\/www.hoymercedes.com.ar\/principal\/wp-content\/uploads\/2018\/09\/SJA_2622-630x420.jpg\" alt=\"\" width=\"630\" height=\"420\" srcset=\"https:\/\/www.hoymercedes.com.ar\/principal\/wp-content\/uploads\/2018\/09\/SJA_2622-630x420.jpg 630w, https:\/\/www.hoymercedes.com.ar\/principal\/wp-content\/uploads\/2018\/09\/SJA_2622-150x100.jpg 150w, https:\/\/www.hoymercedes.com.ar\/principal\/wp-content\/uploads\/2018\/09\/SJA_2622.jpg 919w\" sizes=\"auto, (max-width: 630px) 100vw, 630px\" \/><\/p>\n<p>Liliana Gatica, otra hist\u00f3rica vecina, tom\u00f3 la palabra y coment\u00f3 que \u201cestamos todos muy felices de como a avanzado nuestro barrios. Personalmente tambi\u00e9n de haber confiado y no me arrepiento de confiar en Ustarroz, es estos tiempos turbulentos donde todos se arrepienten de votar a quien vot\u00f3 personalmente estoy muy orgullosa. Este barrio lo nota. Esta obra, con trabajo municipal, y yo tambi\u00e9n lo soy, as\u00ed que muy contenta\u201d<\/p>\n<p>Luis Colao, tambi\u00e9n hist\u00f3rico y referente del lugar, mencion\u00f3 que \u201call\u00e1 por el a\u00f1o 2006 con el amigo Eduardo Cerulli sancionamos una ordenanza para pavimentar la 42. Pasaron 12. Mucha agua bajo el puente. Era una cuadrita de tres metros, entonces hoy ver esta realidad, la forma en que tenemos este predio, tan importante para la ciudad, ver esta avenida es una alegr\u00eda\u201d coment\u00f3 y sostuvo que \u201caunque deber\u00eda haber sido de noche, porque qued\u00f3 espectacular\u201d sostuvo, remarcando la nueva luminaria led.<\/p>\n<p><img loading=\"lazy\" decoding=\"async\" data-attachment-id=\"80579\" data-permalink=\"https:\/\/www.hoymercedes.com.ar\/principal\/2018\/09\/02\/con-murga-y-musica-se-inauguro-el-asfalto-de-calle-42\/sja_2731\/#main\" data-orig-file=\"https:\/\/www.hoymercedes.com.ar\/principal\/wp-content\/uploads\/2018\/09\/SJA_2731.jpg\" data-orig-size=\"919,613\" data-comments-opened=\"0\" data-image-meta=\"{&quot;aperture&quot;:&quot;0&quot;,&quot;credit&quot;:&quot;SEBASTIANAMBROSSIO&quot;,&quot;camera&quot;:&quot;&quot;,&quot;caption&quot;:&quot;&quot;,&quot;created_timestamp&quot;:&quot;0&quot;,&quot;copyright&quot;:&quot;SebastianAmbrossio&quot;,&quot;focal_length&quot;:&quot;0&quot;,&quot;iso&quot;:&quot;0&quot;,&quot;shutter_speed&quot;:&quot;0&quot;,&quot;title&quot;:&quot;&quot;,&quot;orientation&quot;:&quot;0&quot;}\" data-image-title=\"SJA_2731\" data-image-description=\"\" data-image-caption=\"\" data-large-file=\"https:\/\/www.hoymercedes.com.ar\/principal\/wp-content\/uploads\/2018\/09\/SJA_2731.jpg\" class=\"aligncenter size-medium wp-image-80579\" src=\"https:\/\/www.hoymercedes.com.ar\/principal\/wp-content\/uploads\/2018\/09\/SJA_2731-630x420.jpg\" alt=\"\" width=\"630\" height=\"420\" srcset=\"https:\/\/www.hoymercedes.com.ar\/principal\/wp-content\/uploads\/2018\/09\/SJA_2731-630x420.jpg 630w, https:\/\/www.hoymercedes.com.ar\/principal\/wp-content\/uploads\/2018\/09\/SJA_2731-150x100.jpg 150w, https:\/\/www.hoymercedes.com.ar\/principal\/wp-content\/uploads\/2018\/09\/SJA_2731.jpg 919w\" sizes=\"auto, (max-width: 630px) 100vw, 630px\" \/><\/p>\n<p>Por \u00faltimo, el intendente municipal, Dr. Juan Ignacio Ustarroz, afirm\u00f3 que \u201ces un d\u00eda hermoso. Con tantas familias presentes quiero reconocer el esfuerzo y el trabajo de todos. Este asfalto fue realizado con el recurso de todo el pueblo de Mercedes. Son cuadras con fondos propios, es un sacrificio bien mercedino\u201d coment\u00f3 y afirm\u00f3 que \u201ctiene un sentido estrat\u00e9gico, porque este es un pulm\u00f3n para todo el pueblo de Mercedes con un predio recuperado para la familia, el arte, la cultura, la recreaci\u00f3n y por eso tanta gente viene cada fin de semana, y tenemos el ejemplo de este gran murg\u00f3n que sostiene actividades culturales todo el a\u00f1o, en estos tiempos dif\u00edciles\u201d, coment\u00f3.<\/p>\n<p>\u201cVivimos tiempos dif\u00edciles, de d\u00f3lar, desempleo, ajuste, que hoy estemos celebrando un avance nos llena el pecho\u201d, narr\u00f3 y sostuvo que \u201cqueremos seguir por este sendero, donde es una ciudad que hacemos entre todos, con resultados que pueden tardar, pero llegan. Esto representa un avance para todos, sabiendo que hay lugares donde no hemos llegado, pero hoy tenemos m\u00e1s capacidad y estamos trabajando en ello, con gran inversi\u00f3n\u201d narr\u00f3.<\/p>\n<p><strong>Homenaje<\/strong><\/p>\n<p>\u201cVamos a proponer que esta calle se llame \u201cCanario Biaggini\u201d cont\u00f3 y dijo \u201cel Canario adem\u00e1s de ser una gran persona, un gran deportista orgullo de todo el barrio y de todo Mercedes, creo que tambi\u00e9n tiene que haber m\u00e1s calles con el nombre de nuestros trabajadores, porque el Canario tambi\u00e9n fue un trabajador municipal\u201d, asever\u00f3 ante un cerrado aplauso y emoci\u00f3n de todos los presentes que con afecto recordaban a quien recientemente falleci\u00f3 y \u201cen su nombre tambi\u00e9n homenajeamos a todos los trabajadores, porque, por ejemplo, estos faroles que son los m\u00e1s hermosos no los compramos a ninguna empresa, lo hicieron los trabajadores en la planta depuradora\u201d cont\u00f3.<\/p>\n<p><img loading=\"lazy\" decoding=\"async\" data-attachment-id=\"80580\" data-permalink=\"https:\/\/www.hoymercedes.com.ar\/principal\/2018\/09\/02\/con-murga-y-musica-se-inauguro-el-asfalto-de-calle-42\/sja_2763\/#main\" data-orig-file=\"https:\/\/www.hoymercedes.com.ar\/principal\/wp-content\/uploads\/2018\/09\/SJA_2763.jpg\" data-orig-size=\"919,613\" data-comments-opened=\"0\" data-image-meta=\"{&quot;aperture&quot;:&quot;0&quot;,&quot;credit&quot;:&quot;SEBASTIANAMBROSSIO&quot;,&quot;camera&quot;:&quot;&quot;,&quot;caption&quot;:&quot;&quot;,&quot;created_timestamp&quot;:&quot;0&quot;,&quot;copyright&quot;:&quot;SebastianAmbrossio&quot;,&quot;focal_length&quot;:&quot;0&quot;,&quot;iso&quot;:&quot;0&quot;,&quot;shutter_speed&quot;:&quot;0&quot;,&quot;title&quot;:&quot;&quot;,&quot;orientation&quot;:&quot;0&quot;}\" data-image-title=\"SJA_2763\" data-image-description=\"\" data-image-caption=\"\" data-large-file=\"https:\/\/www.hoymercedes.com.ar\/principal\/wp-content\/uploads\/2018\/09\/SJA_2763.jpg\" class=\"aligncenter size-medium wp-image-80580\" src=\"https:\/\/www.hoymercedes.com.ar\/principal\/wp-content\/uploads\/2018\/09\/SJA_2763-630x420.jpg\" alt=\"\" width=\"630\" height=\"420\" srcset=\"https:\/\/www.hoymercedes.com.ar\/principal\/wp-content\/uploads\/2018\/09\/SJA_2763-630x420.jpg 630w, https:\/\/www.hoymercedes.com.ar\/principal\/wp-content\/uploads\/2018\/09\/SJA_2763-150x100.jpg 150w, https:\/\/www.hoymercedes.com.ar\/principal\/wp-content\/uploads\/2018\/09\/SJA_2763.jpg 919w\" sizes=\"auto, (max-width: 630px) 100vw, 630px\" \/><\/p>\n<p><strong>Inversi\u00f3n<\/strong><\/p>\n<p>Desde 2017 el proyecto se ven\u00eda trabajando y entre noviembre y diciembre se concret\u00f3 el proyecto final que demand\u00f3 una fuerte inversi\u00f3n con fondos propios y que en 2018 se inici\u00f3 la obra que tras varias semanas de tareas se pudo ver finalizada. Con 21 farolas, boulevard, iluminaci\u00f3n led, forestaci\u00f3n, pintura, 14 cuadras de asfalto, ca\u00f1er\u00edas y reductores de seguridad.<\/p>\n<p>Vale recordar algo que los distintos actores intervinientes solicitaban y es que \u201cla cuidemos, porque es una obra para todos los vecinos\u201d<\/p>\n<p>Hubo presencia de funcionarios, vecinos, referentes barriales, muchos ni\u00f1os y el hermoso momento de ver a los nenes de la murga siendo quienes oficialmente cortaron la cinta protocolar de apertura de la calle.<\/p>\n<p><img loading=\"lazy\" decoding=\"async\" data-attachment-id=\"80576\" data-permalink=\"https:\/\/www.hoymercedes.com.ar\/principal\/2018\/09\/02\/con-murga-y-musica-se-inauguro-el-asfalto-de-calle-42\/sja_2528\/#main\" data-orig-file=\"https:\/\/www.hoymercedes.com.ar\/principal\/wp-content\/uploads\/2018\/09\/SJA_2528.jpg\" data-orig-size=\"919,613\" data-comments-opened=\"0\" data-image-meta=\"{&quot;aperture&quot;:&quot;0&quot;,&quot;credit&quot;:&quot;SEBASTIANAMBROSSIO&quot;,&quot;camera&quot;:&quot;&quot;,&quot;caption&quot;:&quot;&quot;,&quot;created_timestamp&quot;:&quot;0&quot;,&quot;copyright&quot;:&quot;SebastianAmbrossio&quot;,&quot;focal_length&quot;:&quot;0&quot;,&quot;iso&quot;:&quot;0&quot;,&quot;shutter_speed&quot;:&quot;0&quot;,&quot;title&quot;:&quot;&quot;,&quot;orientation&quot;:&quot;0&quot;}\" data-image-title=\"SJA_2528\" data-image-description=\"\" data-image-caption=\"\" data-large-file=\"https:\/\/www.hoymercedes.com.ar\/principal\/wp-content\/uploads\/2018\/09\/SJA_2528.jpg\" class=\"aligncenter size-medium wp-image-80576\" src=\"https:\/\/www.hoymercedes.com.ar\/principal\/wp-content\/uploads\/2018\/09\/SJA_2528-630x420.jpg\" alt=\"\" width=\"630\" height=\"420\" srcset=\"https:\/\/www.hoymercedes.com.ar\/principal\/wp-content\/uploads\/2018\/09\/SJA_2528-630x420.jpg 630w, https:\/\/www.hoymercedes.com.ar\/principal\/wp-content\/uploads\/2018\/09\/SJA_2528-150x100.jpg 150w, https:\/\/www.hoymercedes.com.ar\/principal\/wp-content\/uploads\/2018\/09\/SJA_2528.jpg 919w\" sizes=\"auto, (max-width: 630px) 100vw, 630px\" \/><\/p>\n<p><img loading=\"lazy\" decoding=\"async\" data-attachment-id=\"80575\" data-permalink=\"https:\/\/www.hoymercedes.com.ar\/principal\/2018\/09\/02\/con-murga-y-musica-se-inauguro-el-asfalto-de-calle-42\/sja_2511\/#main\" data-orig-file=\"https:\/\/www.hoymercedes.com.ar\/principal\/wp-content\/uploads\/2018\/09\/SJA_2511.jpg\" data-orig-size=\"919,613\" data-comments-opened=\"0\" data-image-meta=\"{&quot;aperture&quot;:&quot;0&quot;,&quot;credit&quot;:&quot;SEBASTIANAMBROSSIO&quot;,&quot;camera&quot;:&quot;&quot;,&quot;caption&quot;:&quot;&quot;,&quot;created_timestamp&quot;:&quot;0&quot;,&quot;copyright&quot;:&quot;SebastianAmbrossio&quot;,&quot;focal_length&quot;:&quot;0&quot;,&quot;iso&quot;:&quot;0&quot;,&quot;shutter_speed&quot;:&quot;0&quot;,&quot;title&quot;:&quot;&quot;,&quot;orientation&quot;:&quot;0&quot;}\" data-image-title=\"SJA_2511\" data-image-description=\"\" data-image-caption=\"\" data-large-file=\"https:\/\/www.hoymercedes.com.ar\/principal\/wp-content\/uploads\/2018\/09\/SJA_2511.jpg\" class=\"aligncenter size-medium wp-image-80575\" src=\"https:\/\/www.hoymercedes.com.ar\/principal\/wp-content\/uploads\/2018\/09\/SJA_2511-630x420.jpg\" alt=\"\" width=\"630\" height=\"420\" srcset=\"https:\/\/www.hoymercedes.com.ar\/principal\/wp-content\/uploads\/2018\/09\/SJA_2511-630x420.jpg 630w, https:\/\/www.hoymercedes.com.ar\/principal\/wp-content\/uploads\/2018\/09\/SJA_2511-150x100.jpg 150w, https:\/\/www.hoymercedes.com.ar\/principal\/wp-content\/uploads\/2018\/09\/SJA_2511.jpg 919w\" sizes=\"auto, (max-width: 630px) 100vw, 630px\" \/><\/p>\n<p><img loading=\"lazy\" decoding=\"async\" data-attachment-id=\"80582\" data-permalink=\"https:\/\/www.hoymercedes.com.ar\/principal\/2018\/09\/02\/con-murga-y-musica-se-inauguro-el-asfalto-de-calle-42\/sja_2481\/#main\" data-orig-file=\"https:\/\/www.hoymercedes.com.ar\/principal\/wp-content\/uploads\/2018\/09\/SJA_2481.jpg\" data-orig-size=\"437,291\" data-comments-opened=\"0\" data-image-meta=\"{&quot;aperture&quot;:&quot;0&quot;,&quot;credit&quot;:&quot;SEBASTIANAMBROSSIO&quot;,&quot;camera&quot;:&quot;&quot;,&quot;caption&quot;:&quot;&quot;,&quot;created_timestamp&quot;:&quot;0&quot;,&quot;copyright&quot;:&quot;SebastianAmbrossio&quot;,&quot;focal_length&quot;:&quot;0&quot;,&quot;iso&quot;:&quot;0&quot;,&quot;shutter_speed&quot;:&quot;0&quot;,&quot;title&quot;:&quot;&quot;,&quot;orientation&quot;:&quot;0&quot;}\" data-image-title=\"SJA_2481\" data-image-description=\"\" data-image-caption=\"\" data-large-file=\"https:\/\/www.hoymercedes.com.ar\/principal\/wp-content\/uploads\/2018\/09\/SJA_2481.jpg\" class=\"aligncenter wp-image-80582\" src=\"https:\/\/www.hoymercedes.com.ar\/principal\/wp-content\/uploads\/2018\/09\/SJA_2481.jpg\" alt=\"\" width=\"630\" height=\"420\" srcset=\"https:\/\/www.hoymercedes.com.ar\/principal\/wp-content\/uploads\/2018\/09\/SJA_2481.jpg 437w, https:\/\/www.hoymercedes.com.ar\/principal\/wp-content\/uploads\/2018\/09\/SJA_2481-150x100.jpg 150w\" sizes=\"auto, (max-width: 630px) 100vw, 630px\" \/><\/p>\n<p><img loading=\"lazy\" decoding=\"async\" data-attachment-id=\"80583\" data-permalink=\"https:\/\/www.hoymercedes.com.ar\/principal\/2018\/09\/02\/con-murga-y-musica-se-inauguro-el-asfalto-de-calle-42\/sja_2483\/#main\" data-orig-file=\"https:\/\/www.hoymercedes.com.ar\/principal\/wp-content\/uploads\/2018\/09\/SJA_2483.jpg\" data-orig-size=\"993,662\" data-comments-opened=\"0\" data-image-meta=\"{&quot;aperture&quot;:&quot;0&quot;,&quot;credit&quot;:&quot;SEBASTIANAMBROSSIO&quot;,&quot;camera&quot;:&quot;&quot;,&quot;caption&quot;:&quot;&quot;,&quot;created_timestamp&quot;:&quot;0&quot;,&quot;copyright&quot;:&quot;SebastianAmbrossio&quot;,&quot;focal_length&quot;:&quot;0&quot;,&quot;iso&quot;:&quot;0&quot;,&quot;shutter_speed&quot;:&quot;0&quot;,&quot;title&quot;:&quot;&quot;,&quot;orientation&quot;:&quot;0&quot;}\" data-image-title=\"SJA_2483\" data-image-description=\"\" data-image-caption=\"\" data-large-file=\"https:\/\/www.hoymercedes.com.ar\/principal\/wp-content\/uploads\/2018\/09\/SJA_2483.jpg\" class=\"aligncenter size-medium wp-image-80583\" src=\"https:\/\/www.hoymercedes.com.ar\/principal\/wp-content\/uploads\/2018\/09\/SJA_2483-630x420.jpg\" alt=\"\" width=\"630\" height=\"420\" srcset=\"https:\/\/www.hoymercedes.com.ar\/principal\/wp-content\/uploads\/2018\/09\/SJA_2483-630x420.jpg 630w, https:\/\/www.hoymercedes.com.ar\/principal\/wp-content\/uploads\/2018\/09\/SJA_2483-150x100.jpg 150w, https:\/\/www.hoymercedes.com.ar\/principal\/wp-content\/uploads\/2018\/09\/SJA_2483.jpg 993w\" sizes=\"auto, (max-width: 630px) 100vw, 630px\" \/><\/p>\n<p><img loading=\"lazy\" decoding=\"async\" data-attachment-id=\"80584\" data-permalink=\"https:\/\/www.hoymercedes.com.ar\/principal\/2018\/09\/02\/con-murga-y-musica-se-inauguro-el-asfalto-de-calle-42\/sja_2655\/#main\" data-orig-file=\"https:\/\/www.hoymercedes.com.ar\/principal\/wp-content\/uploads\/2018\/09\/SJA_2655.jpg\" data-orig-size=\"919,613\" data-comments-opened=\"0\" data-image-meta=\"{&quot;aperture&quot;:&quot;0&quot;,&quot;credit&quot;:&quot;SEBASTIANAMBROSSIO&quot;,&quot;camera&quot;:&quot;&quot;,&quot;caption&quot;:&quot;&quot;,&quot;created_timestamp&quot;:&quot;0&quot;,&quot;copyright&quot;:&quot;SebastianAmbrossio&quot;,&quot;focal_length&quot;:&quot;0&quot;,&quot;iso&quot;:&quot;0&quot;,&quot;shutter_speed&quot;:&quot;0&quot;,&quot;title&quot;:&quot;&quot;,&quot;orientation&quot;:&quot;0&quot;}\" data-image-title=\"SJA_2655\" data-image-description=\"\" data-image-caption=\"\" data-large-file=\"https:\/\/www.hoymercedes.com.ar\/principal\/wp-content\/uploads\/2018\/09\/SJA_2655.jpg\" class=\"aligncenter size-medium wp-image-80584\" src=\"https:\/\/www.hoymercedes.com.ar\/principal\/wp-content\/uploads\/2018\/09\/SJA_2655-630x420.jpg\" alt=\"\" width=\"630\" height=\"420\" srcset=\"https:\/\/www.hoymercedes.com.ar\/principal\/wp-content\/uploads\/2018\/09\/SJA_2655-630x420.jpg 630w, https:\/\/www.hoymercedes.com.ar\/principal\/wp-content\/uploads\/2018\/09\/SJA_2655-150x100.jpg 150w, https:\/\/www.hoymercedes.com.ar\/principal\/wp-content\/uploads\/2018\/09\/SJA_2655.jpg 919w\" sizes=\"auto, (max-width: 630px) 100vw, 630px\" \/><\/p>\n<p>&nbsp;<\/p>\n<p>Fotos: Sebasti\u00e1n Ambrosio<br \/>\nInfo: Municipalidad de Mercedes<\/p>\n","protected":false},"excerpt":{"rendered":"<p>La obra realizada por el Municipio con fondos propios de pavimentaci\u00f3n de 42 de 15 a 29 fue inaugurada este &#8230; <a title=\"Con murga y m\u00fasica se inaugur\u00f3 el asfalto de calle 42\" class=\"read-more\" href=\"https:\/\/www.hoymercedes.com.ar\/principal\/2018\/09\/02\/con-murga-y-musica-se-inauguro-el-asfalto-de-calle-42\/\" aria-label=\"Leer m\u00e1s sobre Con murga y m\u00fasica se inaugur\u00f3 el asfalto de calle 42\">Leer m\u00e1s<\/a><\/p>\n","protected":false},"author":1,"featured_media":80572,"comment_status":"closed","ping_status":"open","sticky":false,"template":"","format":"standard","meta":{"_monsterinsights_skip_tracking":false,"_monsterinsights_sitenote_active":false,"_monsterinsights_sitenote_note":"","_monsterinsights_sitenote_category":0,"jetpack_post_was_ever_published":false,"_jetpack_newsletter_access":"","_jetpack_dont_email_post_to_subs":false,"_jetpack_newsletter_tier_id":0,"_jetpack_memberships_contains_paywalled_content":false,"_jetpack_memberships_contains_paid_content":false,"footnotes":"","jetpack_publicize_message":"","jetpack_publicize_feature_enabled":true,"jetpack_social_post_already_shared":true,"jetpack_social_options":{"image_generator_settings":{"template":"highway","default_image_id":0,"font":"","enabled":false},"version":2},"_wpas_customize_per_network":false},"categories":[30],"tags":[340,13669,13668,585,3959,7664],"class_list":["post-80570","post","type-post","status-publish","format-standard","has-post-thumbnail","hentry","category-municipio","tag-asfalto","tag-calle-42","tag-inauguracion-obra-mercedes","tag-juan-ustarroz","tag-la-trocha","tag-murga-de-la-ribera","generate-columns","tablet-grid-50","mobile-grid-100","grid-parent","grid-50"],"jetpack_publicize_connections":[],"jetpack_featured_media_url":"https:\/\/www.hoymercedes.com.ar\/principal\/wp-content\/uploads\/2018\/09\/15.jpeg","wps_subtitle":"Barrio Trocha","jetpack_sharing_enabled":true,"_links":{"self":[{"href":"https:\/\/www.hoymercedes.com.ar\/principal\/wp-json\/wp\/v2\/posts\/80570","targetHints":{"allow":["GET"]}}],"collection":[{"href":"https:\/\/www.hoymercedes.com.ar\/principal\/wp-json\/wp\/v2\/posts"}],"about":[{"href":"https:\/\/www.hoymercedes.com.ar\/principal\/wp-json\/wp\/v2\/types\/post"}],"author":[{"embeddable":true,"href":"https:\/\/www.hoymercedes.com.ar\/principal\/wp-json\/wp\/v2\/users\/1"}],"replies":[{"embeddable":true,"href":"https:\/\/www.hoymercedes.com.ar\/principal\/wp-json\/wp\/v2\/comments?post=80570"}],"version-history":[{"count":0,"href":"https:\/\/www.hoymercedes.com.ar\/principal\/wp-json\/wp\/v2\/posts\/80570\/revisions"}],"wp:featuredmedia":[{"embeddable":true,"href":"https:\/\/www.hoymercedes.com.ar\/principal\/wp-json\/wp\/v2\/media\/80572"}],"wp:attachment":[{"href":"https:\/\/www.hoymercedes.com.ar\/principal\/wp-json\/wp\/v2\/media?parent=80570"}],"wp:term":[{"taxonomy":"category","embeddable":true,"href":"https:\/\/www.hoymercedes.com.ar\/principal\/wp-json\/wp\/v2\/categories?post=80570"},{"taxonomy":"post_tag","embeddable":true,"href":"https:\/\/www.hoymercedes.com.ar\/principal\/wp-json\/wp\/v2\/tags?post=80570"}],"curies":[{"name":"wp","href":"https:\/\/api.w.org\/{rel}","templated":true}]}}