{"id":80606,"date":"2018-09-03T19:24:50","date_gmt":"2018-09-03T22:24:50","guid":{"rendered":"http:\/\/www.hoymercedes.com.ar\/principal\/?p=80606"},"modified":"2018-09-03T19:24:50","modified_gmt":"2018-09-03T22:24:50","slug":"en-reserva-solo-resta-saber-el-orden-de-los-primeros-cuatro-de-la-zona-b","status":"publish","type":"post","link":"https:\/\/www.hoymercedes.com.ar\/principal\/2018\/09\/03\/en-reserva-solo-resta-saber-el-orden-de-los-primeros-cuatro-de-la-zona-b\/","title":{"rendered":"En Reserva, s\u00f3lo resta saber el orden de los primeros cuatro de la Zona B"},"content":{"rendered":"<p>Se llev\u00f3 adelante este fin de semana la \u00faltima fecha del torneo de Reserva de la Liga Mercedina que tuvo s\u00f3lo el postergado entre V\u00e9lez y Quilmes y que se jugar\u00e1 el pr\u00f3ximo jueves. Con los resultados que se dieron, quedaron fijas todas las posiciones en la Zona A, sin necesidad de que se juegue el encuentro que deben Pe\u00f1a Xeneize y Estudiantes, mientras que en la B, de los tres partidos que faltan, s\u00f3lo quedar\u00e1 sin disputarse el de Costa Brava ante Defensores<\/p>\n<p>Una vez que se jueguen los partidos del jueves, quedar\u00e1n definidos los cruces del inicio del Reducido, que se jugar\u00e1n este domingo.<\/p>\n<p><em><strong>Jueves 6 de septiembre, cancha Liga Mercedina<\/strong><\/em><br \/>\n19:30 hs. Quilmes Vs. V\u00e9lez<\/p>\n<p><em><strong>Jueves 6 septiembre, cancha El Front\u00f3n<\/strong><\/em><br \/>\n19:30 hs. El Front\u00f3n Vs. AMEFIP<\/p>\n<p>Resultados del fin de semana.<\/p>\n<p><strong>UNION: -1-;<\/strong>\u00a0Ariel Ant\u00fanes<br \/>\n<strong>EL FRONTON: -3-;<\/strong>\u00a0Sergio G\u00f3mez (3)<\/p>\n<p><strong>PABELLON ARGENTINO: -3-;<\/strong>\u00a0Luciano Gallardo, Ramiro Bacigalupo, Gonzalo Hourquiebe<br \/>\n<strong>ESTUDIANTES: -0-<\/strong><\/p>\n<p><strong>COSTA BRAVA: -1-;<\/strong>\u00a0Alejandro Oexner<br \/>\n<strong>VELEZ SARSFIELD: -0-<\/strong><\/p>\n<p><strong>MERCEDES: -2-<br \/>\nEL TIMON: -0-<\/strong><\/p>\n<p><strong>DEFENSORES: -1-;<\/strong>\u00a0Esteban Demadeiro<br \/>\n<strong>JUVENTUD: -1-;<\/strong>\u00a0Joaqu\u00edn Moyano<\/p>\n<p><strong>COMUNICACIONES: -0-<br \/>\nATLETICO MARCOS PAZ: -5-;<\/strong>\u00a0Gonzalo Ru\u00edz, Facundo Heredia, Alexis Rocha (2), Luciano Coria e\/c<\/p>\n<p><strong>HOLANDA: -1-<br \/>\nCOLON: -0-<\/strong><\/p>\n<p><strong>AMEFIP: -1-<br \/>\nTROCHA: -0-<\/strong><\/p>\n<p><img loading=\"lazy\" decoding=\"async\" data-attachment-id=\"80607\" data-permalink=\"https:\/\/www.hoymercedes.com.ar\/principal\/2018\/09\/03\/en-reserva-solo-resta-saber-el-orden-de-los-primeros-cuatro-de-la-zona-b\/pos-reserva-59\/#main\" data-orig-file=\"https:\/\/www.hoymercedes.com.ar\/principal\/wp-content\/uploads\/2018\/09\/Pos-Reserva.png\" data-orig-size=\"577,614\" data-comments-opened=\"0\" data-image-meta=\"{&quot;aperture&quot;:&quot;0&quot;,&quot;credit&quot;:&quot;&quot;,&quot;camera&quot;:&quot;&quot;,&quot;caption&quot;:&quot;&quot;,&quot;created_timestamp&quot;:&quot;0&quot;,&quot;copyright&quot;:&quot;&quot;,&quot;focal_length&quot;:&quot;0&quot;,&quot;iso&quot;:&quot;0&quot;,&quot;shutter_speed&quot;:&quot;0&quot;,&quot;title&quot;:&quot;&quot;,&quot;orientation&quot;:&quot;0&quot;}\" data-image-title=\"Pos Reserva\" data-image-description=\"\" data-image-caption=\"\" data-large-file=\"https:\/\/www.hoymercedes.com.ar\/principal\/wp-content\/uploads\/2018\/09\/Pos-Reserva.png\" class=\"aligncenter size-full wp-image-80607\" src=\"https:\/\/www.hoymercedes.com.ar\/principal\/wp-content\/uploads\/2018\/09\/Pos-Reserva.png\" alt=\"\" width=\"577\" height=\"614\" srcset=\"https:\/\/www.hoymercedes.com.ar\/principal\/wp-content\/uploads\/2018\/09\/Pos-Reserva.png 577w, https:\/\/www.hoymercedes.com.ar\/principal\/wp-content\/uploads\/2018\/09\/Pos-Reserva-141x150.png 141w\" sizes=\"auto, (max-width: 577px) 100vw, 577px\" \/><\/p>\n","protected":false},"excerpt":{"rendered":"<p>Se llev\u00f3 adelante este fin de semana la \u00faltima fecha del torneo de Reserva de la Liga Mercedina que tuvo &#8230; <a title=\"En Reserva, s\u00f3lo resta saber el orden de los primeros cuatro de la Zona B\" class=\"read-more\" href=\"https:\/\/www.hoymercedes.com.ar\/principal\/2018\/09\/03\/en-reserva-solo-resta-saber-el-orden-de-los-primeros-cuatro-de-la-zona-b\/\" aria-label=\"Leer m\u00e1s sobre En Reserva, s\u00f3lo resta saber el orden de los primeros cuatro de la Zona B\">Leer m\u00e1s<\/a><\/p>\n","protected":false},"author":1,"featured_media":80607,"comment_status":"closed","ping_status":"open","sticky":false,"template":"","format":"standard","meta":{"_monsterinsights_skip_tracking":false,"_monsterinsights_sitenote_active":false,"_monsterinsights_sitenote_note":"","_monsterinsights_sitenote_category":0,"jetpack_post_was_ever_published":false,"_jetpack_newsletter_access":"","_jetpack_dont_email_post_to_subs":false,"_jetpack_newsletter_tier_id":0,"_jetpack_memberships_contains_paywalled_content":false,"_jetpack_memberships_contains_paid_content":false,"footnotes":"","jetpack_publicize_message":"","jetpack_publicize_feature_enabled":true,"jetpack_social_post_already_shared":true,"jetpack_social_options":{"image_generator_settings":{"template":"highway","default_image_id":0,"font":"","enabled":false},"version":2},"_wpas_customize_per_network":false},"categories":[21],"tags":[],"class_list":["post-80606","post","type-post","status-publish","format-standard","has-post-thumbnail","hentry","category-deportes","generate-columns","tablet-grid-50","mobile-grid-100","grid-parent","grid-50"],"jetpack_publicize_connections":[],"jetpack_featured_media_url":"https:\/\/www.hoymercedes.com.ar\/principal\/wp-content\/uploads\/2018\/09\/Pos-Reserva.png","wps_subtitle":"Liga Mercedina","jetpack_sharing_enabled":true,"_links":{"self":[{"href":"https:\/\/www.hoymercedes.com.ar\/principal\/wp-json\/wp\/v2\/posts\/80606","targetHints":{"allow":["GET"]}}],"collection":[{"href":"https:\/\/www.hoymercedes.com.ar\/principal\/wp-json\/wp\/v2\/posts"}],"about":[{"href":"https:\/\/www.hoymercedes.com.ar\/principal\/wp-json\/wp\/v2\/types\/post"}],"author":[{"embeddable":true,"href":"https:\/\/www.hoymercedes.com.ar\/principal\/wp-json\/wp\/v2\/users\/1"}],"replies":[{"embeddable":true,"href":"https:\/\/www.hoymercedes.com.ar\/principal\/wp-json\/wp\/v2\/comments?post=80606"}],"version-history":[{"count":0,"href":"https:\/\/www.hoymercedes.com.ar\/principal\/wp-json\/wp\/v2\/posts\/80606\/revisions"}],"wp:featuredmedia":[{"embeddable":true,"href":"https:\/\/www.hoymercedes.com.ar\/principal\/wp-json\/wp\/v2\/media\/80607"}],"wp:attachment":[{"href":"https:\/\/www.hoymercedes.com.ar\/principal\/wp-json\/wp\/v2\/media?parent=80606"}],"wp:term":[{"taxonomy":"category","embeddable":true,"href":"https:\/\/www.hoymercedes.com.ar\/principal\/wp-json\/wp\/v2\/categories?post=80606"},{"taxonomy":"post_tag","embeddable":true,"href":"https:\/\/www.hoymercedes.com.ar\/principal\/wp-json\/wp\/v2\/tags?post=80606"}],"curies":[{"name":"wp","href":"https:\/\/api.w.org\/{rel}","templated":true}]}}