{"id":80612,"date":"2018-09-04T07:58:02","date_gmt":"2018-09-04T10:58:02","guid":{"rendered":"http:\/\/www.hoymercedes.com.ar\/principal\/?p=80612"},"modified":"2018-09-04T00:02:25","modified_gmt":"2018-09-04T03:02:25","slug":"brianna-becerro-y-franco-lima-campeones-en-el-abierto-de-club-mercedes","status":"publish","type":"post","link":"https:\/\/www.hoymercedes.com.ar\/principal\/2018\/09\/04\/brianna-becerro-y-franco-lima-campeones-en-el-abierto-de-club-mercedes\/","title":{"rendered":"Brianna Becerro y Franco Lima, campeones en el Abierto de Club Mercedes"},"content":{"rendered":"<div>Una vez m\u00e1s nuestra ciudad fue seleccionada por la Federaci\u00f3n de Tenis del Oeste de Buenos Aires (Atoba) para ser sede de uno de los torneos de menores m\u00e1s importantes de la zona: ahora se le denomina \u00abAbierto\u00bb y anteriormente se los llamaba Nacional de Grado 3.<\/div>\n<div><\/div>\n<div><img loading=\"lazy\" decoding=\"async\" data-attachment-id=\"80613\" data-permalink=\"https:\/\/www.hoymercedes.com.ar\/principal\/2018\/09\/04\/brianna-becerro-y-franco-lima-campeones-en-el-abierto-de-club-mercedes\/20180902_112829\/#main\" data-orig-file=\"https:\/\/www.hoymercedes.com.ar\/principal\/wp-content\/uploads\/2018\/09\/20180902_112829.jpg\" data-orig-size=\"2461,2619\" data-comments-opened=\"0\" data-image-meta=\"{&quot;aperture&quot;:&quot;0&quot;,&quot;credit&quot;:&quot;&quot;,&quot;camera&quot;:&quot;SM-G950F&quot;,&quot;caption&quot;:&quot;&quot;,&quot;created_timestamp&quot;:&quot;0&quot;,&quot;copyright&quot;:&quot;&quot;,&quot;focal_length&quot;:&quot;0&quot;,&quot;iso&quot;:&quot;0&quot;,&quot;shutter_speed&quot;:&quot;0&quot;,&quot;title&quot;:&quot;&quot;,&quot;orientation&quot;:&quot;0&quot;}\" data-image-title=\"20180902_112829\" data-image-description=\"\" data-image-caption=\"\" data-large-file=\"https:\/\/www.hoymercedes.com.ar\/principal\/wp-content\/uploads\/2018\/09\/20180902_112829-962x1024.jpg\" class=\"aligncenter size-medium wp-image-80613\" src=\"https:\/\/www.hoymercedes.com.ar\/principal\/wp-content\/uploads\/2018\/09\/20180902_112829-583x620.jpg\" alt=\"\" width=\"583\" height=\"620\" srcset=\"https:\/\/www.hoymercedes.com.ar\/principal\/wp-content\/uploads\/2018\/09\/20180902_112829-583x620.jpg 583w, https:\/\/www.hoymercedes.com.ar\/principal\/wp-content\/uploads\/2018\/09\/20180902_112829-141x150.jpg 141w, https:\/\/www.hoymercedes.com.ar\/principal\/wp-content\/uploads\/2018\/09\/20180902_112829-962x1024.jpg 962w\" sizes=\"auto, (max-width: 583px) 100vw, 583px\" \/><\/div>\n<div><\/div>\n<div>Fue en la canchas del Club Mercedes donde se realiz\u00f3 y cont\u00f3 con la presencia de muchos de los mejores jugadores del pa\u00eds.<\/div>\n<div><\/div>\n<div>Se destacaron Brianna Becerro (ocupa el puesto \u00b025 del ranking nacional) en categor\u00eda sub 12 damas mientras que Franco Lima hizo lo propio en 14 varones.<\/div>\n<div><\/div>\n<div>Lo de Brianna fue muy contundente ya que cedi\u00f3 s\u00f3lo 5 games en todo el torneo: venci\u00f3 a Brayotta (6\/2-6\/1) en cuartos de final, a Gherbi (6\/0-6\/1) en semi y a Clara Minichiello (n\u00b0 39 de la Argentina por 6\/1-6\/1). Gran rendimiento, ha progresado notablemente su juego de ataque y la concentraci\u00f3n. Felicitaciones peru!!!<\/div>\n<div><\/div>\n<div>En sub 14 el campe\u00f3n fue Franco Lima que gan\u00f3, tambi\u00e9n con comodidad, sus encuentros de octavos, cuartos y semifinal. La final fue m\u00e1s dura luego de perder el primer set pero luego acomod\u00f3 su tenis y venci\u00f3 por 4\/6-7\/6-6\/1 a Zamora. Grande Franco!! Por la misma categor\u00eda participaron Tomas Spinelli y Ramiro Valle qui\u00e9nes cayeron en Octavos pero juntos alcanzaron las semis de dobles. A seguir entrenando chicos!!<\/div>\n<div><\/div>\n<div><img loading=\"lazy\" decoding=\"async\" data-attachment-id=\"80614\" data-permalink=\"https:\/\/www.hoymercedes.com.ar\/principal\/2018\/09\/04\/brianna-becerro-y-franco-lima-campeones-en-el-abierto-de-club-mercedes\/20180902_145854\/#main\" data-orig-file=\"https:\/\/www.hoymercedes.com.ar\/principal\/wp-content\/uploads\/2018\/09\/20180902_145854.jpg\" data-orig-size=\"4032,3024\" data-comments-opened=\"0\" data-image-meta=\"{&quot;aperture&quot;:&quot;1.7&quot;,&quot;credit&quot;:&quot;&quot;,&quot;camera&quot;:&quot;SM-G950F&quot;,&quot;caption&quot;:&quot;&quot;,&quot;created_timestamp&quot;:&quot;1535900334&quot;,&quot;copyright&quot;:&quot;&quot;,&quot;focal_length&quot;:&quot;4.2&quot;,&quot;iso&quot;:&quot;40&quot;,&quot;shutter_speed&quot;:&quot;0.00036127167630058&quot;,&quot;title&quot;:&quot;&quot;,&quot;orientation&quot;:&quot;1&quot;}\" data-image-title=\"20180902_145854\" data-image-description=\"\" data-image-caption=\"\" data-large-file=\"https:\/\/www.hoymercedes.com.ar\/principal\/wp-content\/uploads\/2018\/09\/20180902_145854-1024x768.jpg\" class=\"aligncenter size-medium wp-image-80614\" src=\"https:\/\/www.hoymercedes.com.ar\/principal\/wp-content\/uploads\/2018\/09\/20180902_145854-630x473.jpg\" alt=\"\" width=\"630\" height=\"473\" srcset=\"https:\/\/www.hoymercedes.com.ar\/principal\/wp-content\/uploads\/2018\/09\/20180902_145854-630x473.jpg 630w, https:\/\/www.hoymercedes.com.ar\/principal\/wp-content\/uploads\/2018\/09\/20180902_145854-150x113.jpg 150w, https:\/\/www.hoymercedes.com.ar\/principal\/wp-content\/uploads\/2018\/09\/20180902_145854-1024x768.jpg 1024w\" sizes=\"auto, (max-width: 630px) 100vw, 630px\" \/><\/div>\n<div><\/div>\n<div>En categor\u00eda sub 10 a\u00f1os Mat\u00edas Rebagliati alcanz\u00f3 la semifinal luego de ganar sus 3 partidos de zona y perdi\u00f3 6\/4 en partidazo contra Pedro Bonta. Genio Mati!!<\/div>\n<div><\/div>\n<div>En Sub 16 tuvimos representados por Emanuel Bernal, Pedro Fregossi y Augusto Rodr\u00edguez qui\u00e9nes cayeron en cuartos de final. Ema y Pedro ganaron sus encuentros de octavos (y perdieron en final de dobles), en tanto Augusto sali\u00f3 directamente de cuartos por estar preclasificado n\u00b01.<\/div>\n<div><\/div>\n<div>Lamentablemente nos perdimos de ver participar a Thiago Pernas y Guido Rebagliati ya que, su categor\u00eda, no se pudo realizar por falta de inscriptos. Una verdadera pena<\/div>\n","protected":false},"excerpt":{"rendered":"<p>Una vez m\u00e1s nuestra ciudad fue seleccionada por la Federaci\u00f3n de Tenis del Oeste de Buenos Aires (Atoba) para ser &#8230; <a title=\"Brianna Becerro y Franco Lima, campeones en el Abierto de Club Mercedes\" class=\"read-more\" href=\"https:\/\/www.hoymercedes.com.ar\/principal\/2018\/09\/04\/brianna-becerro-y-franco-lima-campeones-en-el-abierto-de-club-mercedes\/\" aria-label=\"Leer m\u00e1s sobre Brianna Becerro y Franco Lima, campeones en el Abierto de Club Mercedes\">Leer m\u00e1s<\/a><\/p>\n","protected":false},"author":1,"featured_media":80614,"comment_status":"closed","ping_status":"open","sticky":false,"template":"","format":"standard","meta":{"_monsterinsights_skip_tracking":false,"_monsterinsights_sitenote_active":false,"_monsterinsights_sitenote_note":"","_monsterinsights_sitenote_category":0,"jetpack_post_was_ever_published":false,"_jetpack_newsletter_access":"","_jetpack_dont_email_post_to_subs":false,"_jetpack_newsletter_tier_id":0,"_jetpack_memberships_contains_paywalled_content":false,"_jetpack_memberships_contains_paid_content":false,"footnotes":"","jetpack_publicize_message":"","jetpack_publicize_feature_enabled":true,"jetpack_social_post_already_shared":true,"jetpack_social_options":{"image_generator_settings":{"template":"highway","default_image_id":0,"font":"","enabled":false},"version":2},"_wpas_customize_per_network":false},"categories":[21],"tags":[],"class_list":["post-80612","post","type-post","status-publish","format-standard","has-post-thumbnail","hentry","category-deportes","generate-columns","tablet-grid-50","mobile-grid-100","grid-parent","grid-50"],"jetpack_publicize_connections":[],"jetpack_featured_media_url":"https:\/\/www.hoymercedes.com.ar\/principal\/wp-content\/uploads\/2018\/09\/20180902_145854.jpg","wps_subtitle":"Tenis","jetpack_sharing_enabled":true,"_links":{"self":[{"href":"https:\/\/www.hoymercedes.com.ar\/principal\/wp-json\/wp\/v2\/posts\/80612","targetHints":{"allow":["GET"]}}],"collection":[{"href":"https:\/\/www.hoymercedes.com.ar\/principal\/wp-json\/wp\/v2\/posts"}],"about":[{"href":"https:\/\/www.hoymercedes.com.ar\/principal\/wp-json\/wp\/v2\/types\/post"}],"author":[{"embeddable":true,"href":"https:\/\/www.hoymercedes.com.ar\/principal\/wp-json\/wp\/v2\/users\/1"}],"replies":[{"embeddable":true,"href":"https:\/\/www.hoymercedes.com.ar\/principal\/wp-json\/wp\/v2\/comments?post=80612"}],"version-history":[{"count":0,"href":"https:\/\/www.hoymercedes.com.ar\/principal\/wp-json\/wp\/v2\/posts\/80612\/revisions"}],"wp:featuredmedia":[{"embeddable":true,"href":"https:\/\/www.hoymercedes.com.ar\/principal\/wp-json\/wp\/v2\/media\/80614"}],"wp:attachment":[{"href":"https:\/\/www.hoymercedes.com.ar\/principal\/wp-json\/wp\/v2\/media?parent=80612"}],"wp:term":[{"taxonomy":"category","embeddable":true,"href":"https:\/\/www.hoymercedes.com.ar\/principal\/wp-json\/wp\/v2\/categories?post=80612"},{"taxonomy":"post_tag","embeddable":true,"href":"https:\/\/www.hoymercedes.com.ar\/principal\/wp-json\/wp\/v2\/tags?post=80612"}],"curies":[{"name":"wp","href":"https:\/\/api.w.org\/{rel}","templated":true}]}}