{"id":80636,"date":"2018-09-04T17:43:44","date_gmt":"2018-09-04T20:43:44","guid":{"rendered":"http:\/\/www.hoymercedes.com.ar\/principal\/?p=80636"},"modified":"2018-09-04T15:53:14","modified_gmt":"2018-09-04T18:53:14","slug":"carlos-selva-el-presidente-no-se-hizo-cargo-de-un-solo-error","status":"publish","type":"post","link":"https:\/\/www.hoymercedes.com.ar\/principal\/2018\/09\/04\/carlos-selva-el-presidente-no-se-hizo-cargo-de-un-solo-error\/","title":{"rendered":"Carlos Selva: \u201cEl Presidente no se hizo cargo de un solo error\u201d"},"content":{"rendered":"<p><em><strong>El diputado nacional Carlos Selva particip\u00f3 del programa que conduce el economista Maximiliano Montenegro por A24, y se refiri\u00f3 a los recientes anuncios del Presidente y el ministro de Econom\u00eda, Nicol\u00e1s Dujovne.<\/strong><\/em><\/p>\n<p><img loading=\"lazy\" decoding=\"async\" data-attachment-id=\"80637\" data-permalink=\"https:\/\/www.hoymercedes.com.ar\/principal\/2018\/09\/04\/carlos-selva-el-presidente-no-se-hizo-cargo-de-un-solo-error\/04-selvatena\/#main\" data-orig-file=\"https:\/\/www.hoymercedes.com.ar\/principal\/wp-content\/uploads\/2018\/09\/04-selvatena.jpg\" data-orig-size=\"650,369\" data-comments-opened=\"0\" data-image-meta=\"{&quot;aperture&quot;:&quot;0&quot;,&quot;credit&quot;:&quot;&quot;,&quot;camera&quot;:&quot;&quot;,&quot;caption&quot;:&quot;&quot;,&quot;created_timestamp&quot;:&quot;0&quot;,&quot;copyright&quot;:&quot;&quot;,&quot;focal_length&quot;:&quot;0&quot;,&quot;iso&quot;:&quot;0&quot;,&quot;shutter_speed&quot;:&quot;0&quot;,&quot;title&quot;:&quot;&quot;,&quot;orientation&quot;:&quot;0&quot;}\" data-image-title=\"04 selvatena\" data-image-description=\"\" data-image-caption=\"\" data-large-file=\"https:\/\/www.hoymercedes.com.ar\/principal\/wp-content\/uploads\/2018\/09\/04-selvatena.jpg\" class=\"aligncenter size-medium wp-image-80637\" src=\"https:\/\/www.hoymercedes.com.ar\/principal\/wp-content\/uploads\/2018\/09\/04-selvatena-630x358.jpg\" alt=\"\" width=\"630\" height=\"358\" srcset=\"https:\/\/www.hoymercedes.com.ar\/principal\/wp-content\/uploads\/2018\/09\/04-selvatena-630x358.jpg 630w, https:\/\/www.hoymercedes.com.ar\/principal\/wp-content\/uploads\/2018\/09\/04-selvatena-150x85.jpg 150w, https:\/\/www.hoymercedes.com.ar\/principal\/wp-content\/uploads\/2018\/09\/04-selvatena.jpg 650w\" sizes=\"auto, (max-width: 630px) 100vw, 630px\" \/><\/p>\n<p>\u201cMientras el Presidente se esfuerza por decir que dice la verdad, hay una campa\u00f1a de\u00a0memes\u00a0poniendo en evidencia cu\u00e1ntas veces ha mentido. \u00bfQu\u00e9 esperaba uno del Presidente? Que ante una realidad compleja y que nadie puede negar, mas all\u00e1 de los sectores, diera un m\u00ednimo mensaje de cu\u00e1l es el centro que tira para demostrar que est\u00e1n saliendo del dogma y el encajonamiento en el que ellos mismos se metieron. Un mensaje m\u00ednimo como para decir que est\u00e1n mirando la realidad\u201d, dijo Selva en A24, este lunes<\/p>\n<p>Consultado por el periodista en torno a los errores, manifest\u00f3: \u201cEl Presidente no se hizo cargo de un solo error. Y el Ministro Dujovne tampoco. Dujovne puso como el extremo de las situaciones internacionales, la situaci\u00f3n compleja judicial que trajeron los cuadernos. Yo no soy kirchnerista. Pero los cuadernos fueron el primero de agosto y la crisis empez\u00f3 en mayo\u201d, en clara alusi\u00f3n a que siguen culpando al kirchnerismo de errores que son propios.<\/p>\n<p>\u201cUno esperaba de un momento crucial, luego de un viernes tr\u00e1gico, un mensaje asumiendo la realidad, orientado a la sociedad y que pacificara la discusi\u00f3n de la grieta. Ninguna de las dos cosas se dieron, lo que marca una situaci\u00f3n catastr\u00f3fica\u201d, enfatiz\u00f3.<\/p>\n<p>Uno de los temas que analiz\u00f3 en su editorial Maxi Montenegro ten\u00eda que ver con lo que pronto se viene en el Parlamento, que es la discusi\u00f3n del Presupuesto para el a\u00f1o 2019. Al respecto Selva dijo: \u201cParticularmente sobre las reducciones presupuestarias, se quita de Agroindustria lo que tiene que ver con la Econom\u00eda Social. Algo que no ten\u00eda incidencia presupuestaria y que por lo tanto no tiene que ver con los n\u00fameros, sino que marca un claro mensaje pol\u00edtico. Hay cinco proyectos de ley que presentaron los movimientos sociales que tienen que ver con esto y est\u00e1n a la espera de tratamiento en la C\u00e1mara de Diputados. Lo que quitan tiene que ver con la econom\u00eda familiar. Hoy hay que cuidar el empleo, de cualquier forma, el formal y me animo a decir que tambi\u00e9n el informal, para que la cosa no vaya a parar al diablo. No son n\u00fameros, es un mensaje terriblemente negativo\u201d.<\/p>\n<p>Selva tambi\u00e9n hizo referencia a la dif\u00edcil situaci\u00f3n que atraviesan las econom\u00edas regionales y en particular el sector lechero: \u201cEn este marco donde se ven perjudicadas las econom\u00edas regionales, se est\u00e1 perdiendo de vista la gravedad de esta situaci\u00f3n. Hay sectores realmente en crisis, como el sector lechero, hay tambos que est\u00e1n por desaparecer, y eso va a requerir de una recomposici\u00f3n de m\u00e1s de veinte a\u00f1os\u201d, sostuvo.<\/p>\n","protected":false},"excerpt":{"rendered":"<p>El diputado nacional Carlos Selva particip\u00f3 del programa que conduce el economista Maximiliano Montenegro por A24, y se refiri\u00f3 a &#8230; <a title=\"Carlos Selva: \u201cEl Presidente no se hizo cargo de un solo error\u201d\" class=\"read-more\" href=\"https:\/\/www.hoymercedes.com.ar\/principal\/2018\/09\/04\/carlos-selva-el-presidente-no-se-hizo-cargo-de-un-solo-error\/\" aria-label=\"Leer m\u00e1s sobre Carlos Selva: \u201cEl Presidente no se hizo cargo de un solo error\u201d\">Leer m\u00e1s<\/a><\/p>\n","protected":false},"author":1,"featured_media":80637,"comment_status":"closed","ping_status":"open","sticky":false,"template":"","format":"standard","meta":{"_monsterinsights_skip_tracking":false,"_monsterinsights_sitenote_active":false,"_monsterinsights_sitenote_note":"","_monsterinsights_sitenote_category":0,"jetpack_post_was_ever_published":false,"_jetpack_newsletter_access":"","_jetpack_dont_email_post_to_subs":false,"_jetpack_newsletter_tier_id":0,"_jetpack_memberships_contains_paywalled_content":false,"_jetpack_memberships_contains_paid_content":false,"footnotes":"","jetpack_publicize_message":"","jetpack_publicize_feature_enabled":true,"jetpack_social_post_already_shared":true,"jetpack_social_options":{"image_generator_settings":{"template":"highway","default_image_id":0,"font":"","enabled":false},"version":2},"_wpas_customize_per_network":false},"categories":[5210],"tags":[39,7500,10113],"class_list":["post-80636","post","type-post","status-publish","format-standard","has-post-thumbnail","hentry","category-politica-nacional","tag-carlos-selva","tag-diputado-nacional","tag-politica-nacional","generate-columns","tablet-grid-50","mobile-grid-100","grid-parent","grid-50"],"jetpack_publicize_connections":[],"jetpack_featured_media_url":"https:\/\/www.hoymercedes.com.ar\/principal\/wp-content\/uploads\/2018\/09\/04-selvatena.jpg","wps_subtitle":"","jetpack_sharing_enabled":true,"_links":{"self":[{"href":"https:\/\/www.hoymercedes.com.ar\/principal\/wp-json\/wp\/v2\/posts\/80636","targetHints":{"allow":["GET"]}}],"collection":[{"href":"https:\/\/www.hoymercedes.com.ar\/principal\/wp-json\/wp\/v2\/posts"}],"about":[{"href":"https:\/\/www.hoymercedes.com.ar\/principal\/wp-json\/wp\/v2\/types\/post"}],"author":[{"embeddable":true,"href":"https:\/\/www.hoymercedes.com.ar\/principal\/wp-json\/wp\/v2\/users\/1"}],"replies":[{"embeddable":true,"href":"https:\/\/www.hoymercedes.com.ar\/principal\/wp-json\/wp\/v2\/comments?post=80636"}],"version-history":[{"count":0,"href":"https:\/\/www.hoymercedes.com.ar\/principal\/wp-json\/wp\/v2\/posts\/80636\/revisions"}],"wp:featuredmedia":[{"embeddable":true,"href":"https:\/\/www.hoymercedes.com.ar\/principal\/wp-json\/wp\/v2\/media\/80637"}],"wp:attachment":[{"href":"https:\/\/www.hoymercedes.com.ar\/principal\/wp-json\/wp\/v2\/media?parent=80636"}],"wp:term":[{"taxonomy":"category","embeddable":true,"href":"https:\/\/www.hoymercedes.com.ar\/principal\/wp-json\/wp\/v2\/categories?post=80636"},{"taxonomy":"post_tag","embeddable":true,"href":"https:\/\/www.hoymercedes.com.ar\/principal\/wp-json\/wp\/v2\/tags?post=80636"}],"curies":[{"name":"wp","href":"https:\/\/api.w.org\/{rel}","templated":true}]}}